{"id":121792,"date":"2025-11-27T21:03:19","date_gmt":"2025-11-27T21:03:19","guid":{"rendered":"https:\/\/www.europesays.com\/pl\/121792\/"},"modified":"2025-11-27T21:03:19","modified_gmt":"2025-11-27T21:03:19","slug":"czern-dominowala-dopoki-nie-weszla-rozenek-w-bieli-wygladala-oblednie","status":"publish","type":"post","link":"https:\/\/www.europesays.com\/pl\/121792\/","title":{"rendered":"Czer\u0144 dominowa\u0142a, dop\u00f3ki nie wesz\u0142a Rozenek. W bieli wygl\u0105da\u0142a ob\u0142\u0119dnie"},"content":{"rendered":"<p class=\"ods-c-paragraph \">Premiera magazynu &#8222;GQ Polska&#8221; zgromadzi\u0142a liczne grono gwiazd. W\u015br\u00f3d go\u015bci mo\u017cna by\u0142o dostrzec Joann\u0119 Opozd\u0119, Dorot\u0119 Szel\u0105gowsk\u0105, Dorot\u0119 Goldpoint, Martyn\u0119 Wojciechowsk\u0105, Jessic\u0119 Mercedes i Agnieszk\u0119 Wo\u017aniak-Starak. Wiecz\u00f3r prowadzi\u0142 Olivier Janiak, debiutuj\u0105cy w roli redaktora naczelnego magazynu.<\/p>\n<p>Dalszy ci\u0105g artyku\u0142u pod materia\u0142em wideo<\/p>\n<p> Jakie kolory dominowa\u0142y na premierze magazynu 'GQ Polska&#8217;? <\/p>\n<p> Kto prowadzi\u0142 wydarzenie? <\/p>\n<p> Jakie gwiazdy by\u0142y obecne na premierze? <\/p>\n<p> Co wyr\u00f3\u017cnia\u0142o stylizacj\u0119 Ma\u0142gorzaty Rozenek-Majdan? <\/p>\n<p>  Premiera magazynu &#8222;GQ Polska&#8221;. Ma\u0142gorzata Rozenek-Majdan zachwyci\u0142a w bieli<\/p>\n<p class=\"ods-c-paragraph \">Oczywi\u015bcie nie mog\u0142o zabrakn\u0105\u0107 tak\u017ce <a href=\"https:\/\/plejada.pl\/malgorzata-rozenek-majdan-dziennikarka\" id=\"df6f67d4-0974-4737-b2d8-7ed85f3a70a8\" rel=\"nofollow noopener\" target=\"_blank\">Ma\u0142gorzaty Rozenek-Majdan<\/a>, kt\u00f3ra pojawi\u0142a si\u0119 na czerwonym dywanie razem z m\u0119\u017cem. Tego wieczoru by\u0142a prowadz\u0105ca &#8222;Dzie\u0144 dobry TVN&#8221; zdecydowa\u0142a si\u0119 na jasn\u0105, minimalistyczn\u0105 stylizacj\u0119 \u2014 bia\u0142e spodnie, p\u0142aszcz i delikatne dodatki sprawi\u0142y, \u017ce wyr\u00f3\u017cnia\u0142a si\u0119 na tle czarnych, wieczorowych kreacji pozosta\u0142ych go\u015bci.<\/p>\n<blockquote class=\"ods-o-quota\">\n<p class=\"ods-o-quota__paragraph\">Jak wida\u0107, dress code na dzisiejszy wiecz\u00f3r to all black<\/p>\n<\/blockquote>\n<p class=\"ods-c-paragraph \">\u2014 za\u017cartowa\u0142a na Instagramie, nawi\u0105zuj\u0105c do faktu, \u017ce jako jedna z nielicznych wy\u0142ama\u0142a si\u0119 ze schematu i postawi\u0142a na biel.<\/p>\n<p><img decoding=\"async\" src=\"https:\/\/www.europesays.com\/pl\/wp-content\/uploads\/2025\/11\/W1jk9lBaHR0cHM6Ly9vY2RuLmV1L3B1bHNjbXMvTURBXy85NDIzYWVmNDk1NzBiMDg0ZmMxZGQ0YjYzMjY1OWNlOS5wbmeSlQMAA.jpeg\" height=\"529\" width=\"940\" alt=\"Ma\u0142gorzata Rozenek-Majdan i Rados\u0142aw Majdan\" loading=\"lazy\" class=\"ods-c-image__img ods-c-image__img--vertical\"\/><\/p>\n<p>Ma\u0142gorzata Rozenek-Majdan i Rados\u0142aw MajdanMa\u0142gorzata Rozenek, m_rozenek\/Instagram \/ Instagram<\/p>\n<p> <img decoding=\"async\" src=\"https:\/\/www.europesays.com\/pl\/wp-content\/uploads\/2025\/11\/OgGk9lBaHR0cHM6Ly9vY2RuLmV1L3B1bHNjbXMvTURBXy8xODIzYmJkNWMxNmY1MmQxMzY3NWZmY2Y3ZTBjNmUxNi5wbmeRlQLNA.jpeg\" height=\"529\" width=\"940\" alt=\"Ma\u0142gorzata Rozenek-Majdan\" loading=\"lazy\" class=\"ods-c-image__img ods-c-image__img--vertical\"\/><\/p>\n<p>Ma\u0142gorzata Rozenek-MajdanMa\u0142gorzata Rozenek, m_rozenek\/Instagram \/ Instagram<\/p>\n<p> <img decoding=\"async\" src=\"https:\/\/www.europesays.com\/pl\/wp-content\/uploads\/2025\/11\/wC4k9lBaHR0cHM6Ly9vY2RuLmV1L3B1bHNjbXMvTURBXy81ZTliNmFjYzBiNjViMzIxZTBiNzY1OTA5ZmVmZGJlOC5wbmeRlQLNA.jpeg\" height=\"529\" width=\"940\" alt=\"Ma\u0142gorzata Rozenek-Majdan\" loading=\"lazy\" class=\"ods-c-image__img ods-c-image__img--vertical\"\/><\/p>\n<p>Ma\u0142gorzata Rozenek-MajdanMa\u0142gorzata Rozenek, m_rozenek\/Instagram \/ Instagram<\/p>\n<p class=\"ods-c-paragraph \">Dzi\u0119kujemy, \u017ce przeczyta\u0142a\u015b\/e\u015b nasz artyku\u0142 do ko\u0144ca. W serwisie Plejada.pl ka\u017cdego dnia piszemy o najwa\u017cniejszych wydarzeniach show-biznesowych. B\u0105d\u017a na bie\u017c\u0105co! <a rel=\"nofollow noopener\" href=\"https:\/\/news.google.com\/publications\/CAAiEF0PeAlb7W1llpV_mwV2rL4qFAgKIhBdD3gJW-1tZZaVf5sFdqy-?hl=pl&amp;gl=PL&amp;ceid=PL%3Apl\" id=\"dc76f811-124d-4391-ba4d-12895a4d24b1\" target=\"_blank\">Obserwuj<\/a> Plejad\u0119 w Wiadomo\u015bciach Google. Odwied\u017a nas tak\u017ce na <a rel=\"nofollow noopener\" href=\"https:\/\/www.facebook.com\/plejadapl\" id=\"6879bd70-f932-4d91-bf82-d536ff83a412\" target=\"_blank\">Facebooku<\/a>, <a rel=\"nofollow noopener\" href=\"https:\/\/www.instagram.com\/plejadapl\/\" id=\"ba883a02-0bad-4dda-abca-c263e29a874f\" target=\"_blank\">Instagramie<\/a>, <a rel=\"nofollow noopener\" href=\"https:\/\/www.youtube.com\/c\/plejada\" id=\"1d15f332-1879-4014-9226-b0e6b5c6bc59\" target=\"_blank\">YouTubie<\/a> oraz <a rel=\"nofollow noopener\" href=\"https:\/\/www.tiktok.com\/@plejada_pl\" id=\"b18d0889-1a90-4825-8fbe-9fdc5903fe1d\" target=\"_blank\">TikToku<\/a>.<\/p>\n<p class=\"ods-c-paragraph \">Chcesz podzieli\u0107 si\u0119 ciekawym newsem lub zaproponowa\u0107 temat? Skontaktuj si\u0119 z nami, pisz\u0105c maila na adres: <a rel=\"nofollow noopener\" href=\"https:\/\/plejada.pl\/newsy\/czern-dominowala-dopoki-nie-weszla-rozenek-w-bieli-wygladala-oblednie\/mailto:plejada@redakcjaonet.pl\" id=\"387e04aa-6eee-414f-9982-92fff5a657a4\" target=\"_blank\">plejada@redakcjaon<\/a><a rel=\"nofollow noopener\" href=\"https:\/\/et.pl\/\" id=\"dac5f70e-f85b-4f6d-9270-c58cb432ca2b\" target=\"_blank\">et.pl<\/a>.<\/p>\n<p><script async src=\"\/\/www.instagram.com\/embed.js\"><\/script><script async src=\"\/\/www.tiktok.com\/embed.js\"><\/script><\/p>\n","protected":false},"excerpt":{"rendered":"Premiera magazynu &#8222;GQ Polska&#8221; zgromadzi\u0142a liczne grono gwiazd. W\u015br\u00f3d go\u015bci mo\u017cna by\u0142o dostrzec Joann\u0119 Opozd\u0119, Dorot\u0119 Szel\u0105gowsk\u0105, Dorot\u0119&hellip;\n","protected":false},"author":2,"featured_media":121793,"comment_status":"","ping_status":"","sticky":false,"template":"","format":"standard","meta":{"footnotes":""},"categories":[22],"tags":[122,5221,48,125,46,42,38,40,39,41,7515,123,47],"class_list":{"0":"post-121792","1":"post","2":"type-post","3":"status-publish","4":"format-standard","5":"has-post-thumbnail","7":"category-rozrywka","8":"tag-entertainment","9":"tag-malgorzata_rozenek_majdan","10":"tag-nat_styl","11":"tag-newsy","12":"tag-omp","13":"tag-pl","14":"tag-poland","15":"tag-polish","16":"tag-polska","17":"tag-polski","18":"tag-radoslaw_majdan","19":"tag-rozrywka","20":"tag-screening_general"},"share_on_mastodon":{"url":"https:\/\/pubeurope.com\/@pl\/115623691173334224","error":""},"_links":{"self":[{"href":"https:\/\/www.europesays.com\/pl\/wp-json\/wp\/v2\/posts\/121792","targetHints":{"allow":["GET"]}}],"collection":[{"href":"https:\/\/www.europesays.com\/pl\/wp-json\/wp\/v2\/posts"}],"about":[{"href":"https:\/\/www.europesays.com\/pl\/wp-json\/wp\/v2\/types\/post"}],"author":[{"embeddable":true,"href":"https:\/\/www.europesays.com\/pl\/wp-json\/wp\/v2\/users\/2"}],"replies":[{"embeddable":true,"href":"https:\/\/www.europesays.com\/pl\/wp-json\/wp\/v2\/comments?post=121792"}],"version-history":[{"count":0,"href":"https:\/\/www.europesays.com\/pl\/wp-json\/wp\/v2\/posts\/121792\/revisions"}],"wp:featuredmedia":[{"embeddable":true,"href":"https:\/\/www.europesays.com\/pl\/wp-json\/wp\/v2\/media\/121793"}],"wp:attachment":[{"href":"https:\/\/www.europesays.com\/pl\/wp-json\/wp\/v2\/media?parent=121792"}],"wp:term":[{"taxonomy":"category","embeddable":true,"href":"https:\/\/www.europesays.com\/pl\/wp-json\/wp\/v2\/categories?post=121792"},{"taxonomy":"post_tag","embeddable":true,"href":"https:\/\/www.europesays.com\/pl\/wp-json\/wp\/v2\/tags?post=121792"}],"curies":[{"name":"wp","href":"https:\/\/api.w.org\/{rel}","templated":true}]}}