{"id":121796,"date":"2025-11-27T21:05:21","date_gmt":"2025-11-27T21:05:21","guid":{"rendered":"https:\/\/www.europesays.com\/pl\/121796\/"},"modified":"2025-11-27T21:05:21","modified_gmt":"2025-11-27T21:05:21","slug":"glowny-akcjonariusz-sprzedal-czesc-akcji-murapolu-i-zamierza-sprzedac-jeszcze-wiecej-puls-biznesu","status":"publish","type":"post","link":"https:\/\/www.europesays.com\/pl\/121796\/","title":{"rendered":"G\u0142\u00f3wny akcjonariusz sprzeda\u0142 cz\u0119\u015b\u0107 akcji Murapolu. I zamierza sprzeda\u0107 jeszcze wi\u0119cej &#8211; Puls Biznesu"},"content":{"rendered":"<p data-block-key=\"mgow1\">W \u015brod\u0119 po sesji wehiku\u0142 inwestycyjny AEREF V PL, nale\u017c\u0105cy do funduszu Ares, kt\u00f3ry posiada 43 proc. akcji dewelopera, sprzeda\u0142 pakiet 2,2 mln akcji (5,5 proc. kapita\u0142u) po cenie jednostkowej 39 z\u0142, czyli 1,5 proc. wy\u017cszej ni\u017c cena zamkni\u0119cia sesji.<\/p>\n<p data-block-key=\"fplu1\">Stron\u0105 kupuj\u0105c\u0105 by\u0142a sp\u00f3\u0142ka Hampont, mniejszo\u015bciowy akcjonariusz dewelopera, powi\u0105zana z m.in. Maciejem Dyjasem, zasiadaj\u0105cym w radzie nadzorczej Murapolu. Przed transakcj\u0105 Hampont mia\u0142 7,5 proc. akcji.<\/p>\n<p>ABB nie mo\u017cna wykluczy\u0107<\/p>\n<p data-block-key=\"5lnoo\">Nie jest to pierwsza transakcja w tym roku mi\u0119dzy tymi dwoma akcjonariuszami. 12 czerwca AEREF sprzeda\u0142 Hampontowi 1,02 mln akcji r\u00f3wnie\u017c po cenie 39 z\u0142, co w\u00f3wczas oznacza\u0142o 5-procentowe dyskonto wobec ceny rynkowej. Kwota transakcji wynios\u0142a prawie 40 mln z\u0142.<\/p>\n<p data-block-key=\"60me3\"><a href=\"https:\/\/www.pb.pl\/akcjonariusz-murapolu-sprzedal-20-proc-akcji-za-310-mln-zl-1242270\" rel=\"nofollow noopener\" target=\"_blank\">Prawie trzy razy tyle, bo 310 mln z\u0142, fundusz zainkasowa\u0142 w maju, sprzedaj\u0105c akcje w ABB<\/a> (procesie przyspieszonej budowy ksiegi popytu). W\u00f3wczas w\u0142a\u015bciciela zmieni\u0142o 20 proc. akcji, a cena wynios\u0142a 38 z\u0142 za walor (12 proc. poni\u017cej rynkowej). Fundusz zobowi\u0105za\u0142 si\u0119 wtedy, \u017ce nie b\u0119dzie zmniejsza\u0142 zaanga\u017cowania w sp\u00f3\u0142k\u0119 przez kolejne 180 dni. Tzw. lock-up niedawno wygas\u0142.<\/p>\n<p data-block-key=\"93lw0\">Do takiego poziomu spad\u0142 udzia\u0142 funduszu private equity Ares w akcjonariacie Murapolu.<\/p>\n<p data-block-key=\"fp720\">Otworzy\u0142o to drog\u0119 do zaoferowania kolejnego pakietu. Chodzi w sumie 18 proc. akcji, z czego 10 proc. inwestorom bior\u0105cym udzia\u0142 w budowie ksi\u0119gi popytu, a 8 proc. &#8211; Hampontowi i inwestorowi powi\u0105zanemu z t\u0105 sp\u00f3\u0142k\u0105.<\/p>\n<p data-block-key=\"1doup\">Zastrze\u017cono mo\u017cliwo\u015b\u0107 zwi\u0119kszenia liczby sprzedawanych akcji.<\/p>\n<p data-block-key=\"2u3ad\">Po transakcji udzia\u0142 Aresu spadnie do oko\u0142o 19,65 proc. Intencj\u0105 Hampontu i inwestora z nim powi\u0105zanego jest nabycie nabycie jeszcze co najmniej 10 proc., ale nie wcze\u015bniej ni\u017c 1 kwietnia 2026 r.<\/p>\n<p>Wyniki Murapolu posz\u0142y w d\u00f3\u0142<\/p>\n<p data-block-key=\"bf82l\">W ci\u0105gu trzech kwarta\u0142\u00f3w 2025 r. Murapol przekaza\u0142 klientom ponad 1,3 tys. mieszka\u0144 w 14 miastach. To o 20,7 proc. mniej ni\u017c rok wcze\u015bniej, <a href=\"https:\/\/www.pb.pl\/murapol-sprzedal-w-iii-kwartale-734-mieszkania-do-calorocznego-celu-jeszcze-daleko-1250038?prev=https%3A%2F%2Fnotowania.pb.pl%2Finstrument%2FPLMURPL00190%2Fmurapol\" rel=\"nofollow noopener\" target=\"_blank\">a celem na 2025 r. jest przekazanie 3,1-3,3 tys. mieszka\u0144<\/a>. Przychody ze sprzeda\u017cy sp\u00f3\u0142ki wynios\u0142y 725,8 mln z\u0142 (spadek o 7,7 proc. r\/r), a zysk netto &#8211; 124,8 mln z\u0142 (spadek o 5,3 proc. r\/r). 6 listopada zarz\u0105d podj\u0105\u0142 decyzj\u0119 o wyp\u0142acie akcjonariuszom zaliczki na poczet dywidendy za 2025 r. Jej \u0142\u0105czna warto\u015b\u0107 wyniesie 119,952 mln z\u0142, co przek\u0142ada si\u0119 na 2,94 z\u0142 na jedn\u0105 akcj\u0119.<\/p>\n<p id=\"stock-chart-MUR-3M\">\n    <a href=\"https:\/\/notowania.pb.pl\/instrument\/PLMURPL00190\/murapol\" target=\"_blank\" title=\"MURAPOL\" rel=\"nofollow noopener\"><br \/>\n        <img decoding=\"async\" style=\"display:block;margin-left:auto;margin-right:auto\" src=\"https:\/\/www.europesays.com\/pl\/wp-content\/uploads\/2025\/11\/daily_MUR.png\"\/><br \/>\n    <\/a><\/p>\n","protected":false},"excerpt":{"rendered":"W \u015brod\u0119 po sesji wehiku\u0142 inwestycyjny AEREF V PL, nale\u017c\u0105cy do funduszu Ares, kt\u00f3ry posiada 43 proc. akcji&hellip;\n","protected":false},"author":2,"featured_media":121797,"comment_status":"","ping_status":"","sticky":false,"template":"","format":"standard","meta":{"footnotes":""},"categories":[16],"tags":[113,112,42,38,40,39,41],"class_list":{"0":"post-121796","1":"post","2":"type-post","3":"status-publish","4":"format-standard","5":"has-post-thumbnail","7":"category-biznes","8":"tag-biznes","9":"tag-business","10":"tag-pl","11":"tag-poland","12":"tag-polish","13":"tag-polska","14":"tag-polski"},"share_on_mastodon":{"url":"https:\/\/pubeurope.com\/@pl\/115623698344775466","error":""},"_links":{"self":[{"href":"https:\/\/www.europesays.com\/pl\/wp-json\/wp\/v2\/posts\/121796","targetHints":{"allow":["GET"]}}],"collection":[{"href":"https:\/\/www.europesays.com\/pl\/wp-json\/wp\/v2\/posts"}],"about":[{"href":"https:\/\/www.europesays.com\/pl\/wp-json\/wp\/v2\/types\/post"}],"author":[{"embeddable":true,"href":"https:\/\/www.europesays.com\/pl\/wp-json\/wp\/v2\/users\/2"}],"replies":[{"embeddable":true,"href":"https:\/\/www.europesays.com\/pl\/wp-json\/wp\/v2\/comments?post=121796"}],"version-history":[{"count":0,"href":"https:\/\/www.europesays.com\/pl\/wp-json\/wp\/v2\/posts\/121796\/revisions"}],"wp:featuredmedia":[{"embeddable":true,"href":"https:\/\/www.europesays.com\/pl\/wp-json\/wp\/v2\/media\/121797"}],"wp:attachment":[{"href":"https:\/\/www.europesays.com\/pl\/wp-json\/wp\/v2\/media?parent=121796"}],"wp:term":[{"taxonomy":"category","embeddable":true,"href":"https:\/\/www.europesays.com\/pl\/wp-json\/wp\/v2\/categories?post=121796"},{"taxonomy":"post_tag","embeddable":true,"href":"https:\/\/www.europesays.com\/pl\/wp-json\/wp\/v2\/tags?post=121796"}],"curies":[{"name":"wp","href":"https:\/\/api.w.org\/{rel}","templated":true}]}}