{"id":121798,"date":"2025-11-27T21:07:12","date_gmt":"2025-11-27T21:07:12","guid":{"rendered":"https:\/\/www.europesays.com\/pl\/121798\/"},"modified":"2025-11-27T21:07:12","modified_gmt":"2025-11-27T21:07:12","slug":"bedzie-nowy-podatek-jestesmy-zdeterminowani-uderzy-w-wielu-polakow","status":"publish","type":"post","link":"https:\/\/www.europesays.com\/pl\/121798\/","title":{"rendered":"B\u0119dzie nowy podatek? &#8222;Jeste\u015bmy zdeterminowani&#8221;. Uderzy w wielu Polak\u00f3w"},"content":{"rendered":"\n<p>Lewica <a href=\"https:\/\/www.money.pl\/gospodarka\/podatek-katastralny-w-polsce-oto-plan-lewicy-7225949623409216a.html\" rel=\"noopener noreferrer nofollow\" target=\"_blank\">chcia\u0142aby wprowadzenia podatku katastralnego<\/a>, kt\u00f3ry mia\u0142by dotyczy\u0107 w\u0142a\u015bcicieli co najmniej trzech nieruchomo\u015bci. Wed\u0142ug ustale\u0144 RMF FM projekt ustawy, nad kt\u00f3rym pracuje wiceminister gospodarki Tomasz Lewandowski, zostanie z\u0142o\u017cony w\u00a0grudniu jako inicjatywa poselska.<\/p>\n<p class=\"ql-indent-1\">&#8211; Minister Lewandowski pracuje nad podatkiem katastralnym &#8211;\u00a0potwierdza money.pl Tomasz Trela z\u00a0Lewicy. &#8211;\u00a0Mieli\u015bmy dwa posiedzenia klubu parlamentarnego, wymieniali\u015bmy si\u0119 pogl\u0105dami i\u00a0czekamy na przedstawienie ca\u0142o\u015bci projektu. Najwi\u0119kszym problemem jest brak og\u00f3lnopolskiego rejestru nieruchomo\u015bci, gdzie podane by\u0142yby warto\u015bci nieruchomo\u015bci, od kt\u00f3rych nale\u017cy zap\u0142aci\u0107 podatek. Minister pomy\u015bli, w\u00a0jaki spos\u00f3b to rozwi\u0105za\u0107 &#8211;\u00a0t\u0142umaczy polityk, zaznacza przy tym, \u017ce nie wypowiada si\u0119 w\u00a0imieniu ca\u0142ego klubu.<\/p>\n<p>Podatek katastralny ma by\u0107 now\u0105 form\u0105 daniny od nieruchomo\u015bci, kt\u00f3rej wysoko\u015b\u0107 zwykle wynosi od 1\u00a0do 2\u00a0proc. warto\u015bci mieszkania, cho\u0107 szczeg\u00f3\u0142y dotycz\u0105ce konkretnej kwoty nowego podatku nie zosta\u0142y jeszcze ujawnione.<\/p>\n<p> <img role=\"presentation\" class=\"absolute left-1\/2 top-1\/2 max-h-[80%] max-w-[100px] -translate-x-1\/2 -translate-y-1\/2\" src=\"https:\/\/v.wpimg.pl\/ZXJfd3AudTkrBBIAbg54LGhcRlAxHQUrPgJGH2MAeGJoSQ1eIBI_K2UHAEVuBTY5KQMMXC0RPyoVERQdMgM9ejc\" loading=\"lazy\" decoding=\"async\"\/><\/p>\n<p>Student mo\u017ce u\u017cywa\u0107 AI? Wyk\u0142adowca o\u00a0zagro\u017ceniach <\/p>\n<p>Pose\u0142 Trela zaznacza, \u017ce mo\u017cliwe jest r\u00f3wnie\u017c wprowadzenie podatku od czwartego mieszkania, ale wszystko zale\u017cy od decyzji podj\u0119tej przez klub Lewicy.  <\/p>\n<p>&#8211; Mam trzy mieszkania, ale nie oznacza to, \u017ce chc\u0119 unikn\u0105\u0107 podatku i\u00a0dlatego proponuj\u0119 wprowadzenie daniny od czwartego. Takich przepis\u00f3w nie ustawia si\u0119 pod jednego cz\u0142owieka. Je\u015bli klub zaproponuje, \u017ce podatek b\u0119dzie od drugiego czy trzeciego mieszkania, to niech tak b\u0119dzie. Jeste\u015bmy zdeterminowani, \u017ceby wprowadzi\u0107 to rozwi\u0105zanie &#8211;\u00a0dodaje Trela.<\/p>\n<p> <img role=\"presentation\" class=\"absolute left-1\/2 top-1\/2 max-h-[80%] max-w-[100px] -translate-x-1\/2 -translate-y-1\/2\" src=\"https:\/\/v.wpimg.pl\/ZXJfd3AudTkrBBIAbg54LGhcRlAxHQUrPgJGH2MAeGJoSQ1eIBI_K2UHAEVuBTY5KQMMXC0RPyoVERQdMgM9ejc\" loading=\"lazy\" decoding=\"async\"\/> <a href=\"https:\/\/www.money.pl\/gospodarka\/podatek-katastralny-w-polsce-ekonomisci-to-wlasciwy-kierunek-analiza-7154964335786496a.html\" class=\"teaser-inline\" rel=\"nofollow noopener\" target=\"_blank\">  <img decoding=\"async\" src=\"https:\/\/www.europesays.com\/pl\/wp-content\/uploads\/2025\/11\/YTJhMzY3djUrCjtJdkh7IGhSbxMwEXV2P0p3WHYCa2x6EGIcMF88Ji8YIlQ-QSwkKx89VClfdjU6AWIMaBw9PTkYIRsgHDw5KA0p.jpeg\" width=\"0\" height=\"0\" loading=\"lazy\" class=\"wp-media-image cropped\" alt=\"Podatek katastralny w Polsce? Ekonomi\u015bci: to w\u0142a\u015bciwy kierunek [ ANALIZA]\"\/><\/p>\n<p>Podatek katastralny w Polsce? Ekonomi\u015bci: to w\u0142a\u015bciwy kierunek [ ANALIZA]<\/p>\n<p><\/a><\/p>\n<p>Podatek od\u00a0wzbogacenia si\u0119? <\/p>\n<p>Tomasz B\u0142eszy\u0144ski, niezale\u017cny ekspert rynku nieruchomo\u015bci, ocenia jednak, \u017ce w\u00a0przypadku projektu Lewicy, kt\u00f3ry nadal jest w\u00a0powijakach, nie chodzi wcale o\u00a0kataster. Jego zdaniem to podatek od wzbogacenia si\u0119.<\/p>\n<blockquote class=\"ql-indent-1\"><p>Marsza\u0142ek si\u0119 zmieni\u0142 i\u00a0my\u015bl\u0105, \u017ce b\u0119d\u0105 mogli wszystko przepuszcza\u0107. A\u00a0zacznijmy od tego, \u017ce pos\u0142uguj\u0105 si\u0119 z\u0142ym nazewnictwem. Propozycja Lewicy to nie jest kataster, kt\u00f3ry jest podatkiem od warto\u015bci nieruchomo\u015bci. W\u00a0tym przypadku mowa jest o\u00a0podatku od wzbogacenia si\u0119, bo je\u015bli mam trzy mieszkania, to znaczy, \u017ce zap\u0142ac\u0119 jaki\u015b podatek. Zreszt\u0105, nie wiemy, czy podatek mia\u0142by by\u0107 liczony od poszczeg\u00f3lnego mieszkania, ceny zakupu czy ceny rynkowej &#8211;\u00a0komentuje B\u0142eszy\u0144ski.<\/p><\/blockquote>\n<p> <img role=\"presentation\" class=\"absolute left-1\/2 top-1\/2 max-h-[80%] max-w-[100px] -translate-x-1\/2 -translate-y-1\/2\" src=\"https:\/\/v.wpimg.pl\/ZXJfd3AudTkrBBIAbg54LGhcRlAxHQUrPgJGH2MAeGJoSQ1eIBI_K2UHAEVuBTY5KQMMXC0RPyoVERQdMgM9ejc\" loading=\"lazy\" decoding=\"async\"\/> <\/p>\n<p>Nasz rozm\u00f3wca zastanawia si\u0119 te\u017c, czy podatek zosta\u0142by na\u0142o\u017cony na najta\u0144sze, czy najdro\u017csze mieszkanie oraz czy by\u0142by to podatek miesi\u0119czny czy roczny. &#8211;\u00a0To jest marketing polityczny i\u00a0budowanie narracji w\u00a0oparciu o\u00a0znikom\u0105 warto\u015b\u0107 merytoryczn\u0105. Co do zasady jestem gor\u0105cym zwolennikiem zamiany podatku od nieruchomo\u015bci na podatek od warto\u015bci, czyli na kataster. To jednak by\u0142aby rewolucja. Tutaj ad hoc kto\u015b chce wprowadzi\u0107 now\u0105 danin\u0119 od trzeciego mieszkania &#8211;\u00a0ocenia.<\/p>\n<p>&#8211; Kto by\u0142by jego poborc\u0105? Urz\u0119dy skarbowe czy gminy, kt\u00f3re pobieraj\u0105 podatek od nieruchomo\u015bci? Czy obywatele b\u0119d\u0105 sk\u0142ada\u0107 o\u015bwiadczenia maj\u0105tkowe, \u017ce maj\u0105 cztery mieszkania i\u00a0zap\u0142ac\u0105 rzeczoznawcy za wycen\u0119 czy wpisz\u0105 do o\u015bwiadczenia maj\u0105tkowego, co chc\u0105 tak jak pos\u0142owie? &#8211;\u00a0stawia pytania B\u0142eszy\u0144ski.<\/p>\n<p>T\u0142umaczy, \u017ce w\u00a0przypadku katastru nale\u017ca\u0142oby wprowadzi\u0107 tabele taksacyjne z\u00a0ustalonymi warto\u015bciami.<\/p>\n<p> <img role=\"presentation\" class=\"absolute left-1\/2 top-1\/2 max-h-[80%] max-w-[100px] -translate-x-1\/2 -translate-y-1\/2\" src=\"https:\/\/v.wpimg.pl\/ZXJfd3AudTkrBBIAbg54LGhcRlAxHQUrPgJGH2MAeGJoSQ1eIBI_K2UHAEVuBTY5KQMMXC0RPyoVERQdMgM9ejc\" loading=\"lazy\" decoding=\"async\"\/> <a href=\"https:\/\/www.money.pl\/gospodarka\/posel-ko-mowi-nie-podatkowi-katastralnemu-sam-posiada-12-mieszkan-7133558521248256a.html\" class=\"teaser-inline\" rel=\"nofollow noopener\" target=\"_blank\">  <img decoding=\"async\" src=\"https:\/\/www.europesays.com\/pl\/wp-content\/uploads\/2025\/11\/MjZkMzY1Ygs7CTtJdkpvHnhRbxMwE2FIL0l3WHYAf1JqE2IcMF0oGD8bIlQ-QzgaOxw9VCldYgsqAmIMaB4pAykbIRsgHigHOA4p.jpeg\" width=\"0\" height=\"0\" loading=\"lazy\" class=\"wp-media-image cropped\" alt=\"Pose\u0142 KO m\u00f3wi &quot;nie&quot; podatkowi katastralnemu. Sam posiada 12 mieszka\u0144\"\/><\/p>\n<p>Pose\u0142 KO m\u00f3wi &#8222;nie&#8221; podatkowi katastralnemu. Sam posiada 12 mieszka\u0144<\/p>\n<p><\/a><\/p>\n<p>Podatek dla mieszka\u0144 na\u00a0wynajem? <\/p>\n<p>Maciej Kikta z\u00a0Expandera zwraca uwag\u0119, \u017ce nie ma w\u00a0Polsce rejestru nieruchomo\u015bci, a\u00a0stworzenie go mo\u017ce potrwa\u0107 10 lat. To mo\u017ce jednak ulec zmianie, gdy w\u00a0\u017cycie wejdzie <a href=\"https:\/\/www.money.pl\/gospodarka\/jawnosc-cen-mieszkan-i-domow-tak-ma-dzialac-portal-dom-7198824206650304a.html\" rel=\"noopener noreferrer nofollow\" target=\"_blank\">portal DOM tworzony przez Ubezpieczeniowy Fundusz Gwarancyjny.<\/a> Ma gromadzi\u0107 i\u00a0przetwarza\u0107 dane dotycz\u0105ce obrotu lokalami mieszkalnymi i\u00a0domami jednorodzinnymi. Ma ruszy\u0107 najwcze\u015bniej w\u00a02027 r.<\/p>\n<p>&#8211; Je\u015bli w\u0142a\u015bciciele mieszka\u0144 b\u0119d\u0105 zmuszeni sami przedstawi\u0107 wycen\u0119 nieruchomo\u015bci, to ustawodawca przerzuci na nich koszty rzeczoznawcy. Nie wyobra\u017cam sobie, \u017ceby ministerstwo zatrudni\u0142o tysi\u0105ce rzeczoznawc\u00f3w je\u017cd\u017c\u0105cych po kraju i\u00a0wycenia\u0142o nawet drewnian\u0105 chatk\u0119 w\u00a0Bieszczadach &#8211;\u00a0m\u00f3wi Kikta. Przewiduje, \u017ce cz\u0119\u015b\u0107 Polak\u00f3w mo\u017ce przepisywa\u0107 nieruchomo\u015bci na najbli\u017cszych, \u017ceby unikn\u0105\u0107 podatku.<\/p>\n<p> <img role=\"presentation\" class=\"absolute left-1\/2 top-1\/2 max-h-[80%] max-w-[100px] -translate-x-1\/2 -translate-y-1\/2\" src=\"https:\/\/v.wpimg.pl\/ZXJfd3AudTkrBBIAbg54LGhcRlAxHQUrPgJGH2MAeGJoSQ1eIBI_K2UHAEVuBTY5KQMMXC0RPyoVERQdMgM9ejc\" loading=\"lazy\" decoding=\"async\"\/> <a href=\"https:\/\/www.money.pl\/gospodarka\/portal-dom-na-biurku-prezydenta-od-ponad-dwoch-tygodni-zbliza-sie-termin-rynek-w-napieciu-7225709185817120a.html\" class=\"teaser-inline\" rel=\"nofollow noopener\" target=\"_blank\">  <img decoding=\"async\" src=\"https:\/\/www.europesays.com\/pl\/wp-content\/uploads\/2025\/11\/ZmIxNGUydQwoGjh0egJ4GWtCbC48W3ZPPFp0ZXpIaFV5AGEhPBU_HywIIWkyCy8dKA8-aSUVdQw5EWExZFY-BDoIIiYsVj8AKx0q.jpeg\" width=\"0\" height=\"0\" loading=\"lazy\" class=\"wp-media-image cropped\" alt=\"Portal DOM na\u00a0biurku prezydenta od ponad dw\u00f3ch tygodni. Zbli\u017ca si\u0119 termin. Rynek w napi\u0119ciu\"\/><\/p>\n<p>Portal DOM na\u00a0biurku prezydenta od ponad dw\u00f3ch tygodni. Zbli\u017ca si\u0119 termin. Rynek w napi\u0119ciu<\/p>\n<p><\/a> <\/p>\n<p>Nasi rozm\u00f3wcy zgodnie oceniaj\u0105, \u017ce bez odpowiedniego rejestru nie da si\u0119 oszacowa\u0107 wp\u0142yw\u00f3w z\u00a0podatku do bud\u017cetu pa\u0144stwa. Pose\u0142 Trela m\u00f3wi, \u017ce te pieni\u0105dze maj\u0105 trafi\u0107 na budownictwo spo\u0142eczne.<\/p>\n<blockquote class=\"ql-indent-1\"><p>Pieni\u0105dze z\u00a0tego podatku przeznaczamy na budownictwo na wynajem, kt\u00f3re zasil\u0105 bud\u017cet w\u00a0kwocie X. Ta kwota idzie do innej kieszonki, z\u00a0kt\u00f3rej wspieramy samorz\u0105dy. Je\u015bli kto\u015b ma 10 mieszka\u0144, to fajnie, ale niech z\u00a0tego tytu\u0142u p\u0142aci podatek &#8211;\u00a0t\u0142umaczy polityk.<\/p><\/blockquote>\n<p> <img role=\"presentation\" class=\"absolute left-1\/2 top-1\/2 max-h-[80%] max-w-[100px] -translate-x-1\/2 -translate-y-1\/2\" src=\"https:\/\/v.wpimg.pl\/ZXJfd3AudTkrBBIAbg54LGhcRlAxHQUrPgJGH2MAeGJoSQ1eIBI_K2UHAEVuBTY5KQMMXC0RPyoVERQdMgM9ejc\" loading=\"lazy\" decoding=\"async\"\/> <\/p>\n<p>Maciej Kikta odpowiada na to, \u017ce rz\u0105d nadal nie wprowadzi\u0142 obiecanego programu tanich mieszka\u0144 na wynajem. W\u00a0dodatku uwa\u017ca, \u017ce &#8222;nie ma zbyt wielu os\u00f3b, kt\u00f3re posiadaj\u0105 trzy i\u00a0wi\u0119cej mieszkania&#8221;, wi\u0119c koszt programu tanich mieszka\u0144 &#8211;\u00a0jego zdaniem &#8211;\u00a0nie zostanie pokryty wp\u0142ywami z\u00a0podatku.<\/p>\n<p> <a href=\"https:\/\/www.money.pl\/gielda\/cpk-na-gielde-kataster-od-trzeciego-mieszkania-ministra-idzmy-droga-finow-7178947516967520a.html\" class=\"teaser-inline\" rel=\"nofollow noopener\" target=\"_blank\">  <img decoding=\"async\" src=\"https:\/\/www.europesays.com\/pl\/wp-content\/uploads\/2025\/11\/ZmMzMzkydQwsGDtJRAJ4GW9AbxMCW3ZPOFh3WERIaFV9AmIcAhU_HygKIlQMCy8dLA09VBsVdQw9E2IMWlY-BD4KIRsSVj8ALx8p.jpeg\" width=\"0\" height=\"0\" loading=\"lazy\" class=\"wp-media-image cropped\" alt=\"CPK na gie\u0142d\u0119. Kataster od trzeciego mieszkania. Ministra: id\u017amy drog\u0105 Fin\u00f3w\"\/><\/p>\n<p>CPK na gie\u0142d\u0119. Kataster od trzeciego mieszkania. Ministra: id\u017amy drog\u0105 Fin\u00f3w<\/p>\n<p><\/a><\/p>\n<p>Kataster nieunikniony. &#8222;Boj\u0105 si\u0119 o\u00a0sonda\u017ce&#8221; <\/p>\n<p>Gros ekspert\u00f3w uwa\u017ca jednak, \u017ce ucieczki od katastru nie ma. Kiedy\u015b pojawi si\u0119 w\u00a0Polsce, bo funkcjonuje ju\u017c w\u00a0krajach UE i\u00a0jego wprowadzenie sugeruje Mi\u0119dzynarodowy Fundusz Walutowy.<\/p>\n<p class=\"ql-indent-1\">&#8211; Wprowadzenie katastru znajduje si\u0119 w\u00a0regulacjach prawnych traktatu akcesyjnego UE. To wisi nad nami, ale \u017caden rz\u0105d nie pochyli\u0142 si\u0119 nad nim, bo boi si\u0119 o\u00a0sonda\u017ce. Paradoksalnie ci sami Polacy, kt\u00f3rzy w\u00a0kraju protestuj\u0105 przeciw katastrowi, kupuj\u0105c mieszkania np. w\u00a0Hiszpanii, bez opor\u00f3w p\u0142ac\u0105 tamtejszy podatek &#8211;\u00a0cz\u0119sto znacznie wy\u017cszy i\u00a0w\u00a0euro. W\u00a0Hiszpanii podatek katastralny wynosi \u015brednio od 300 do 1500 euro rocznie i\u00a0jest pobierany automatycznie przez gminy, cz\u0119sto bezpo\u015brednio z\u00a0konta bankowego w\u0142a\u015bciciela &#8211;\u00a0m\u00f3wi B\u0142eszy\u0144ski.<\/p>\n<p>Kikta dodaje, \u017ce Polacy &#8222;s\u0105 nieufni wzgl\u0119dem w\u0142adzy i\u00a0podatk\u00f3w&#8221;. &#8211;\u00a0Boj\u0105 si\u0119, \u017ce je\u015bli wejdzie podatek od czwartej nieruchomo\u015bci, to kolejny rz\u0105d wprowadzi go od drugiej czy trzeciej. Polacy odczuliby op\u0142aty od drugiego mieszkania, kt\u00f3re mog\u0105 dosta\u0107 w\u00a0spadku lub wystarczy, \u017ce para &#8222;zejdzie si\u0119&#8221; p\u00f3\u017ano i\u00a0ka\u017cdy ma swoje. Drugie mieszkanie nie musi \u015bwiadczy\u0107 o\u00a0bogactwie &#8211;\u00a0uwa\u017ca analityk Expandera.<\/p>\n<p>Nasz rozm\u00f3wca nie ukrywa jednak, \u017ce z\u00a0perspektywy szukaj\u0105cego pieni\u0119dzy rz\u0105du to dobre rozwi\u0105zanie. &#8211;\u00a0Wszyscy w\u00a0Europie tak robi\u0105 &#8211;\u00a0podkre\u015bla.<\/p>\n<p>Jednocze\u015bnie zak\u0142ada, \u017ce nowy podatek nie wp\u0142ynie diametralnie na wy\u017csze ceny wynajmu. Najcz\u0119\u015bciej w\u0142a\u015bciciele kilkunastu nieruchomo\u015bci przeznaczaj\u0105 je na wynajem kr\u00f3tkoterminowy za po\u015brednictwem platform Booking czy Airbnb. &#8211;\u00a0W\u0142a\u015bciciel m\u00f3g\u0142by przerzuci\u0107 cz\u0119\u015b\u0107 koszt\u00f3w na klienta, kt\u00f3ry zap\u0142aci 280 z\u0142 za noc zamiast 250 z\u0142. Jest to do prze\u0142kni\u0119cia &#8211;\u00a0uwa\u017ca Kikta.<\/p>\n<p> <a href=\"https:\/\/www.money.pl\/podatki\/widmo-podatku-katastralnego-krazy-nad-polska-tak-rozwiazali-to-w-innych-krajach-7154518347766688a.html\" class=\"teaser-inline\" rel=\"nofollow noopener\" target=\"_blank\">  <img decoding=\"async\" src=\"https:\/\/www.europesays.com\/pl\/wp-content\/uploads\/2025\/11\/MTlhY2QxYjUNCi8BfgNvIE5Se1s4WmF2GUpjEH5Jf2xcEHZUOBQoJgkYNhw2CjgkDR8pHCEUYjUcAXZEYFcpPR8YNVMoVyg5Dg09.jpeg\" width=\"0\" height=\"0\" loading=\"lazy\" class=\"wp-media-image cropped\" alt=\"Widmo podatku katastralnego kr\u0105\u017cy nad Polsk\u0105. Tak rozwi\u0105zali to w innych krajach\"\/><\/p>\n<p>Widmo podatku katastralnego kr\u0105\u017cy nad Polsk\u0105. Tak rozwi\u0105zali to w innych krajach<\/p>\n<p><\/a><\/p>\n<p>Polityczny zgrzyt? <\/p>\n<p>Z nieoficjalnych informacji uzyskanych przez money.pl wynika, \u017ce pos\u0142owie Koalicji Obywatelskiej byli zaskoczeni inicjatyw\u0105 Lewicy. Kataster to kolejny temat, kt\u00f3ry mo\u017ce por\u00f3\u017cni\u0107 koalicj\u0119 rz\u0105dz\u0105c\u0105.<\/p>\n<blockquote><p>Ta inicjatywa nie by\u0142a uzgadniania w\u00a0rz\u0105dzie, wi\u0119c zapewne b\u0119dzie to projekt poselski, a\u00a0nie rz\u0105dowy.\u00a0Trudno go jednak komentowa\u0107, je\u017celi nie znamy jeszcze szczeg\u00f3\u0142\u00f3w &#8211;\u00a0m\u00f3wi nam polityk Koalicji Obywatelskiej.<\/p><\/blockquote>\n<p><a href=\"https:\/\/www.money.pl\/podatki\/bedzie-nowy-podatek-w-polsce-rzecznik-rzadu-komentuje-7226270244752064a.html\" rel=\"noopener noreferrer nofollow\" target=\"_blank\">Rzecznik rz\u0105du Adam Sz\u0142apka skomentowa\u0142 w\u00a0czwartek rano na antenie TVN24<\/a>, \u017ce &#8222;to nie jest dobry moment na wprowadzenie tego typu podatku&#8221;. Mimo to Lewica spr\u00f3buje go przeforsowa\u0107.<\/p>\n<p> <a href=\"https:\/\/www.money.pl\/gospodarka\/podatek-katastralny-w-polsce-ekonomisci-to-wlasciwy-kierunek-analiza-7154964335786496a.html\" class=\"teaser-inline\" rel=\"nofollow noopener\" target=\"_blank\">  <img decoding=\"async\" src=\"https:\/\/www.europesays.com\/pl\/wp-content\/uploads\/2025\/11\/YTJhMzY3djUrCjtJdkh7IGhSbxMwEXV2P0p3WHYCa2x6EGIcMF88Ji8YIlQ-QSwkKx89VClfdjU6AWIMaBw9PTkYIRsgHDw5KA0p.jpeg\" width=\"0\" height=\"0\" loading=\"lazy\" class=\"wp-media-image cropped\" alt=\"Podatek katastralny w Polsce? Ekonomi\u015bci: to w\u0142a\u015bciwy kierunek [ ANALIZA]\"\/><\/p>\n<p>Podatek katastralny w Polsce? Ekonomi\u015bci: to w\u0142a\u015bciwy kierunek [ ANALIZA]<\/p>\n<p><\/a> <\/p>\n<p>&#8211; Nie ma \u017cadnego zgrzytu ani walki w\u00a0rz\u0105dzie. Jeste\u015bmy w\u00a0koalicji um\u00f3wieni, \u017ce popieramy rz\u0105dowe projekty, ale ka\u017cda partia ma suwerenno\u015b\u0107 w\u00a0przedstawianiu w\u0142asnych projekt\u00f3w i\u00a0dlatego b\u0119dziemy zabiega\u0107 o\u00a0g\u0142osy. Zostan\u0105 przeprowadzone konsultacje spo\u0142eczne, b\u0119d\u0105 komisje, modyfikacje i\u00a0zmiany. Nie b\u0119dziemy twardo sta\u0107 na swoim stanowisku, je\u015bli inny klub zaproponuje zmiany. Nie b\u0119dzie Rejtana (zdecydowanego protestu &#8211;\u00a0red.). B\u0119dziemy przekonywa\u0107 innych do swoich racji &#8211;\u00a0podsumowuje pose\u0142 Trela.<\/p>\n<p>Piotr Bera, dziennikarz money.pl<\/p>\n","protected":false},"excerpt":{"rendered":"Lewica chcia\u0142aby wprowadzenia podatku katastralnego, kt\u00f3ry mia\u0142by dotyczy\u0107 w\u0142a\u015bcicieli co najmniej trzech nieruchomo\u015bci. Wed\u0142ug ustale\u0144 RMF FM projekt&hellip;\n","protected":false},"author":2,"featured_media":121799,"comment_status":"","ping_status":"","sticky":false,"template":"","format":"standard","meta":{"footnotes":""},"categories":[12],"tags":[32,33,36,37,27,34,35,28,31,25,42,38,40,39,41,29,30,26],"class_list":{"0":"post-121798","1":"post","2":"type-post","3":"status-publish","4":"format-standard","5":"has-post-thumbnail","7":"category-polska","8":"tag-breaking-news","9":"tag-breakingnews","10":"tag-featured-news","11":"tag-featurednews","12":"tag-headlines","13":"tag-latest-news","14":"tag-latestnews","15":"tag-naglowki","16":"tag-najwazniejsze-artykuly","17":"tag-news","18":"tag-pl","19":"tag-poland","20":"tag-polish","21":"tag-polska","22":"tag-polski","23":"tag-top-stories","24":"tag-topstories","25":"tag-wiadomosci"},"share_on_mastodon":{"url":"https:\/\/pubeurope.com\/@pl\/115623706696299756","error":""},"_links":{"self":[{"href":"https:\/\/www.europesays.com\/pl\/wp-json\/wp\/v2\/posts\/121798","targetHints":{"allow":["GET"]}}],"collection":[{"href":"https:\/\/www.europesays.com\/pl\/wp-json\/wp\/v2\/posts"}],"about":[{"href":"https:\/\/www.europesays.com\/pl\/wp-json\/wp\/v2\/types\/post"}],"author":[{"embeddable":true,"href":"https:\/\/www.europesays.com\/pl\/wp-json\/wp\/v2\/users\/2"}],"replies":[{"embeddable":true,"href":"https:\/\/www.europesays.com\/pl\/wp-json\/wp\/v2\/comments?post=121798"}],"version-history":[{"count":0,"href":"https:\/\/www.europesays.com\/pl\/wp-json\/wp\/v2\/posts\/121798\/revisions"}],"wp:featuredmedia":[{"embeddable":true,"href":"https:\/\/www.europesays.com\/pl\/wp-json\/wp\/v2\/media\/121799"}],"wp:attachment":[{"href":"https:\/\/www.europesays.com\/pl\/wp-json\/wp\/v2\/media?parent=121798"}],"wp:term":[{"taxonomy":"category","embeddable":true,"href":"https:\/\/www.europesays.com\/pl\/wp-json\/wp\/v2\/categories?post=121798"},{"taxonomy":"post_tag","embeddable":true,"href":"https:\/\/www.europesays.com\/pl\/wp-json\/wp\/v2\/tags?post=121798"}],"curies":[{"name":"wp","href":"https:\/\/api.w.org\/{rel}","templated":true}]}}