{"id":121800,"date":"2025-11-27T21:08:09","date_gmt":"2025-11-27T21:08:09","guid":{"rendered":"https:\/\/www.europesays.com\/pl\/121800\/"},"modified":"2025-11-27T21:08:09","modified_gmt":"2025-11-27T21:08:09","slug":"lk-lech-poznan-fc-lausanne-sport-liga-konferencji-live-relacja-na-zywo-przeglad-sportowy-onet","status":"publish","type":"post","link":"https:\/\/www.europesays.com\/pl\/121800\/","title":{"rendered":"LK: Lech Pozna\u0144 &#8211; FC Lausanne-Sport. Liga Konferencji LIVE. Relacja na \u017cywo &#8211; Przegl\u0105d Sportowy Onet"},"content":{"rendered":"<ol>\n<li><a href=\"https:\/\/news.google.com\/rss\/articles\/CBMi4AFBVV95cUxQVVJ2Zm10d1F4WEdIVjdIaERCRzZrMTZUS1d3SGphUFAwVGJ2NzV5R1lkc3lPQ0Q2TVFEcjFWUjhEOFRvSG9VVENIVjFvWDZ4b0RqaUFvSVgxQ2liZ0Fta0JkRl81LXdLVnFId3Vqcnd3Q2VveVZoTVZCQm4wVVpKd2l6SEpQTjI3R3VGZElMUHM2NmhZbVUyZmIydllOaWNfdEZUX2k4TmtqUUl6T25OaUlHMDNoLWYtcVpnNS1UZVdaLTZSdG1ucWJ2a1B6RWhvTkdFeTdGa2xuM1NtUmtMdg?oc=5\" target=\"_blank\" rel=\"nofollow noopener\">LK: Lech Pozna\u0144 &#8211; FC Lausanne-Sport. Liga Konferencji LIVE. Relacja na \u017cywo<\/a>&nbsp;&nbsp;Przegl\u0105d Sportowy Onet<\/li>\n<li><a href=\"https:\/\/news.google.com\/rss\/articles\/CBMijAFBVV95cUxQZldXM25iN3VXYmp3elRxbFY1bzhyODJ5VzdkN3Z1ZlJ2d3ZxWE1rd1pyamNSQWVRYmNGcnltVDZhb1RjYVgwUWlNM2NNWEVYTzJOVDF0Si1iUG4yRURzaUpqWmdlQ3dmdjUzU0x2OWlzT0dNRUVlQzR0dU1yWVBiTXl2S1RuY1RfSkdCcA?oc=5\" target=\"_blank\" rel=\"nofollow noopener\">Rezerwowi uszcz\u0119\u015bliwili Lecha Pozna\u0144!<\/a>&nbsp;&nbsp;SportoweFakty<\/li>\n<li><a href=\"https:\/\/news.google.com\/rss\/articles\/CBMizAFBVV95cUxPcUZyX3dmR2JRdVRHNlQ4X3dMTVQzbWxWSnd6VW4wQ3NBaFowUUNTRkxVbTlmRnFsZXdSelpXSTRrZjRxdElFRmwtaVZKSHRJd0huZDRXMGJkRUlpRl9Ob3JqVUlTRnlMTk1PY3REWTZlMlY2MW11dC10Yi03Y1RMV1BuY29XRnZPQzl4MXUxMEVNZ0J1bmpyMF9vQjVNdVFZSXVCUGoyVDZvSlJ1VFZGUElESHd5LVZkaElDbWlTbzhqV3R3d3Z6QmI4LTU?oc=5\" target=\"_blank\" rel=\"nofollow noopener\">Lech cierpia\u0142, rywal napiera\u0142. Jedno trafienie ustawi\u0142o mecz w Poznaniu. To nie by\u0142 koniec<\/a>&nbsp;&nbsp;Sport w INTERIA.PL<\/li>\n<li><a href=\"https:\/\/news.google.com\/rss\/articles\/CBMisAFBVV95cUxNMFhoTGZzVUJyWDVIc0U1d2FBLUg5NDNmQUo2N1dranpheFpyZlhaVnJTUHdRNThsTk83clZpdGFRVVQwX3hNVm9SUkw2WVZ3cjdEMndnRmVNMmdGUzZEVUpOVFNYODV2QzJjZENBcVJwQ1hFaGtKdEhwLXVBbll0UWdNSjBBa19MRmMzbnl4MDlyZk1OX1Rlbm5WZDRJMzJYV3lYS1lwYlZOS1dDRmxCcQ?oc=5\" target=\"_blank\" rel=\"nofollow noopener\">Ca\u0142y stadion wsta\u0142, gdy Lech rusza\u0142 z kontr\u0105 w 95. minucie meczu w LK Pi\u0142ka no\u017cna<\/a>&nbsp;&nbsp;Sport.pl<\/li>\n<li><a href=\"https:\/\/news.google.com\/rss\/articles\/CBMikAFBVV95cUxQd3RaQ0RNYTVra01TNTNnU1loYlVTMEpwd2gtTzFQWmxxclRLZzNjQUNaNTBwemVUX2tTS2FNTEtmMkQzdEJUVEljWDR2aHdHQ2dfdUZfQUpRVndUOEc3ZEYxTlVBR2x3RWxKR0xoZ21IcG5lc0w3TW9NWTkzWmtrQUFGNWVzczBEMEloMUFmcUU?oc=5\" target=\"_blank\" rel=\"nofollow noopener\">Sk\u0142ad Lecha Pozna\u0144 na mecz z Lausanne-Sport<\/a>&nbsp;&nbsp;Lech Pozna\u0144<\/li>\n<\/ol>\n","protected":false},"excerpt":{"rendered":"LK: Lech Pozna\u0144 &#8211; FC Lausanne-Sport. Liga Konferencji LIVE. Relacja na \u017cywo&nbsp;&nbsp;Przegl\u0105d Sportowy Onet Rezerwowi uszcz\u0119\u015bliwili Lecha Pozna\u0144!&nbsp;&nbsp;SportoweFakty&hellip;\n","protected":false},"author":2,"featured_media":121801,"comment_status":"","ping_status":"","sticky":false,"template":"","format":"standard","meta":{"footnotes":""},"categories":[5],"tags":[32,33,36,37,27,34,35,26074,2806,7714,7713,188,186,28,31,25,42,38,40,39,41,136,128,47,135,29,30,26,130],"class_list":{"0":"post-121800","1":"post","2":"type-post","3":"status-publish","4":"format-standard","5":"has-post-thumbnail","7":"category-naglowki","8":"tag-breaking-news","9":"tag-breakingnews","10":"tag-featured-news","11":"tag-featurednews","12":"tag-headlines","13":"tag-latest-news","14":"tag-latestnews","15":"tag-lausanne_sports","16":"tag-lech_poznan","17":"tag-liga_konferencji","18":"tag-liga_konferencji_europy","19":"tag-liveblog","20":"tag-na_zywo","21":"tag-naglowki","22":"tag-najwazniejsze-artykuly","23":"tag-news","24":"tag-pl","25":"tag-poland","26":"tag-polish","27":"tag-polska","28":"tag-polski","29":"tag-ps_detal_new","30":"tag-psv2","31":"tag-screening_general","32":"tag-sport_sport","33":"tag-top-stories","34":"tag-topstories","35":"tag-wiadomosci","36":"tag-wiadomosci_sportowe"},"share_on_mastodon":{"url":"https:\/\/pubeurope.com\/@pl\/115623710360226361","error":""},"_links":{"self":[{"href":"https:\/\/www.europesays.com\/pl\/wp-json\/wp\/v2\/posts\/121800","targetHints":{"allow":["GET"]}}],"collection":[{"href":"https:\/\/www.europesays.com\/pl\/wp-json\/wp\/v2\/posts"}],"about":[{"href":"https:\/\/www.europesays.com\/pl\/wp-json\/wp\/v2\/types\/post"}],"author":[{"embeddable":true,"href":"https:\/\/www.europesays.com\/pl\/wp-json\/wp\/v2\/users\/2"}],"replies":[{"embeddable":true,"href":"https:\/\/www.europesays.com\/pl\/wp-json\/wp\/v2\/comments?post=121800"}],"version-history":[{"count":0,"href":"https:\/\/www.europesays.com\/pl\/wp-json\/wp\/v2\/posts\/121800\/revisions"}],"wp:featuredmedia":[{"embeddable":true,"href":"https:\/\/www.europesays.com\/pl\/wp-json\/wp\/v2\/media\/121801"}],"wp:attachment":[{"href":"https:\/\/www.europesays.com\/pl\/wp-json\/wp\/v2\/media?parent=121800"}],"wp:term":[{"taxonomy":"category","embeddable":true,"href":"https:\/\/www.europesays.com\/pl\/wp-json\/wp\/v2\/categories?post=121800"},{"taxonomy":"post_tag","embeddable":true,"href":"https:\/\/www.europesays.com\/pl\/wp-json\/wp\/v2\/tags?post=121800"}],"curies":[{"name":"wp","href":"https:\/\/api.w.org\/{rel}","templated":true}]}}