{"id":121810,"date":"2025-11-27T21:14:11","date_gmt":"2025-11-27T21:14:11","guid":{"rendered":"https:\/\/www.europesays.com\/pl\/121810\/"},"modified":"2025-11-27T21:14:11","modified_gmt":"2025-11-27T21:14:11","slug":"ultimatum-dla-kijowa-alert-dla-warszawy-debata-z-dziennikarzami-onetu-onet-wiadomosci","status":"publish","type":"post","link":"https:\/\/www.europesays.com\/pl\/121810\/","title":{"rendered":"Ultimatum dla Kijowa. Alert dla Warszawy. Debata z dziennikarzami Onetu &#8211; Onet Wiadomo\u015bci"},"content":{"rendered":"<ol>\n<li><a href=\"https:\/\/news.google.com\/rss\/articles\/CBMirgFBVV95cUxNSVQtaDVIRFVVcjlZNmltUGFmSWZEdktJZTcxZE11UEJ5MWRINHlJdGFWaEFQMDlpQ2R5Tnhnd2U2amxZVmE5T2tLZWs0VjVXNGx0VlVhVDRSS3pOSWNuQjJMeEd6OXNQdWZEcHhaMEt4c3I3Z0tsdldYTFYySllVRl84MUVHZ1BPTnFOM0Zwa0pXZDJKSl9oQXFIVVl5RER4ZnlBTnlOV0xtT2pST0E?oc=5\" target=\"_blank\" rel=\"nofollow noopener\">Ultimatum dla Kijowa. Alert dla Warszawy. Debata z dziennikarzami Onetu<\/a>&nbsp;&nbsp;Onet Wiadomo\u015bci<\/li>\n<li><a href=\"https:\/\/news.google.com\/rss\/articles\/CBMitwFBVV95cUxPUFVOdFdYREtVc2xNeXdvVl8wemY5LU8wU2x1ZmhkNzhwMzNpSWdLV3dfQk81QWxLSGVGelRhYklqQU1SaWJJQWpXc002NHZ3VDU2ZkhYUjdyMmp4NW4zOUxBWERfcGZyVUg5czF1blo3ZW9yU2dYNGhSUUd3S0dPbFVseFl1bHNTMFRFckFKblBDYnNmT0gwQ0dZQkpuQkVuSVlqVGxHMVpReUs5ZXNxQzB4XzN5VUU?oc=5\" target=\"_blank\" rel=\"nofollow noopener\">Ideologiczna \u015blepota PiS-u. Tak przestrzeli\u0142 w kwestii bezpiecze\u0144stwa Polski [OPINIA]<\/a>&nbsp;&nbsp;Onet Wiadomo\u015bci<\/li>\n<li><a href=\"https:\/\/news.google.com\/rss\/articles\/CBMitgFBVV95cUxQc2FLT0p3MndrUFB2Zjl3SmtVSVMwMjRpdDJSMmNDcm8tY2EybnNQZFZQMWU1Qm1VSU83OExTTGF6SER0eWxLNWN0MEFHNFdMZjBJVV9pc1ZPMmFrdzktNzZUVHR4UGhGOXRXb2FnYUI1bTZ6UktJRzQ0aWNWTmwtVlpRajRmYmRlQ3pfU0xjelQ4VDZMUlB2eUtSd3FsdGV3TWNKZmlfMkw1UDRfQUVPTHgzbzRVZw?oc=5\" target=\"_blank\" rel=\"nofollow noopener\">Trump, Putin i \u201eplan pokoju\u201d. Ernest Wyciszkiewicz o ryzykach dla Ukrainy i Zachodu<\/a>&nbsp;&nbsp;Rzeczpospolita<\/li>\n<li><a href=\"https:\/\/news.google.com\/rss\/articles\/CBMirwFBVV95cUxONVc1SEhObXlHVGNkd2tWVG0ta0lfWEd6aVJvalZzSkxPdmlOeFZtWHpXcjZ0RDVRZ1ZHT2JUVXhkSGlBdVdEcXZ5UGxFSTZYYXVWM3RnMUQtSThFOFNzSllmanYtSU10RnJXQ0hyNHdvNW1kX3ZOQUtiRXRmTVlEQlN1M3RZd2ljOXNGY3Q0SVVmY2ZhU0ZmZE54S1U0bTh3NllVUHNUWWFQQjNFWGRZ0gGrAUFVX3lxTE1pbFo3WGZvdDBRYUFzV3NSU05KeHZMc3c4eVlTRmZxNER2czBUVy1oOXpUelFhcE5TOWNuQ0JtMTM1UW16SGIxLWVJQUp2bXNpdUs3M1hUZ3UyY3ZmNjBNdUxtX0tMa01OcS1fLUZmLXVsMHVhQ2lCcEMtSkhjRHVyUjlYdTJfbWJqcVpKR21uY083MjRfaDNKNUlsUzVQWVd0Ym83V2xBRE1ONA?oc=5\" target=\"_blank\" rel=\"nofollow noopener\">Plan pokojowy ws. Ukrainy. \u0141ukasz Warzecha krytycznie o polskiej polityce<\/a>&nbsp;&nbsp;Do Rzeczy<\/li>\n<li><a href=\"https:\/\/news.google.com\/rss\/articles\/CBMiogFBVV95cUxNRjNCUzZialZ4b3VXU0pld09uMm5fcFpxbFNjX3hsS29faFh1b0ZidFNWVmtVMVhHNTlDNkRqUE9ZWjdZOFgyTDFqVE51RUlOdHpFdFZaSV9PQ3BiUWtTY1NKTDd5RkVlVzQwdGpRc0l4blk4bjdpSTRiYmtac01JREZ4WGpxWTBjS3pMOFduM0NVMHk3WjJna2t2N1NLcldtckE?oc=5\" target=\"_blank\" rel=\"nofollow noopener\">Zabawa PiS z Trumpem. By\u0142y brawa w Sejmie, teraz jest dobra mina do z\u0142ej gry<\/a>&nbsp;&nbsp;naTemat.pl<\/li>\n<\/ol>\n","protected":false},"excerpt":{"rendered":"Ultimatum dla Kijowa. Alert dla Warszawy. Debata z dziennikarzami Onetu&nbsp;&nbsp;Onet Wiadomo\u015bci Ideologiczna \u015blepota PiS-u. Tak przestrzeli\u0142 w kwestii&hellip;\n","protected":false},"author":2,"featured_media":121731,"comment_status":"","ping_status":"","sticky":false,"template":"","format":"standard","meta":{"footnotes":""},"categories":[12],"tags":[56,32,33,36,37,27,49,34,35,28,31,48,25,46,42,38,40,39,41,47,29,30,26],"class_list":{"0":"post-121810","1":"post","2":"type-post","3":"status-publish","4":"format-standard","5":"has-post-thumbnail","7":"category-polska","8":"tag-article_premium","9":"tag-breaking-news","10":"tag-breakingnews","11":"tag-featured-news","12":"tag-featurednews","13":"tag-headlines","14":"tag-kraj","15":"tag-latest-news","16":"tag-latestnews","17":"tag-naglowki","18":"tag-najwazniejsze-artykuly","19":"tag-nat_styl","20":"tag-news","21":"tag-omp","22":"tag-pl","23":"tag-poland","24":"tag-polish","25":"tag-polska","26":"tag-polski","27":"tag-screening_general","28":"tag-top-stories","29":"tag-topstories","30":"tag-wiadomosci"},"share_on_mastodon":{"url":"https:\/\/pubeurope.com\/@pl\/115623733873557566","error":""},"_links":{"self":[{"href":"https:\/\/www.europesays.com\/pl\/wp-json\/wp\/v2\/posts\/121810","targetHints":{"allow":["GET"]}}],"collection":[{"href":"https:\/\/www.europesays.com\/pl\/wp-json\/wp\/v2\/posts"}],"about":[{"href":"https:\/\/www.europesays.com\/pl\/wp-json\/wp\/v2\/types\/post"}],"author":[{"embeddable":true,"href":"https:\/\/www.europesays.com\/pl\/wp-json\/wp\/v2\/users\/2"}],"replies":[{"embeddable":true,"href":"https:\/\/www.europesays.com\/pl\/wp-json\/wp\/v2\/comments?post=121810"}],"version-history":[{"count":0,"href":"https:\/\/www.europesays.com\/pl\/wp-json\/wp\/v2\/posts\/121810\/revisions"}],"wp:featuredmedia":[{"embeddable":true,"href":"https:\/\/www.europesays.com\/pl\/wp-json\/wp\/v2\/media\/121731"}],"wp:attachment":[{"href":"https:\/\/www.europesays.com\/pl\/wp-json\/wp\/v2\/media?parent=121810"}],"wp:term":[{"taxonomy":"category","embeddable":true,"href":"https:\/\/www.europesays.com\/pl\/wp-json\/wp\/v2\/categories?post=121810"},{"taxonomy":"post_tag","embeddable":true,"href":"https:\/\/www.europesays.com\/pl\/wp-json\/wp\/v2\/tags?post=121810"}],"curies":[{"name":"wp","href":"https:\/\/api.w.org\/{rel}","templated":true}]}}