{"id":121813,"date":"2025-11-27T21:16:09","date_gmt":"2025-11-27T21:16:09","guid":{"rendered":"https:\/\/www.europesays.com\/pl\/121813\/"},"modified":"2025-11-27T21:16:09","modified_gmt":"2025-11-27T21:16:09","slug":"lech-lausanne-sport-sledz-relacje-ze-starcia-lk-na-zywo-sport-tvp-pl","status":"publish","type":"post","link":"https:\/\/www.europesays.com\/pl\/121813\/","title":{"rendered":"Lech \u2013 Lausanne-Sport. \u015aled\u017a relacj\u0119 ze starcia LK! [NA \u017bYWO] &#8211; sport.tvp.pl"},"content":{"rendered":"<ol>\n<li><a href=\"https:\/\/news.google.com\/rss\/articles\/CBMivgFBVV95cUxQOG1hMndsSVl3ZHFfTzRwVVAtUU9vSl9wWHZaYm5lMFlyQWgwV2VsUk44eXQ5aV95Nkl3RXY5Sl9pTVpTQWgtclk3UGdiRUthQ29SMjFubHpMTGg1STlNT2lFQUE4cXJaUXAtZS02dXgwT25GOHh5OURkeVZqSVplVTJVdVpHRThoX2JocjA5N0V5XzgxOFFIT0NLZ2pDVFo0cXB3cjNoN2NmSU90SEw3dXZvNDhmcUhreGFsR1pB?oc=5\" target=\"_blank\" rel=\"nofollow noopener\">Lech \u2013 Lausanne-Sport. \u015aled\u017a relacj\u0119 ze starcia LK! [NA \u017bYWO]<\/a>&nbsp;&nbsp;sport.tvp.pl<\/li>\n<li><a href=\"https:\/\/news.google.com\/rss\/articles\/CBMi4AFBVV95cUxQVVJ2Zm10d1F4WEdIVjdIaERCRzZrMTZUS1d3SGphUFAwVGJ2NzV5R1lkc3lPQ0Q2TVFEcjFWUjhEOFRvSG9VVENIVjFvWDZ4b0RqaUFvSVgxQ2liZ0Fta0JkRl81LXdLVnFId3Vqcnd3Q2VveVZoTVZCQm4wVVpKd2l6SEpQTjI3R3VGZElMUHM2NmhZbVUyZmIydllOaWNfdEZUX2k4TmtqUUl6T25OaUlHMDNoLWYtcVpnNS1UZVdaLTZSdG1ucWJ2a1B6RWhvTkdFeTdGa2xuM1NtUmtMdg?oc=5\" target=\"_blank\" rel=\"nofollow noopener\">LK: Lech Pozna\u0144 &#8211; FC Lausanne-Sport. Liga Konferencji LIVE. Relacja na \u017cywo<\/a>&nbsp;&nbsp;Przegl\u0105d Sportowy Onet<\/li>\n<li><a href=\"https:\/\/news.google.com\/rss\/articles\/CBMijAFBVV95cUxQZldXM25iN3VXYmp3elRxbFY1bzhyODJ5VzdkN3Z1ZlJ2d3ZxWE1rd1pyamNSQWVRYmNGcnltVDZhb1RjYVgwUWlNM2NNWEVYTzJOVDF0Si1iUG4yRURzaUpqWmdlQ3dmdjUzU0x2OWlzT0dNRUVlQzR0dU1yWVBiTXl2S1RuY1RfSkdCcA?oc=5\" target=\"_blank\" rel=\"nofollow noopener\">Rezerwowi uszcz\u0119\u015bliwili Lecha Pozna\u0144!<\/a>&nbsp;&nbsp;SportoweFakty<\/li>\n<li><a href=\"https:\/\/news.google.com\/rss\/articles\/CBMizAFBVV95cUxPcUZyX3dmR2JRdVRHNlQ4X3dMTVQzbWxWSnd6VW4wQ3NBaFowUUNTRkxVbTlmRnFsZXdSelpXSTRrZjRxdElFRmwtaVZKSHRJd0huZDRXMGJkRUlpRl9Ob3JqVUlTRnlMTk1PY3REWTZlMlY2MW11dC10Yi03Y1RMV1BuY29XRnZPQzl4MXUxMEVNZ0J1bmpyMF9vQjVNdVFZSXVCUGoyVDZvSlJ1VFZGUElESHd5LVZkaElDbWlTbzhqV3R3d3Z6QmI4LTU?oc=5\" target=\"_blank\" rel=\"nofollow noopener\">Lech cierpia\u0142, rywal napiera\u0142. Jedno trafienie ustawi\u0142o mecz w Poznaniu. To nie by\u0142 koniec<\/a>&nbsp;&nbsp;Sport w INTERIA.PL<\/li>\n<li><a href=\"https:\/\/news.google.com\/rss\/articles\/CBMisAFBVV95cUxNMFhoTGZzVUJyWDVIc0U1d2FBLUg5NDNmQUo2N1dranpheFpyZlhaVnJTUHdRNThsTk83clZpdGFRVVQwX3hNVm9SUkw2WVZ3cjdEMndnRmVNMmdGUzZEVUpOVFNYODV2QzJjZENBcVJwQ1hFaGtKdEhwLXVBbll0UWdNSjBBa19MRmMzbnl4MDlyZk1OX1Rlbm5WZDRJMzJYV3lYS1lwYlZOS1dDRmxCcQ?oc=5\" target=\"_blank\" rel=\"nofollow noopener\">Ca\u0142y stadion wsta\u0142, gdy Lech rusza\u0142 z kontr\u0105 w 95. minucie meczu w LK Pi\u0142ka no\u017cna<\/a>&nbsp;&nbsp;Sport.pl<\/li>\n<\/ol>\n","protected":false},"excerpt":{"rendered":"Lech \u2013 Lausanne-Sport. \u015aled\u017a relacj\u0119 ze starcia LK! [NA \u017bYWO]&nbsp;&nbsp;sport.tvp.pl LK: Lech Pozna\u0144 &#8211; FC Lausanne-Sport. Liga Konferencji&hellip;\n","protected":false},"author":2,"featured_media":121814,"comment_status":"","ping_status":"","sticky":false,"template":"","format":"standard","meta":{"footnotes":""},"categories":[24],"tags":[25821,215,5635,42,38,40,39,41,127,334,126],"class_list":{"0":"post-121813","1":"post","2":"type-post","3":"status-publish","4":"format-standard","5":"has-post-thumbnail","7":"category-sport","8":"tag-lausanne-sport","9":"tag-lech-poznan","10":"tag-liga-konferencji","11":"tag-pl","12":"tag-poland","13":"tag-polish","14":"tag-polska","15":"tag-polski","16":"tag-sport","17":"tag-sport-tvp-pl","18":"tag-sports"},"share_on_mastodon":{"url":"https:\/\/pubeurope.com\/@pl\/115623741551938678","error":""},"_links":{"self":[{"href":"https:\/\/www.europesays.com\/pl\/wp-json\/wp\/v2\/posts\/121813","targetHints":{"allow":["GET"]}}],"collection":[{"href":"https:\/\/www.europesays.com\/pl\/wp-json\/wp\/v2\/posts"}],"about":[{"href":"https:\/\/www.europesays.com\/pl\/wp-json\/wp\/v2\/types\/post"}],"author":[{"embeddable":true,"href":"https:\/\/www.europesays.com\/pl\/wp-json\/wp\/v2\/users\/2"}],"replies":[{"embeddable":true,"href":"https:\/\/www.europesays.com\/pl\/wp-json\/wp\/v2\/comments?post=121813"}],"version-history":[{"count":0,"href":"https:\/\/www.europesays.com\/pl\/wp-json\/wp\/v2\/posts\/121813\/revisions"}],"wp:featuredmedia":[{"embeddable":true,"href":"https:\/\/www.europesays.com\/pl\/wp-json\/wp\/v2\/media\/121814"}],"wp:attachment":[{"href":"https:\/\/www.europesays.com\/pl\/wp-json\/wp\/v2\/media?parent=121813"}],"wp:term":[{"taxonomy":"category","embeddable":true,"href":"https:\/\/www.europesays.com\/pl\/wp-json\/wp\/v2\/categories?post=121813"},{"taxonomy":"post_tag","embeddable":true,"href":"https:\/\/www.europesays.com\/pl\/wp-json\/wp\/v2\/tags?post=121813"}],"curies":[{"name":"wp","href":"https:\/\/api.w.org\/{rel}","templated":true}]}}