{"id":121823,"date":"2025-11-27T21:23:13","date_gmt":"2025-11-27T21:23:13","guid":{"rendered":"https:\/\/www.europesays.com\/pl\/121823\/"},"modified":"2025-11-27T21:23:13","modified_gmt":"2025-11-27T21:23:13","slug":"aleksandra-miroslaw-zafascynowana-innym-sportem-wyznaje-otwarcie","status":"publish","type":"post","link":"https:\/\/www.europesays.com\/pl\/121823\/","title":{"rendered":"Aleksandra Miros\u0142aw zafascynowana innym sportem. Wyznaje otwarcie"},"content":{"rendered":"<p class=\"typography ids-typeset-body ids-typeset-body--preset-large link paragraph ids-paragraph ids-paragraph--default\">W Pary\u017cu zdobyli\u015bmy tylko jeden z\u0142oty medal olimpijski. Zawis\u0142 na szyi Aleksander Miros\u0142aw. Nie potrafi\u0142a i nie zamierza\u0142a kry\u0107 \u0142ez szcz\u0119\u015bcia. Wykona\u0142a gigantyczn\u0105 prac\u0119, by doj\u015b\u0107 na sam szczyt.<\/p>\n<p class=\"typography ids-typeset-body ids-typeset-body--preset-large link paragraph ids-paragraph ids-paragraph--default\">Z dnia na dzie\u0144 sta\u0142a si\u0119 gwiazd\u0105 medi\u00f3w, cho\u0107 przecie\u017c nie by\u0142a wcze\u015bniej postaci\u0105 anonimow\u0105. Po triumfie we Francji pr\u00f3bowano si\u0119 o niej dowiedzie\u0107 wszystkiego. A ona ch\u0119tnie opowiada\u0142a &#8211; o \u017cyciu prywatnym, zmaganiach z w\u0142asn\u0105 psychik\u0105, cenie sukcesu.<\/p>\n<p>Aleksandra Miros\u0142aw zafascynowana inn\u0105 dyscyplin\u0105 sportu. &#8222;To dla mnie forma medytacji&#8221;<\/p>\n<p class=\"typography ids-typeset-body ids-typeset-body--preset-large link paragraph ids-paragraph ids-paragraph--default\">W czwartek 31-letnia sportsmenka wzi\u0119\u0142a udzia\u0142 w jednym z paneli dyskusyjnych organizowanych w ramach Kongresu Sportu Powszechnego. Zapytano j\u0105 o plany na przysz\u0142o\u015b\u0107. Wcale nie t\u0119 najbli\u017csz\u0105.<\/p>\n<p class=\"typography ids-typeset-body ids-typeset-body--preset-large link paragraph ids-paragraph ids-paragraph--default\">&#8211; Po zako\u0144czeniu kariery na pewno zostan\u0119 w jakim\u015b stopniu przy wspinaczce &#8211; oznajmi\u0142a. &#8211; Wspinaczka rekreacyjna raczej odpada. Wydaje mi si\u0119, \u017ce zostan\u0119 animatorem, kt\u00f3ry promuje t\u0119 dyscyplin\u0119 sportu.<\/p>\n<p class=\"typography ids-typeset-body ids-typeset-body--preset-large link paragraph ids-paragraph ids-paragraph--default\">Okazuje si\u0119, \u017ce rekreacji poszuka zupe\u0142nie gdzie indziej.<\/p>\n<p class=\"typography ids-typeset-body ids-typeset-body--preset-large link paragraph ids-paragraph ids-paragraph--default\">&#8211; Sport, kt\u00f3ry bardzo mnie fascynuje, to surfing &#8211; zaskoczy\u0142a Miros\u0142aw. &#8211; To dla mnie pewna forma medytacji, odci\u0119cia si\u0119 od wszystkiego. Jak jestem na wodzie, to wiem, \u017ce si\u0142\u0105 rzeczy, nikt nie b\u0119dzie ode mnie niczego chcia\u0142.<\/p>\n<p class=\"typography ids-typeset-body ids-typeset-body--preset-large link paragraph ids-paragraph ids-paragraph--default\">Na tak\u0105 aktywno\u015b\u0107 przyjdzie jednak stosowna pora. Teraz na pierwszym planie pozostaje wspinaczka. We wrze\u015bniu nasza mistrzyni olimpijska potwierdzi\u0142a swoj\u0105 supremacj\u0119 w M\u015a odbywaj\u0105cych si\u0119 w Seulu. Zdoby\u0142a kolejny z\u0142oty medal i ponownie poprawi\u0142a rekord \u015bwiata. Tym razem potrzebowa\u0142a do zwyci\u0119stwa 6,03 s. To 0,03 mniej ni\u017c w Pary\u017cu, gdzie r\u00f3wnie\u017c bi\u0142a rekord globu.<\/p>\n<p class=\"typography ids-typeset-body ids-typeset-body--preset-large link paragraph ids-paragraph ids-paragraph--default\">&#8211; Czego mi \u017cyczy\u0107 w nowym sezonie? Przede wszystkim zdrowia. Z reszt\u0105 sobie poradz\u0119. Celem na kolejny rok jest wyst\u0119p w Pucharze \u015awiata w Krakowie oraz w mistrzostwach \u015bwiata &#8211; zapowiada.<\/p>\n<p>&#8221;Wydarzenia&#8221;: Aleksandra Miros\u0142aw sportowcem roku. S\u0105 zaskoczenia na dalszych miejscachPolsat NewsPolsat News<\/p>\n<p><img decoding=\"async\" class=\"ids-image-holder__img\" loading=\"lazy\" alt=\"Kobieta o blond w\u0142osach w bia\u0142ej koszulce sportowej z logo polskiej dru\u017cyny olimpijskiej, siedz\u0105ca w nowoczesnym wn\u0119trzu, skoncentrowana i zamy\u015blona.\" title=\"Aleksandra Miros\u0142aw\" width=\"2666\" height=\"1500\" src=\"https:\/\/www.europesays.com\/pl\/wp-content\/uploads\/2025\/10\/000LSBSR04MS335I-C322-F4.webp.webp\"\/><\/p>\n<p>Aleksandra Miros\u0142awKrzysztof RadzkiEast News<\/p>\n<p><img decoding=\"async\" class=\"ids-image-holder__img\" loading=\"lazy\" alt=\"Kobieta z blond w\u0142osami m\u00f3wi do mikrofonu, ubrana w sportow\u0105 bluz\u0119 z logotypami, w tle rozmyty plener i kilka butelek z wod\u0105 mineraln\u0105 na pierwszym planie\" title=\"Aleksandra Miros\u0142aw\" width=\"4698\" height=\"3132\" src=\"https:\/\/www.europesays.com\/pl\/wp-content\/uploads\/2025\/10\/000LCI6E3RJGMTAW-C322-F4.webp.webp\"\/><\/p>\n<p>Aleksandra Miros\u0142awMarcin GolbaAFP<\/p>\n<p><img decoding=\"async\" class=\"ids-image-holder__img\" loading=\"lazy\" alt=\"Kobieta z blond w\u0142osami w czarnym stroju udziela wywiadu. W tle widoczny cie\u0144 jej sylwetki, obok pojawia si\u0119 zbli\u017cony mikrofon i d\u0142o\u0144 osoby zadaj\u0105cej pytanie.\" title=\"Aleksandra Miros\u0142aw\" width=\"2000\" height=\"1322\" src=\"https:\/\/www.europesays.com\/pl\/wp-content\/uploads\/2025\/11\/000LT5X3URB8AQU5-C322-F4.webp.webp\"\/><\/p>\n<p>Aleksandra Miros\u0142awKrzysztof RadzkiEast News<\/p>\n<p><a class=\"ids-undecorated-link source ids-page-info--source__link\" href=\"https:\/\/www.interia.pl\" rel=\"nofollow noopener\" target=\"_blank\"><img decoding=\"async\" class=\"ids-image-holder__img\" loading=\"lazy\" alt=\"\" title=\"\" height=\"24px\" src=\"https:\/\/www.europesays.com\/pl\/wp-content\/uploads\/2025\/11\/1763998694_431_0009A60QQ5I2TYF7-C202-F4.webp.webp\"\/><\/a><\/p>\n<p>Masz sugestie, uwagi albo widzisz b\u0142\u0105d? Napisz do nas<\/p>\n","protected":false},"excerpt":{"rendered":"W Pary\u017cu zdobyli\u015bmy tylko jeden z\u0142oty medal olimpijski. Zawis\u0142 na szyi Aleksander Miros\u0142aw. Nie potrafi\u0142a i nie zamierza\u0142a&hellip;\n","protected":false},"author":2,"featured_media":121824,"comment_status":"","ping_status":"","sticky":false,"template":"","format":"standard","meta":{"footnotes":""},"categories":[24],"tags":[42,38,40,39,41,127,126],"class_list":{"0":"post-121823","1":"post","2":"type-post","3":"status-publish","4":"format-standard","5":"has-post-thumbnail","7":"category-sport","8":"tag-pl","9":"tag-poland","10":"tag-polish","11":"tag-polska","12":"tag-polski","13":"tag-sport","14":"tag-sports"},"share_on_mastodon":{"url":"https:\/\/pubeurope.com\/@pl\/115623769403482729","error":""},"_links":{"self":[{"href":"https:\/\/www.europesays.com\/pl\/wp-json\/wp\/v2\/posts\/121823","targetHints":{"allow":["GET"]}}],"collection":[{"href":"https:\/\/www.europesays.com\/pl\/wp-json\/wp\/v2\/posts"}],"about":[{"href":"https:\/\/www.europesays.com\/pl\/wp-json\/wp\/v2\/types\/post"}],"author":[{"embeddable":true,"href":"https:\/\/www.europesays.com\/pl\/wp-json\/wp\/v2\/users\/2"}],"replies":[{"embeddable":true,"href":"https:\/\/www.europesays.com\/pl\/wp-json\/wp\/v2\/comments?post=121823"}],"version-history":[{"count":0,"href":"https:\/\/www.europesays.com\/pl\/wp-json\/wp\/v2\/posts\/121823\/revisions"}],"wp:featuredmedia":[{"embeddable":true,"href":"https:\/\/www.europesays.com\/pl\/wp-json\/wp\/v2\/media\/121824"}],"wp:attachment":[{"href":"https:\/\/www.europesays.com\/pl\/wp-json\/wp\/v2\/media?parent=121823"}],"wp:term":[{"taxonomy":"category","embeddable":true,"href":"https:\/\/www.europesays.com\/pl\/wp-json\/wp\/v2\/categories?post=121823"},{"taxonomy":"post_tag","embeddable":true,"href":"https:\/\/www.europesays.com\/pl\/wp-json\/wp\/v2\/tags?post=121823"}],"curies":[{"name":"wp","href":"https:\/\/api.w.org\/{rel}","templated":true}]}}