{"id":121831,"date":"2025-11-27T21:31:09","date_gmt":"2025-11-27T21:31:09","guid":{"rendered":"https:\/\/www.europesays.com\/pl\/121831\/"},"modified":"2025-11-27T21:31:09","modified_gmt":"2025-11-27T21:31:09","slug":"problem-korony-kielce-dawid-blanik-nie-zagra-do-konca-roku","status":"publish","type":"post","link":"https:\/\/www.europesays.com\/pl\/121831\/","title":{"rendered":"Problem Korony Kielce. Dawid B\u0142anik nie zagra do ko\u0144ca roku"},"content":{"rendered":"<p>Ledwo wyleczy\u0142 si\u0119 Wiktor D\u0142ugosz, to\u00a0wypad\u0142 Dawid B\u0142anik. Korona Kielce ju\u017c do\u00a0ko\u0144ca roku nie\u00a0b\u0119dzie mog\u0142a cieszy\u0107 si\u0119 tym duetem na\u00a0boisku.<\/p>\n<p>Z\u00a0D\u0142ugoszem wszystko jest ju\u017c w\u00a0porz\u0105dku, dwa razy zd\u0105\u017cy\u0142 wej\u015b\u0107 z\u00a0\u0142awki rezerwowych po\u00a0wyleczeniu kontuzji, ale\u00a0B\u0142anika jesieni\u0105 wi\u0119cej na\u00a0boisku nie\u00a0zobaczymy.<\/p>\n<p>Zawodnik, kt\u00f3ry\u00a0w\u00a0pierwszej cz\u0119\u015bci sezonu by\u0142 najja\u015bniejsz\u0105 postaci\u0105 kieleckiej dru\u017cyny, od\u00a0wielu tygodni gra\u0142 z\u00a0zaci\u015bni\u0119tymi z\u0119bami.<\/p>\n<p>Dawid B\u0142anik nie\u00a0zagra do\u00a0ko\u0144ca roku<\/p>\n<p>Trener Jacek Zieli\u0144ski ju\u017c w\u00a0po\u0142owie pa\u017adziernika przyznawa\u0142: \u2013 Dawid zmaga si\u0119 z\u00a0zapaleniem rzepki. Staramy si\u0119 to\u00a0wygasza\u0107, ale\u00a0nie\u00a0jestem w\u00a0stanie z\u00a0niego korzysta\u0107 w\u00a0pe\u0142nym wymiarze czasowym. Trenuje dwa razy w\u00a0tygodniu. Wiele mu\u00a0odpuszczamy. Musimy go\u00a0wyleczy\u0107 i\u00a0poczeka\u0107. Musimy wobec niego podj\u0105\u0107 dobr\u0105 decyzj\u0119, bo\u00a0to\u00a0zbyt powa\u017cny zawodnik dla naszej dru\u017cyny, aby bawi\u0107 si\u0119 w\u00a0p\u00f3\u0142\u015brodki.<\/p>\n<p>B\u0142anik nied\u0142ugo potem mecz z\u00a0Piastem Gliwice przesiedzia\u0142 na\u00a0\u0142awce, a\u00a0ostatnio z\u00a0Widzewem \u0141\u00f3d\u017a ju\u017c w\u00a0og\u00f3le nie\u00a0znalaz\u0142 si\u0119 w\u00a0meczowej kadrze. I\u00a0ju\u017c w\u00a0tym roku na\u00a0\u017caden mecz si\u0119 nie\u00a0znajdzie. \u2013 Wsp\u00f3lnie podj\u0119li\u015bmy tak\u0105 decyzj\u0119. Teraz jest zbyt ma\u0142o czasu, s\u0105\u00a0zbyt ci\u0119\u017ckie boiska, aby go\u00a0dorzyna\u0107. To\u00a0dla nas zbyt wa\u017cny zawodnik. B\u0119dzie gotowy od\u00a0rundy rewan\u017cowej \u2013 powiedzia\u0142 Zieli\u0144ski na\u00a0konferencji prasowej.<\/p>\n<blockquote class=\"twitter-tweet\">\n<p dir=\"ltr\" lang=\"pl\">\ud83d\udfe8\ud83d\udfe5 Dawid B\u0142anik nie\u00a0zagra ju\u017c w\u00a0tym roku. Ten czas sp\u0119dzi na\u00a0rehabilitacji kolana.<\/p>\n<p>\u2013 Wsp\u00f3lnie podj\u0119li\u015bmy tak\u0105 decyzj\u0119. Teraz jest zbyt ma\u0142o czasu, s\u0105\u00a0zbyt ci\u0119\u017ckie boiska, aby go\u00a0dorzyna\u0107. To\u00a0dla nas zbyt wa\u017cny zawodnik. B\u0119dzie gotowy od\u00a0rundy rewan\u017cowej \u2013 m\u00f3wi Jacek\u2026<\/p>\n<p>\u2014\u00a0Damian Wysocki (@damian__wysocki) <a href=\"https:\/\/twitter.com\/damian__wysocki\/status\/1994036589090033731?ref_src=twsrc%5Etfw\" target=\"_blank\" rel=\"noopener noreferrer nofollow\">November 27, 2025<\/a><\/p>\n<\/blockquote>\n<p>Dawid B\u0142anik w\u00a0tym sezonie rozegra\u0142 14 mecz\u00f3w ligowych, w\u00a0kt\u00f3rych\u00a0strzeli\u0142 sze\u015b\u0107 goli i\u00a0zaliczy\u0142 jedn\u0105 asyst\u0119. Wypracowa\u0142 te\u017c dwie bramki w\u00a0Pucharze Polski.<\/p>\n<p>Korona Kielce jesieni\u0105 rozegra jeszcze domowe mecze z\u00a0Cracovi\u0105 i\u00a0Wis\u0142\u0105 P\u0142ock oraz\u00a0wyjazdowy z\u00a0Chojniczank\u0105 Chojnice w\u00a0PP.<\/p>\n<p>CZYTAJ WI\u0118CEJ O\u00a0EKSTRAKLASIE:<\/p>\n<p>Fot.\u00a0Newspix<\/p>\n<p>                    <script async src=\"https:\/\/platform.twitter.com\/widgets.js\" charset=\"utf-8\"><\/script><\/p>\n","protected":false},"excerpt":{"rendered":"Ledwo wyleczy\u0142 si\u0119 Wiktor D\u0142ugosz, to\u00a0wypad\u0142 Dawid B\u0142anik. Korona Kielce ju\u017c do\u00a0ko\u0144ca roku nie\u00a0b\u0119dzie mog\u0142a cieszy\u0107 si\u0119 tym&hellip;\n","protected":false},"author":2,"featured_media":121832,"comment_status":"","ping_status":"","sticky":false,"template":"","format":"standard","meta":{"footnotes":""},"categories":[24],"tags":[26090,2908,42,38,40,39,41,127,126],"class_list":{"0":"post-121831","1":"post","2":"type-post","3":"status-publish","4":"format-standard","5":"has-post-thumbnail","7":"category-sport","8":"tag-dawid-blanik","9":"tag-korona-kielce","10":"tag-pl","11":"tag-poland","12":"tag-polish","13":"tag-polska","14":"tag-polski","15":"tag-sport","16":"tag-sports"},"share_on_mastodon":{"url":"https:\/\/pubeurope.com\/@pl\/115623800497551504","error":""},"_links":{"self":[{"href":"https:\/\/www.europesays.com\/pl\/wp-json\/wp\/v2\/posts\/121831","targetHints":{"allow":["GET"]}}],"collection":[{"href":"https:\/\/www.europesays.com\/pl\/wp-json\/wp\/v2\/posts"}],"about":[{"href":"https:\/\/www.europesays.com\/pl\/wp-json\/wp\/v2\/types\/post"}],"author":[{"embeddable":true,"href":"https:\/\/www.europesays.com\/pl\/wp-json\/wp\/v2\/users\/2"}],"replies":[{"embeddable":true,"href":"https:\/\/www.europesays.com\/pl\/wp-json\/wp\/v2\/comments?post=121831"}],"version-history":[{"count":0,"href":"https:\/\/www.europesays.com\/pl\/wp-json\/wp\/v2\/posts\/121831\/revisions"}],"wp:featuredmedia":[{"embeddable":true,"href":"https:\/\/www.europesays.com\/pl\/wp-json\/wp\/v2\/media\/121832"}],"wp:attachment":[{"href":"https:\/\/www.europesays.com\/pl\/wp-json\/wp\/v2\/media?parent=121831"}],"wp:term":[{"taxonomy":"category","embeddable":true,"href":"https:\/\/www.europesays.com\/pl\/wp-json\/wp\/v2\/categories?post=121831"},{"taxonomy":"post_tag","embeddable":true,"href":"https:\/\/www.europesays.com\/pl\/wp-json\/wp\/v2\/tags?post=121831"}],"curies":[{"name":"wp","href":"https:\/\/api.w.org\/{rel}","templated":true}]}}