{"id":121839,"date":"2025-11-27T21:37:08","date_gmt":"2025-11-27T21:37:08","guid":{"rendered":"https:\/\/www.europesays.com\/pl\/121839\/"},"modified":"2025-11-27T21:37:08","modified_gmt":"2025-11-27T21:37:08","slug":"rakow-gromi-a-papszun-odpowiada-ws-przejscia-do-legii-mam-prawo-pilka-nozna","status":"publish","type":"post","link":"https:\/\/www.europesays.com\/pl\/121839\/","title":{"rendered":"Rak\u00f3w gromi, a Papszun odpowiada ws. przej\u015bcia do Legii. 'Mam prawo&#8217; Pi\u0142ka no\u017cna"},"content":{"rendered":"<p class=\"art_paragraph\">To by\u0142 prawdziwy pogrom! <a href=\"https:\/\/www.sport.pl\/pilka\/7,198438,32430565,pilkarze-rakowa-pokazali-papszunowi-co-potrafia-demolka-w.html#do_w=543&amp;do_v=1661&amp;do_st=RS&amp;do_sid=2615&amp;do_a=2615&amp;s=min\" class=\"art_link\" rel=\"dofollow noopener\" target=\"_blank\">W 53. minucie meczu z Rapidem Wiede\u0144 Rak\u00f3w prowadzi\u0142 ju\u017c 4:0<\/a>. Cz\u0119stochowianie spu\u015bcili nieco z tonu w ko\u0144c\u00f3wce, przez co go\u015bcie zmniejszyli nieco straty. Zwyci\u0119stwo podopiecznych Marka Papszuna by\u0142o jednak bezapelacyjne. Wynik 4:1 by\u0142 w pe\u0142ni zas\u0142u\u017cony.<\/p>\n<p>\n    Zobacz wideo Papszun pasuje do Legii? Kosecki: Nie ma trenera, kt\u00f3ry nie chcia\u0142by poprowadzi\u0107 tego klubu\n  <\/p>\n<p class=\"art_paragraph\">Przed meczem mo\u017cna by\u0142o si\u0119 zastanawia\u0107, jak na pi\u0142karzy wp\u0142ynie \u015brodowa konferencja prasowa. Na niej szkoleniowiec Rakowa powiedzia\u0142: &#8222;<a href=\"https:\/\/www.sport.pl\/legia-warszawa#anchorLink\" rel=\"nofollow noopener\" target=\"_blank\">Legia<\/a> chce mnie jako trenera, ja chc\u0119 by\u0107 <a href=\"https:\/\/www.sport.pl\/pilka\/7,64946,32339568,oto-nowy-trener-legii-padly-konkretne-nazwiska.html#anchorLink\" rel=\"nofollow noopener\" target=\"_blank\">trenerem Legii<\/a>. To tyle, je\u015bli chodzi o komentarz do tej sprawy. Mam nadziej\u0119, \u017ce dojdziemy do porozumienia&#8221;. Takie s\u0142owa wywo\u0142a\u0142y burz\u0119. Kibice zareagowali natychmiast, niszcz\u0105c pami\u0105tkowy mural z podobizn\u0105 Papszuna. Tak\u017ce w trakcie <a href=\"https:\/\/www.sport.pl\/euro\/7,154862,31079522,kto-dzis-gra-na-euro-2024-jakie-mecze-dzisiaj-piatek-21-czerwca.html#anchorLink\" rel=\"nofollow noopener\" target=\"_blank\">meczu<\/a> nie by\u0142o mi\u0142o.<\/p>\n<p class=\"art_paragraph\">Najwa\u017cniejsze jednak, \u017ce pomimo problematycznej sytuacji zwi\u0105zanej z trenerem, zawodnicy Rakowa zagrali \u015bwietne spotkanie. Najpierw <a href=\"https:\/\/www.sport.pl\/pilka\/7,65080,31508989,jest-3-2-wybila-74-minuta-rzuty-karny-wszystkie-oczy-na.html#anchorLink\" rel=\"nofollow noopener\" target=\"_blank\">rzut karny<\/a> po faulu na Makuchu wykorzysta\u0142 Brunes, a nast\u0119pnie hat-tricka zdoby\u0142 Lamine Diaby-Fadiga. Pomeczowa konferencja prasowa jednak rozpocz\u0119\u0142a si\u0119 od pyta\u0144 o przysz\u0142o\u015b\u0107 Marka Papszuna.<\/p>\n<p> Pomeczowa konferencja&#8230; o Marku Papszunie<\/p>\n<p class=\"art_paragraph\">Pad\u0142o pytanie o to, czy trener poprowadzi dru\u017cyn\u0119 w najbli\u017cszym meczu ligowym przeciwko Arce Gdynia &#8211;\u00a0Nic si\u0119 nie zmieni\u0142o. Wczoraj by\u0142em trenerem Rakowa, dzisiaj te\u017c nim jestem. Wi\u0105\u017ce mnie z Rakowem kontrakt i to wszystko. &#8211; odpowiedzia\u0142 <a href=\"https:\/\/www.sport.pl\/marek-papszun#anchorLink\" rel=\"nofollow noopener\" target=\"_blank\">Marek Papszun<\/a>. Zn\u00f3w zapytany o kwesti\u0119 odej\u015bcia do Legii, doda\u0142 stanowczo &#8211; Nie uwa\u017cam, \u017ce nie zachowa\u0142em si\u0119 nieetycznie. Prosi\u0142em wczoraj, by nie ocenia\u0107 sytuacji nie maj\u0105c \u017cadnej wiedzy na temat tego, dlaczego chc\u0119 opu\u015bci\u0107 klub. To jest mo\u017ce \u017cycie i mog\u0119 o nim decydowa\u0107. Jestem szczery i transparentny. Prosz\u0119 ju\u017c nie zadawa\u0107 na ten temat pyta\u0144. To jest konferencja o meczu, a nie o Marku Papszunie.<\/p>\n<p class=\"art_paragraph\">Kolejne pytanie odnosi\u0142o si\u0119 jednak do zniszczonego muralu z podobizn\u0105 trenera &#8211;\u00a0Kto\u015b nie docenia tego, co ja zrobi\u0142em w Rakowie i okej. Ja wiem, czego ja tu dokona\u0142em i \u015bpi\u0119 spokojnie. Wida\u0107 to by\u0142o po tym meczu, \u017ce nic w moim podej\u015bciu si\u0119 nie zmieni\u0142o. Nie powiedzia\u0142em, \u017ce odchodz\u0119, a, \u017ce chcia\u0142bym odej\u015b\u0107. Gdybym nie by\u0142 profesjonalny, to bym nie prowadzi\u0142 dru\u017cyny. Jestem profesjonalny i zrobi\u0142em wszystko, by Rak\u00f3w wygrywa\u0142. Je\u017celi tu zostan\u0119 to b\u0119d\u0119 robi\u0142 wszystko, by Rak\u00f3w wygrywa\u0142.<\/p>\n<p class=\"art_paragraph\">&#8211; Ciesz\u0119 si\u0119 z tej wygranej, jestem z niej dumny. Po to wr\u00f3ci\u0142em do Rakowa, ale zastrzeg\u0142em te\u017c, \u017ce je\u017celi poczuj\u0119, \u017ce to ten moment, to b\u0119d\u0119 chcia\u0142 odej\u015b\u0107. Wr\u00f3ci\u0142em po to, by gra\u0107 w Europie, a je\u017celi wypracujemy co\u015b wi\u0119cej, to super. Rozegrali\u015bmy dzisiaj 10. mecz a przegrali\u015bmy tylko jeden. Bardzo to ceni\u0119 i za to mam wdzi\u0119czno\u015b\u0107 do sztabu i dru\u017cyny. Dla nich daj\u0119 maksa i nie odpuszczam w tej trudnej sytuacji &#8211; szkoleniowiec Rakowa zako\u0144czy\u0142 tymi s\u0142owami temat swojej przysz\u0142o\u015bci.<\/p>\n<p> Rapid by\u0142 mocny, ale my byli\u015bmy lepsi<\/p>\n<p class=\"art_paragraph\">Marek Papszun wypowiedzia\u0142 si\u0119 te\u017c na temat czwartkowego spotkania &#8211; Analizuj\u0105c przeciwnik\u00f3w zadajemy sobie pytanie o to, jaki poziom reprezentuj\u0105. Z naszej perspektywy Rapid jest mocny jako\u015bciowo. Kiedy przyspieszyli, by\u0142o to wida\u0107. To by\u0142 jednak mecz pod nasz\u0105 kontrol\u0105. Doceniam wysi\u0142ek, jaki w\u0142o\u017cy\u0142a dru\u017cyna, zw\u0142aszcza w tych okoliczno\u015bciach. By\u0107 mo\u017ce to nas bardziej zjednoczy\u0142o. Trzeba by\u0142o pokaza\u0107 charakter i pokazali\u015bmy, \u017ce sta\u0107 nas na du\u017co wi\u0119cej ni\u017c z Piastem. Otrz\u0105sn\u0119li\u015bmy si\u0119 po s\u0142abszym meczu i jestem bardzo zadowolony.<\/p>\n<p class=\"art_paragraph\">Trener Rakowa wypowiedzia\u0142 si\u0119 o zdrowiu Frana Tudora, kt\u00f3ry zosta\u0142 zmieniony w przerwie &#8211; Zmiana by\u0142a profilaktyczna. Poci\u0105gn\u0105\u0142 go mi\u0119sie\u0144, a przy obecnych problemach kadrowych zdecydowa\u0142em o zmianie. Chcemy, \u017ceby Fran by\u0142 gotowy na kolejny mecz.\u00a0<\/p>\n<p class=\"art_paragraph\">Marek Papszun dowiedzia\u0142 si\u0119 te\u017c, \u017ce wygrana nad Rapidem by\u0142o dwusetnym w roli trenera Rakowa &#8211;\u00a0W takim razie dobrze, \u017ce wyszed\u0142em na ten mecz, skoro to by\u0142o to 200. zwyci\u0119stwo. Bardzo ceni\u0119 ca\u0142\u0105 drog\u0119, kt\u00f3r\u0105 pokonali\u015bmy, i wszystkie sukcesy. Mistrzostwo Polski by\u0142o takim ukoronowaniem wszystkiego. Wr\u00f3ci\u0142em odbudowa\u0107 dru\u017cyn\u0119 po s\u0142abym sezonie i to te\u017c si\u0119 dokona\u0142o. Dzi\u015b Rak\u00f3w osi\u0105gn\u0105\u0142 kolejny sukces przy jakim\u015btam moim udziale. &#8211; zako\u0144czy\u0142 Papszun.<\/p>\n<p class=\"art_paragraph\">Rak\u00f3w Cz\u0119stochowa po rozegraniu pierwszych czwartkowych spotka\u0144 Ligi Konferencji awansowa\u0142 na czwarte miejsce w tabeli fazy ligowej. <a href=\"https:\/\/www.sport.pl\/pilka\/7,198438,32430908,bajka-tak-wyglada-tabela-ligi-konferencji-po-meczach-rakowa.html#do_w=543&amp;do_v=1661&amp;do_st=RS&amp;do_sid=2615&amp;do_a=2615&amp;s=min\" class=\"art_link\" rel=\"dofollow noopener\" target=\"_blank\">Na swoim koncie ma osiem punkt\u00f3w<\/a>. Cz\u0119stochowianie pokonali Rapid oraz\u00a0Universitate\u0119 Craiova, a zremisowali z Sigm\u0105 O\u0142omuniec oraz Spart\u0105 Praga. W ostatnich dw\u00f3ch pojedynkach Rak\u00f3w podejmie u siebie Zrinjski Mostar, a potem poleci na Cypr na mecz z Omoni\u0105.<\/p>\n","protected":false},"excerpt":{"rendered":"To by\u0142 prawdziwy pogrom! W 53. minucie meczu z Rapidem Wiede\u0144 Rak\u00f3w prowadzi\u0142 ju\u017c 4:0. Cz\u0119stochowianie spu\u015bcili nieco&hellip;\n","protected":false},"author":2,"featured_media":121840,"comment_status":"","ping_status":"","sticky":false,"template":"","format":"standard","meta":{"footnotes":""},"categories":[5],"tags":[32,33,36,37,27,34,35,28,31,25,42,38,40,39,41,29,30,26],"class_list":{"0":"post-121839","1":"post","2":"type-post","3":"status-publish","4":"format-standard","5":"has-post-thumbnail","7":"category-naglowki","8":"tag-breaking-news","9":"tag-breakingnews","10":"tag-featured-news","11":"tag-featurednews","12":"tag-headlines","13":"tag-latest-news","14":"tag-latestnews","15":"tag-naglowki","16":"tag-najwazniejsze-artykuly","17":"tag-news","18":"tag-pl","19":"tag-poland","20":"tag-polish","21":"tag-polska","22":"tag-polski","23":"tag-top-stories","24":"tag-topstories","25":"tag-wiadomosci"},"share_on_mastodon":{"url":"https:\/\/pubeurope.com\/@pl\/115623824271515612","error":""},"_links":{"self":[{"href":"https:\/\/www.europesays.com\/pl\/wp-json\/wp\/v2\/posts\/121839","targetHints":{"allow":["GET"]}}],"collection":[{"href":"https:\/\/www.europesays.com\/pl\/wp-json\/wp\/v2\/posts"}],"about":[{"href":"https:\/\/www.europesays.com\/pl\/wp-json\/wp\/v2\/types\/post"}],"author":[{"embeddable":true,"href":"https:\/\/www.europesays.com\/pl\/wp-json\/wp\/v2\/users\/2"}],"replies":[{"embeddable":true,"href":"https:\/\/www.europesays.com\/pl\/wp-json\/wp\/v2\/comments?post=121839"}],"version-history":[{"count":0,"href":"https:\/\/www.europesays.com\/pl\/wp-json\/wp\/v2\/posts\/121839\/revisions"}],"wp:featuredmedia":[{"embeddable":true,"href":"https:\/\/www.europesays.com\/pl\/wp-json\/wp\/v2\/media\/121840"}],"wp:attachment":[{"href":"https:\/\/www.europesays.com\/pl\/wp-json\/wp\/v2\/media?parent=121839"}],"wp:term":[{"taxonomy":"category","embeddable":true,"href":"https:\/\/www.europesays.com\/pl\/wp-json\/wp\/v2\/categories?post=121839"},{"taxonomy":"post_tag","embeddable":true,"href":"https:\/\/www.europesays.com\/pl\/wp-json\/wp\/v2\/tags?post=121839"}],"curies":[{"name":"wp","href":"https:\/\/api.w.org\/{rel}","templated":true}]}}