{"id":121856,"date":"2025-11-27T21:51:09","date_gmt":"2025-11-27T21:51:09","guid":{"rendered":"https:\/\/www.europesays.com\/pl\/121856\/"},"modified":"2025-11-27T21:51:09","modified_gmt":"2025-11-27T21:51:09","slug":"lech-poznan-wyszarpal-zwyciestwo-w-lk-a-ten-gol-w-koncowce-niesamowite","status":"publish","type":"post","link":"https:\/\/www.europesays.com\/pl\/121856\/","title":{"rendered":"Lech Pozna\u0144 wyszarpa\u0142 zwyci\u0119stwo w LK! A ten gol w ko\u0144c\u00f3wce? Niesamowite"},"content":{"rendered":"<p class=\"Paragraph_desktopParagraph__Fd2e9\">W tym sezonie ogl\u0105damy a\u017c cztery polskie zespo\u0142y w fazie ligowej Ligi Konferencji, ale wyniki nie s\u0105 ju\u017c tak powalaj\u0105ce. Jeszcze rok temu na tym etapie ogl\u0105dali\u015bmy dwie ekipy [Legi\u0119 i Jagielloni\u0119], kt\u00f3re po trzech kolejkach mog\u0142y pochwali\u0107 si\u0119 kompletem punkt\u00f3w. Do dzi\u015b najlepszy Rak\u00f3w Cz\u0119stochowa mia\u0142 pi\u0119\u0107 punkt\u00f3w, a Kolejorz tylko trzy po efektownym zwyci\u0119stwie z Rapidem Wiede\u0144 4:1.<\/p>\n<p class=\"VideoPlayerText_videoPlayerText__zrtJk\">Dalszy ci\u0105g materia\u0142u pod wideo<\/p>\n<p class=\"Paragraph_desktopParagraph__Fd2e9\">P\u00f3\u017aniej zawodnicy z Poznania skompromitowali si\u0119 na Gibraltarze z Lincolnem Red Imps 1:4, a nast\u0119pnie po raz drugi stracili punkty na wyje\u017adzie. W ostatnim przypadku po emocjonuj\u0105cym meczu lepsze okaza\u0142o si\u0119 hiszpa\u0144skie Rayo Vallecano [3:2]. W czwartek wreszcie wracali na Bu\u0142garsk\u0105, gdzie przyjecha\u0142a szwajcarska dru\u017cyna z siedmioma punktami na koncie, co dawa\u0142o wysok\u0105 pi\u0105t\u0105 lokat\u0119.<\/p>\n<p>Bartosz Mrozek bohaterem Lecha w pierwszej po\u0142owie<\/p>\n<p class=\"Paragraph_desktopParagraph__Fd2e9\">Zwyci\u0119stwa Lausanne-Sport z Breidablikiem 3:0, Hamrunem 1:0 i domowy remis z Omoni\u0105 Nikozja nie mog\u0142y jednak powala\u0107 na kolana i sprawia\u0107, \u017ce Lech m\u00f3g\u0142 dr\u017ce\u0107 przed czwartkowym starciem.<\/p>\n<p class=\"Paragraph_desktopParagraph__Fd2e9\">Pocz\u0105tkowo r\u00f3\u017cnicy klas na boisku nie da\u0142o si\u0119 dostrzec. Go\u015bcie zacz\u0119li od b\u0142yskawicznej akcji, ale Theo Bair zosta\u0142 powstrzymany przez defensor\u00f3w. Kanadyjski snajper by\u0142 jednym z najbardziej widocznych graczy, ale nie zdo\u0142a\u0142 pokona\u0107 Bartosza Mrozka.<\/p>\n<p class=\"Paragraph_desktopParagraph__Fd2e9\">Do tego Lech z ka\u017cd\u0105 minut\u0105 wygl\u0105da\u0142 coraz lepiej, cho\u0107 i ten stan na murawie uleg\u0142 p\u00f3\u017aniej zmianie. Przez d\u0142ugie minuty spotkanie nie by\u0142o zbyt atrakcyjne ze wzgl\u0119du na &#8222;badanie si\u0119&#8221; zespo\u0142\u00f3w i ostro\u017cnej grze z obu stron. Gospodarze mieli okazje, by wyj\u015b\u0107 na prowadzenie, ale \u017cadnej z nich nie wykorzystali w pierwszej cz\u0119\u015bci gry.<\/p>\n<p class=\"Paragraph_desktopParagraph__Fd2e9\">W 14. minucie Luis Palma doskonale odnalaz\u0142 Mikaela Ishaja, ale ten uderzaj\u0105c z pola karnego, powinien trafi\u0107 w bramk\u0119. Snajper pos\u0142a\u0142 pi\u0142k\u0119 nad poprzeczk\u0105, a na pozna\u0144skim obiekcie, zamiast krzyk\u00f3w euforii, da\u0142o si\u0119 us\u0142ysze\u0107 j\u0119k zawodu.<\/p>\n<p class=\"Paragraph_desktopParagraph__Fd2e9\">Po drugiej stronie celnym strza\u0142em odpowiedzia\u0142 Alban Ajdini, a futbol\u00f3wk\u0119 z\u0142apa\u0142 Mrozek. I to bramkarz Lecha sta\u0142 si\u0119 bohaterem swojej dru\u017cyny, mimo kilku kolejnych ofensywnych akcji. Po p\u00f3\u0142 godziny gry pokaza\u0142 si\u0119 Antoni Kozubal, a jego uderzenie z dystansu efektownie obroni\u0142 Karlo Letica.<\/p>\n<p class=\"Paragraph_desktopParagraph__Fd2e9\">Tu\u017c przed przerw\u0105 wi\u0119cej dzia\u0142o si\u0119 ju\u017c pod bramk\u0105 gospodarzy, przez co sporo pracy mia\u0142 25-letni golkiper. Dobrze w zamieszaniu w szesnastce zareagowa\u0142 po p\u0142askiej wrzutce z rzutu ro\u017cnego, a w doliczonym czasie gry da\u0142 prawdziwy popis, broni\u0105c dwa uderzenia, w tym gro\u017an\u0105 pr\u00f3b\u0119 Ajdiniego tu\u017c przy lewym s\u0142upku.<\/p>\n<p class=\"Paragraph_desktopParagraph__Fd2e9\">Gro\u017ane akcje go\u015bci mog\u0142y zaskakiwa\u0107 kibic\u00f3w, kt\u00f3rzy spodziewali si\u0119, \u017ce gospodarze na dobre przejm\u0105 inicjatyw\u0119. Tak nie sta\u0142o si\u0119 jednak nawet po przerwie. Po gro\u017anej akcji i zagraniu Morgana Poaty&#8217;ego Bair zderzy\u0142 si\u0119 z Mrozkiem i by\u0142 blisko trafienia do siatki. Lech mia\u0142 sporo szcz\u0119\u015bcia, bo ani pi\u0142ka nie przekroczy\u0142a linii bramkowej, ani problem\u00f3w ze zdrowiem ostatecznie nie mia\u0142 golkiper. Po chwili pomaga\u0107 w powstrzymaniu rywali zn\u00f3w musia\u0142 mu Mo\u0144ka, czyli wyr\u00f3\u017cniaj\u0105cy si\u0119 defensor gospodarzy zas\u0142uguj\u0105cy na same pochwa\u0142y.<\/p>\n<p>Lech Pozna\u0144 wygrywa 2:0! Kluczowa akcja i euforia przy Bu\u0142garskiej<\/p>\n<p class=\"Paragraph_desktopParagraph__Fd2e9\">Podczas gdy plusy stawia\u0107 mo\u017cna by\u0142o przy nazwiskach kilku graczy odpowiadaj\u0105cych za defensyw\u0119, spore uwagi mo\u017cna by\u0142o mie\u0107 co do kreatywnych zawodnik\u00f3w, w tym do Luisa Palmy. Kibice cierpliwie czekali, zdaj\u0105c sobie spraw\u0119, \u017ce po kilku z\u0142ych decyzja wci\u0105\u017c mo\u017cna by\u0142o spodziewa\u0107 si\u0119 przeb\u0142ysku geniuszu u 25-letniego pomocnika.<\/p>\n<p class=\"Paragraph_desktopParagraph__Fd2e9\">Co\u015b drgn\u0119\u0142o po godzinie gry. Po efektownym dryblingu Honduranina i zagraniu do Filipa Jagie\u0142\u0142y defensorzy Lausanne-Sport wyra\u017anie zaspali. 28-latek b\u0142yskawicznie wypatrzy\u0142 Taofeeka Ismaheela, kt\u00f3ry na boisku pojawi\u0142 si\u0119 po przerwie. Nigeryjczyk zachowa\u0142 si\u0119 doskonale i po p\u0142askim uderzeniu cieszy\u0142 si\u0119 z pozosta\u0142ymi graczami Kolejorza z prowadzenia.<\/p>\n<p class=\"Paragraph_desktopParagraph__Fd2e9\">Od mistrza Polski nale\u017ca\u0142o wymaga\u0107, by mimo niepowodze\u0144 na boisku i trudno\u015bci ze zdominowaniem rywala by\u0107 w stanie wykorzysta\u0107 jedn\u0105 dogodn\u0105 sytuacj\u0119. Tak sta\u0142o si\u0119 w 4. kolejce Ligi Konferencji, w kt\u00f3rej zawodnicy Nielsa Frederiksena dopisali sobie drugi komplet punkt\u00f3w. By tak si\u0119 sta\u0142o, musieli jeszcze powstrzyma\u0107 m.in. Baira, kt\u00f3ry w 88. minucie uderzy\u0142 tu\u017c nad poprzeczk\u0105, a w doliczonym czasie gospodarze wybijali pi\u0142k\u0119 kilkadziesi\u0105t centymetr\u00f3w od linii bramkowej. Okazj\u0119 na 2:0 mia\u0142 jeszcze Mikael Ishak, ale podanie od Leo Bengtssona okaza\u0142o si\u0119 zbyt niedok\u0142adne, a napastnik, pr\u00f3buj\u0105c doj\u015b\u0107 do niego, upad\u0142.<\/p>\n<p class=\"Paragraph_desktopParagraph__Fd2e9\">To, co nie uda\u0142o si\u0119 Szwedowi, zrobi\u0142 Yannick Agnero. Iworyjczyk efektownie w\u015blizgiem trafi\u0142 do siatki po doskona\u0142ym zagraniu Ismaheela, kt\u00f3ry do gola dorzuci\u0142 asyst\u0119. Kibice mogli opuszcza\u0107 stadion w pe\u0142ni usatysfakcjonowani, mimo problem\u00f3w tu\u017c przed i po przerwie.<\/p>\n<p class=\"Paragraph_desktopParagraph__Fd2e9\">Od dzi\u015b Lech ma na koncie sze\u015b\u0107 punkt\u00f3w i zbli\u017cy si\u0119 do lokat daj\u0105cych bezpo\u015bredni awans do fazy pucharowej LK [1-8]. Koniec roku b\u0119dzie jednak dla Kolejorza niezwykle wymagaj\u0105cy. Po dw\u00f3ch meczach ligowych z Wis\u0142\u0105 w P\u0142ocku i Piastem w Gliwicach 11 grudnia podejmie 1. FSV Mainz. Ekipa z Bundesligi mo\u017ce okaza\u0107 si\u0119 najtrudniejszym rywalem w tej fazie. Tydzie\u0144 p\u00f3\u017aniej zesp\u00f3\u0142 z Ekstraklasy uda si\u0119 do Czech, gdzie powalczy z Sigm\u0105 O\u0142omuniec.<\/p>\n","protected":false},"excerpt":{"rendered":"W tym sezonie ogl\u0105damy a\u017c cztery polskie zespo\u0142y w fazie ligowej Ligi Konferencji, ale wyniki nie s\u0105 ju\u017c&hellip;\n","protected":false},"author":2,"featured_media":121857,"comment_status":"","ping_status":"","sticky":false,"template":"","format":"standard","meta":{"footnotes":""},"categories":[5],"tags":[32,33,36,37,27,67,34,35,26074,2806,7714,7713,28,31,25,42,38,40,39,41,136,128,47,135,29,30,26,130],"class_list":{"0":"post-121856","1":"post","2":"type-post","3":"status-publish","4":"format-standard","5":"has-post-thumbnail","7":"category-naglowki","8":"tag-breaking-news","9":"tag-breakingnews","10":"tag-featured-news","11":"tag-featurednews","12":"tag-headlines","13":"tag-intextvideo_splayer","14":"tag-latest-news","15":"tag-latestnews","16":"tag-lausanne_sports","17":"tag-lech_poznan","18":"tag-liga_konferencji","19":"tag-liga_konferencji_europy","20":"tag-naglowki","21":"tag-najwazniejsze-artykuly","22":"tag-news","23":"tag-pl","24":"tag-poland","25":"tag-polish","26":"tag-polska","27":"tag-polski","28":"tag-ps_detal_new","29":"tag-psv2","30":"tag-screening_general","31":"tag-sport_sport","32":"tag-top-stories","33":"tag-topstories","34":"tag-wiadomosci","35":"tag-wiadomosci_sportowe"},"share_on_mastodon":{"url":"https:\/\/pubeurope.com\/@pl\/115623879286124249","error":""},"_links":{"self":[{"href":"https:\/\/www.europesays.com\/pl\/wp-json\/wp\/v2\/posts\/121856","targetHints":{"allow":["GET"]}}],"collection":[{"href":"https:\/\/www.europesays.com\/pl\/wp-json\/wp\/v2\/posts"}],"about":[{"href":"https:\/\/www.europesays.com\/pl\/wp-json\/wp\/v2\/types\/post"}],"author":[{"embeddable":true,"href":"https:\/\/www.europesays.com\/pl\/wp-json\/wp\/v2\/users\/2"}],"replies":[{"embeddable":true,"href":"https:\/\/www.europesays.com\/pl\/wp-json\/wp\/v2\/comments?post=121856"}],"version-history":[{"count":0,"href":"https:\/\/www.europesays.com\/pl\/wp-json\/wp\/v2\/posts\/121856\/revisions"}],"wp:featuredmedia":[{"embeddable":true,"href":"https:\/\/www.europesays.com\/pl\/wp-json\/wp\/v2\/media\/121857"}],"wp:attachment":[{"href":"https:\/\/www.europesays.com\/pl\/wp-json\/wp\/v2\/media?parent=121856"}],"wp:term":[{"taxonomy":"category","embeddable":true,"href":"https:\/\/www.europesays.com\/pl\/wp-json\/wp\/v2\/categories?post=121856"},{"taxonomy":"post_tag","embeddable":true,"href":"https:\/\/www.europesays.com\/pl\/wp-json\/wp\/v2\/tags?post=121856"}],"curies":[{"name":"wp","href":"https:\/\/api.w.org\/{rel}","templated":true}]}}