{"id":121911,"date":"2025-11-27T22:33:10","date_gmt":"2025-11-27T22:33:10","guid":{"rendered":"https:\/\/www.europesays.com\/pl\/121911\/"},"modified":"2025-11-27T22:33:10","modified_gmt":"2025-11-27T22:33:10","slug":"atak-w-waszyngtonie-zolnierze-zaatakowani-przed-bialym-domem-walcza-o-zycie","status":"publish","type":"post","link":"https:\/\/www.europesays.com\/pl\/121911\/","title":{"rendered":"Atak w Waszyngtonie. \u017bo\u0142nierze zaatakowani przed Bia\u0142ym Domem walcz\u0105 o \u017cycie"},"content":{"rendered":"<p>Do ataku dosz\u0142o w \u015brod\u0119 oko\u0142o 500 metr\u00f3w od Bia\u0142ego Domu, nieopodal stacji metra Farragut North. Prokurator Waszyngtonu Jeanine Pirro przekaza\u0142a, \u017ce sprawc\u0105 postrzelenia dw\u00f3ch \u017co\u0142nierzy Gwardii Narodowej jest 29-letni Afga\u0144czyk Rahmanullah Lakanwal.<\/p>\n<p>\u00a0<\/p>\n<p>\u015aledczy ustalili, \u017ce m\u0119\u017cczyzna przyjecha\u0142 do Waszyngtonu z zachodniego wybrze\u017ca USA, specjalnie po to, by dokona\u0107 zab\u00f3jstwa. Odda\u0142 w kierunku \u017co\u0142nierzy wiele celnych strza\u0142\u00f3w z rewolweru .357 Magnum.\u00a0<\/p>\n<p>\u00a0<\/p>\n<p>ZOBACZ: <a href=\"https:\/\/www.polsatnews.pl\/wiadomosc\/2025-11-27\/trump-oburzony-po-strzelaninie-w-waszyngtonie-ujawnil-narodowosc-sprawcy\/\" target=\"_blank\" rel=\"noopener noreferrer nofollow\">Trump oburzony po strzelaninie w Waszyngtonie. Ujawni\u0142 narodowo\u015b\u0107 sprawcy<\/a><\/p>\n<p>\u00a0<\/p>\n<p>\u017bo\u0142nierze to cz\u0142onkowie Gwardii Narodowej ze stanu Wirginia Zachodnia &#8211; 20-letnia Sarah Beckstrom i 24-letni Andrew Wolfe. Prokurator generalna Pam Bondi przekaza\u0142a, \u017ce oboje przeszli operacj\u0119, ale ich stan pozostaje krytyczny.\u00a0<\/p>\n<p>\u00a0<\/p>\n<p>&#8222;Sarah i Andrew zostali zaprzysi\u0119\u017ceni mniej ni\u017c 24 godziny przed tym, jak zostali postrzeleni na ulicach Waszyngtonu&#8221; &#8211; przekaza\u0142a prokurator Pirro cytowana przez &#8222;New York Post&#8221;.<\/p>\n<p>Waszyngton. Podejrzany o atak na \u017co\u0142nierzy wsp\u00f3\u0142pracowa\u0142 z CIA w Afganistanie<\/p>\n<p>W najbli\u017cszych godzinach rozstrzygnie si\u0119 przysz\u0142o\u015b\u0107 nie tylko postrzelonych \u017co\u0142nierzy, ale te\u017c domniemanego sprawcy. Prokurator generalna Pam Bondi przekaza\u0142a, \u017ce m\u0119\u017cczyzna b\u0119dzie odpowiada\u0142 za terroryzm.\u00a0Je\u015bli \u017co\u0142nierze nie prze\u017cyj\u0105, grozi mu do\u017cywotnie pozbawienie wolno\u015bci.<\/p>\n<p>\u00a0<\/p>\n<p>&#8211; Modlimy si\u0119, by prze\u017cyli i by najpowa\u017cniejszym zarzutem, jaki postawimy, nie by\u0142o zab\u00f3jstwo pierwszego stopnia &#8211;\u00a0powiedzia\u0142a prokurator Pirro.<\/p>\n<p>\u00a0<\/p>\n<p>W\u0142asne \u015bledztwo w sprawie organizacji zamachu terrorystycznego prowadzi FBI. Informacj\u0119 t\u0119 przekaza\u0142 szef biura, Kash Patel, cho\u0107 na razie nie jest znana motywacja sprawcy.<\/p>\n<p>\u00a0<\/p>\n<p>ZOBACZ: <a href=\"https:\/\/www.polsatnews.pl\/wiadomosc\/2025-11-26\/strzaly-przy-bialym-domu-postrzelono-zolnierzy\/\" target=\"_blank\" rel=\"noopener noreferrer nofollow\">Strza\u0142y w pobli\u017cu Bia\u0142ego Domu. \u017bo\u0142nierze w stanie krytycznym<\/a><\/p>\n<p>\u00a0<\/p>\n<p>Szef CIA John Ratcliffe potwierdzi\u0142, \u017ce Rahmanullah Lakanwal by\u0142 wsp\u00f3\u0142pracownikiem s\u0142u\u017cb USA. Prac\u0119 dla CIA zacz\u0105\u0142 jeszcze w Afganistanie, sk\u0105d by\u0142 ewakuowany po upadku rz\u0105du Aszrafa Ghaniego i przej\u0119ciu w\u0142adzy przez Talib\u00f3w w 2021 r.\u00a0<\/p>\n<p>\u00a0<\/p>\n<p>&#8222;W obliczu katastrofalnego wycofania si\u0142 z Afganistanu przez by\u0142ego prezydenta USA Joe Bidena jego administracja uzasadni\u0142a sprowadzenie domniemanego napastnika do Stan\u00f3w Zjednoczonych we wrze\u015bniu 2021 r. jego wcze\u015bniejsz\u0105 wsp\u00f3\u0142prac\u0105 z rz\u0105dem USA, w tym z CIA, jako cz\u0142onka si\u0142 partnerskich w Kandaharze, kt\u00f3ra zako\u0144czy\u0142a si\u0119 wkr\u00f3tce po chaotycznej ewakuacji&#8221; &#8211; przekaza\u0142 Ratcliffe.<\/p>\n<p>Atak na \u017co\u0142nierzy w Waszyngtonie. Donald Trump obwinia Joe Bidena<\/p>\n<p>Prezydent Trump zdecydowa\u0142, aby wszyscy Afga\u0144czycy, kt\u00f3rzy trafili do USA po 2021 r., zostali ponownie skontrolowani przez s\u0142u\u017cby. Ameryka\u0144ski urz\u0105d emigracyjny potwierdzi\u0142, \u017ce rozpatrywanie wszystkich wniosk\u00f3w wizowych obywateli Afganistanu zosta\u0142o wstrzymane bezterminowo.\u00a0<\/p>\n<p>\u00a0<\/p>\n<p>&#8222;Musimy teraz ponownie zbada\u0107 ka\u017cdego cudzoziemca, kt\u00f3ry wjecha\u0142 do naszego kraju z Afganistanu za rz\u0105d\u00f3w Bidena, i podj\u0105\u0107 wszelkie niezb\u0119dne \u015brodki, aby zapewni\u0107 wydalenie z ka\u017cdego kraju ka\u017cdego cudzoziemca, kt\u00f3ry nie powinien si\u0119 tu znajdowa\u0107 lub przynie\u015b\u0107 korzy\u015bci naszemu krajowi&#8221; &#8211; zapowiedzia\u0142 prezydent USA.<\/p>\n<p>\u00a0<\/p>\n<p>Odpowiedzialno\u015bci\u0105 za dzia\u0142ania\u00a0Rahmanullaha Lakanwala Donald Trump obarczy\u0142 swojego poprzednika.<\/p>\n<p>\u00a0<\/p>\n<p>&#8222;Przylecia\u0142 tu we wrze\u015bniu 2021 roku z administracj\u0105 Bidena, tymi nies\u0142awnymi lotami, o kt\u00f3rych wszyscy m\u00f3wili&#8221; &#8211; powiedzia\u0142 Donald Trump.<\/p>\n<p>\u00a0<\/p>\n<p>&#8222;Zwierz\u0119, kt\u00f3re postrzeli\u0142o dw\u00f3ch \u017co\u0142nierzy Gwardii Narodowej (obaj s\u0105 ci\u0119\u017cko ranni i obecnie znajduj\u0105 si\u0119 w dw\u00f3ch r\u00f3\u017cnych szpitalach), r\u00f3wnie\u017c jest ci\u0119\u017cko ranne, ale niezale\u017cnie od tego zap\u0142aci bardzo wysok\u0105 cen\u0119&#8221; &#8211; napisa\u0142 Donald Trump w Truth Social kr\u00f3tko po pierwszych doniesieniach o ataku.<\/p>\n<p>\u00a0<\/p>\n<p>\u00a0<\/p>\n<p>Widzia\u0142e\u015b co\u015b wa\u017cnego? Przy\u015blij zdj\u0119cie, film lub napisz, co si\u0119 sta\u0142o. Skorzystaj z naszej <a href=\"https:\/\/www.polsatnews.pl\/platforma-widzow\/\" target=\"_blank\" rel=\"noopener noreferrer nofollow\">Wrzutni<\/a><\/p>\n<p>                <a class=\"news__read-more-button\" href=\"https:\/\/www.polsatnews.pl\/\" rel=\"nofollow noopener\" target=\"_blank\">Czytaj wi\u0119cej<\/a><\/p>\n","protected":false},"excerpt":{"rendered":"Do ataku dosz\u0142o w \u015brod\u0119 oko\u0142o 500 metr\u00f3w od Bia\u0142ego Domu, nieopodal stacji metra Farragut North. Prokurator Waszyngtonu&hellip;\n","protected":false},"author":2,"featured_media":121912,"comment_status":"","ping_status":"","sticky":false,"template":"","format":"standard","meta":{"footnotes":""},"categories":[5],"tags":[32,33,36,37,27,34,35,28,31,25,42,38,40,39,41,29,30,26],"class_list":{"0":"post-121911","1":"post","2":"type-post","3":"status-publish","4":"format-standard","5":"has-post-thumbnail","7":"category-naglowki","8":"tag-breaking-news","9":"tag-breakingnews","10":"tag-featured-news","11":"tag-featurednews","12":"tag-headlines","13":"tag-latest-news","14":"tag-latestnews","15":"tag-naglowki","16":"tag-najwazniejsze-artykuly","17":"tag-news","18":"tag-pl","19":"tag-poland","20":"tag-polish","21":"tag-polska","22":"tag-polski","23":"tag-top-stories","24":"tag-topstories","25":"tag-wiadomosci"},"share_on_mastodon":{"url":"https:\/\/pubeurope.com\/@pl\/115624044402464863","error":""},"_links":{"self":[{"href":"https:\/\/www.europesays.com\/pl\/wp-json\/wp\/v2\/posts\/121911","targetHints":{"allow":["GET"]}}],"collection":[{"href":"https:\/\/www.europesays.com\/pl\/wp-json\/wp\/v2\/posts"}],"about":[{"href":"https:\/\/www.europesays.com\/pl\/wp-json\/wp\/v2\/types\/post"}],"author":[{"embeddable":true,"href":"https:\/\/www.europesays.com\/pl\/wp-json\/wp\/v2\/users\/2"}],"replies":[{"embeddable":true,"href":"https:\/\/www.europesays.com\/pl\/wp-json\/wp\/v2\/comments?post=121911"}],"version-history":[{"count":0,"href":"https:\/\/www.europesays.com\/pl\/wp-json\/wp\/v2\/posts\/121911\/revisions"}],"wp:featuredmedia":[{"embeddable":true,"href":"https:\/\/www.europesays.com\/pl\/wp-json\/wp\/v2\/media\/121912"}],"wp:attachment":[{"href":"https:\/\/www.europesays.com\/pl\/wp-json\/wp\/v2\/media?parent=121911"}],"wp:term":[{"taxonomy":"category","embeddable":true,"href":"https:\/\/www.europesays.com\/pl\/wp-json\/wp\/v2\/categories?post=121911"},{"taxonomy":"post_tag","embeddable":true,"href":"https:\/\/www.europesays.com\/pl\/wp-json\/wp\/v2\/tags?post=121911"}],"curies":[{"name":"wp","href":"https:\/\/api.w.org\/{rel}","templated":true}]}}