{"id":121936,"date":"2025-11-27T22:59:08","date_gmt":"2025-11-27T22:59:08","guid":{"rendered":"https:\/\/www.europesays.com\/pl\/121936\/"},"modified":"2025-11-27T22:59:08","modified_gmt":"2025-11-27T22:59:08","slug":"pierwsza-zagraniczna-pielgrzymka-papiez-leon-xiv-w-turcji","status":"publish","type":"post","link":"https:\/\/www.europesays.com\/pl\/121936\/","title":{"rendered":"Pierwsza zagraniczna pielgrzymka. Papie\u017c Leon XIV w Turcji"},"content":{"rendered":"<p>Papie\u017c Leon XIV odbywa swoj\u0105 pierwsz\u0105 zagraniczn\u0105 pielgrzymk\u0119. Na pok\u0142adzie samolotu, kt\u00f3rym wyruszy\u0142 w podr\u00f3\u017c do Trucji towarzyszy\u0142o mu pomad 80 dziennikarzy z ca\u0142ego \u015bwiata.\u00a0<\/p>\n<p>\u00a0<\/p>\n<p>Ojciec \u015bwi\u0119ty otrzyma\u0142 od nich kilka prezent\u00f3w. W\u015br\u00f3d nich by\u0142o m.ni. ciasto dyniowe z okazji \u015awi\u0119ta Dzi\u0119kczynienia. &#8211; Na pewno si\u0119 podziel\u0119 &#8211; zapowiedzia\u0142.<\/p>\n<p>\u00a0<\/p>\n<p>Ameryka\u0144ski reporter przyni\u00f3s\u0142 papie\u017cowi kij baseballowy &#8211; pami\u0105tk\u0119 rodzinn\u0105, kt\u00f3ra nale\u017ca\u0142a do Nellie&#8217;a Fox, s\u0142ynnego ameryka\u0144skiego gracza z lat 50. Baseballista wyst\u0119powa\u0142 m.in. w Chicago White Sox, dru\u017cynie z miasta, w kt\u00f3rym urodzi\u0142 si\u0119 i wychowa\u0142 papie\u017c. &#8211; Jak to przesz\u0142o przez kontrol\u0119 bezpiecze\u0144stwa? &#8211; za\u017cartowa\u0142 Leon XIV.\u00a0<\/p>\n<p>\u00a0<\/p>\n<p>Dosta\u0142 te\u017c skarpety i klapki z logo tej dru\u017cyny. &#8211; Mo\u017ce je papie\u017c nosi\u0107 w Castel Gandolfo &#8211; powiedzia\u0142a jedna z dziennikarek.<\/p>\n<p>\u00a0<\/p>\n<p>\u00a0<\/p>\n<p>\u00a0<\/p>\n<p>\u00a0<\/p>\n<p>Z kolei Eva Fernandez hiszpa\u0144ska korespondentka przekaza\u0142a list napisany przez Ignacio Gonzalveza, 15-latka, kt\u00f3ry w sierpniu uczestniczy\u0142 w Jubileuszu \u015awiatowych Dni M\u0142odzie\u017cy. Nastolatek od tego czasu przebywa w szpitalu dzieci\u0119cym Stolicy Apostolskiej z powodu agresywnego ch\u0142oniaka.<\/p>\n<p>Pierwsza pielgrzymka zagraniczna. Papie\u017c Leon XIV w Turcji<\/p>\n<p>Leon XIV przed wizyt\u0105 w Pa\u0142acu Prezydenckim Ak Saraj i spotkaniem z Erdoganem w Ankarze odwiedzi\u0142 Mauzoleum Ataturka, za\u0142o\u017cyciela Republiki Turcji i jej pierwszego prezydenta.<\/p>\n<p>\u00a0<\/p>\n<p>W przem\u00f3wieniu do przedstawicieli w\u0142adz i spo\u0142ecze\u0144stwa Turcji, w obecno\u015bci Erdogana, papie\u017c podkre\u015bli\u0142, \u017ce ziemia ta jest nierozerwalnie zwi\u0105zana z pocz\u0105tkami chrze\u015bcija\u0144stwa. &#8211; Dzisiaj wzywa dzieci Abrahama i ca\u0142\u0105 ludzko\u015b\u0107 do braterstwa, kt\u00f3re uznaje i docenia r\u00f3\u017cnice &#8211; doda\u0142.<\/p>\n<p>\u00a0<\/p>\n<p>&#8211; Zajmujecie wa\u017cne miejsce w tera\u017aniejszo\u015bci i przysz\u0142o\u015bci basenu Morza \u015ar\u00f3dziemnego i ca\u0142ego \u015bwiata &#8211; m\u00f3wi\u0142 Leon XIV. Zapewni\u0142, \u017ce pozytywny wk\u0142ad w jedno\u015b\u0107 kraju pragn\u0105 wnie\u015b\u0107 tak\u017ce chrze\u015bcijanie, kt\u00f3rzy &#8222;s\u0105 i czuj\u0105 si\u0119 cz\u0119\u015bci\u0105 tureckiej to\u017csamo\u015bci&#8221;.<\/p>\n<p>\u00a0<\/p>\n<p>ZOBACZ: <a href=\"https:\/\/www.polsatnews.pl\/wiadomosc\/2025-11-15\/papiez-spotkal-sie-z-gwiazdami-kina-badzcie-rzemieslnikami-nadziei\/\" rel=\"nofollow noopener\" target=\"_blank\">Papie\u017c spotka\u0142 si\u0119 z gwiazdami kina. &#8222;B\u0105d\u017acie rzemie\u015blnikami nadziei&#8221;<\/a><\/p>\n<p>\u00a0<\/p>\n<p>Leon XIV przypomnia\u0142, \u017ce jego poprzednik, papie\u017c Franciszek m\u00f3wi\u0142 o znaczeniu &#8222;kultury spotkania&#8221;, a &#8222;globalizacji oboj\u0119tno\u015bci&#8221; przeciwstawia\u0142 odczuwanie b\u00f3lu innych, s\u0142uchanie g\u0142osu ubogich i Ziemi.<\/p>\n<p>\u00a0<\/p>\n<p>&#8211; Sprawiedliwo\u015b\u0107 i mi\u0142osierdzie rzucaj\u0105 wyzwanie prawu si\u0142y i o\u015bmielaj\u0105 si\u0119 domaga\u0107, aby wsp\u00f3\u0142czucie i solidarno\u015b\u0107 by\u0142y uznawane za kryteria rozwoju &#8211; o\u015bwiadczy\u0142. &#8211; Dlatego w spo\u0142ecze\u0144stwie takim jak tureckie, w kt\u00f3rym religia pe\u0142ni widoczn\u0105 rol\u0119, fundamentalne znaczenie ma uszanowanie wolno\u015bci i godno\u015bci wszystkich. Papie\u017c apelowa\u0142 o krzewienie dobra wsp\u00f3lnego i szacunku dla wszystkich.<\/p>\n<p>&#8222;Od tego zale\u017cy przysz\u0142o\u015b\u0107 ludzko\u015bci&#8221;. Papie\u017c zwr\u00f3ci\u0142 si\u0119 do Erdogana<\/p>\n<p>Zwracaj\u0105c si\u0119 do prezydenta Erdogana, papie\u017c wyrazi\u0142 pragnienie, by Turcja by\u0142a czynnikiem stabilizacji i zbli\u017cenia mi\u0119dzy narodami, w s\u0142u\u017cbie sprawiedliwego i trwa\u0142ego pokoju. &#8211; Dzi\u015b bardziej ni\u017c kiedykolwiek potrzeba os\u00f3b, kt\u00f3re b\u0119d\u0105 sprzyja\u0107 dialogowi i b\u0119d\u0105 praktykowa\u0107 go z siln\u0105 wol\u0105 i cierpliwym uporem &#8211; oznajmi\u0142.<\/p>\n<p>\u00a0<\/p>\n<p>Zaznaczy\u0142, \u017ce trwa faza silnych konflikt\u00f3w na poziomie globalnym, w kt\u00f3rej &#8222;dominuj\u0105 strategie pot\u0119gi gospodarczej i militarnej nap\u0119dzaj\u0105ce&#8221; to, co papie\u017c Franciszek nazwa\u0142 &#8222;trzeci\u0105 wojn\u0105 \u015bwiatow\u0105 w kawa\u0142kach&#8221;.\u00a0<\/p>\n<p>\u00a0<\/p>\n<p>&#8211; Nie mo\u017cemy w \u017caden spos\u00f3b podda\u0107 si\u0119 tej tendencji. Od tego zale\u017cy przysz\u0142o\u015b\u0107 ludzko\u015bci &#8211; apelowa\u0142 papie\u017c.<\/p>\n<p>\u00a0<\/p>\n<p>ZOBACZ: <a href=\"https:\/\/www.polsatnews.pl\/wiadomosc\/2025-11-09\/papiez-na-mszy-w-bazylice-lateranskiej-kopmy-gleboko-wolni-od-kryteriow-swiata\/\" rel=\"nofollow noopener\" target=\"_blank\">Papie\u017c na mszy w &#8222;matce wszystkich ko\u015bcio\u0142\u00f3w&#8221;. &#8222;Kopmy g\u0142\u0119boko, wolni od kryteri\u00f3w \u015bwiata&#8221;<\/a><\/p>\n<p>\u00a0<\/p>\n<p>Erdogan w swoim przem\u00f3wieniu powitalnym podkre\u015bli\u0142, \u017ce rozmawia\u0142 z papie\u017cem o wyzwaniach dla ludzko\u015bci, o migracji, kryzysach i konfliktach oraz zmianach klimatycznych. &#8211; Musimy razem stawia\u0107 czo\u0142o tym wyzwaniom &#8211; powiedzia\u0142.<\/p>\n<p>\u00a0<\/p>\n<p>Odnosz\u0105c si\u0119 do sytuacji w Strefie Gazy, zaznaczy\u0142, \u017ce trwaj\u0105 tam wci\u0105\u017c bombardowania, w tym obiekt\u00f3w cywilnych. Doda\u0142, \u017ce w ci\u0105gu ponad dw\u00f3ch lat konfliktu z Izraelem zgin\u0119\u0142o tam oko\u0142o 70 tys. os\u00f3b.<\/p>\n<p>\u00a0<\/p>\n<p>Turecki prezydent m\u00f3wi\u0142 o przychylnym podej\u015bciu\u00a0Leona XIV i trzech jego poprzednik\u00f3w do kwestii palesty\u0144skiej.<\/p>\n<p>\u00a0<\/p>\n<p>Wieczorem\u00a0Leon\u00a0XIV rozpocznie wizyt\u0119 w Stambule, gdzie zostanie do niedzieli.<\/p>\n<p>\u00a0<\/p>\n<p>Widzia\u0142e\u015b co\u015b wa\u017cnego? Przy\u015blij zdj\u0119cie, film lub napisz, co si\u0119 sta\u0142o. Skorzystaj z naszej <a href=\"https:\/\/www.polsatnews.pl\/platforma-widzow\/\" target=\"_blank\" rel=\"noopener noreferrer nofollow\">Wrzutni<\/a><\/p>\n<p>                <a class=\"news__read-more-button\" href=\"https:\/\/www.polsatnews.pl\/\" rel=\"nofollow noopener\" target=\"_blank\">Czytaj wi\u0119cej<\/a><\/p>\n","protected":false},"excerpt":{"rendered":"Papie\u017c Leon XIV odbywa swoj\u0105 pierwsz\u0105 zagraniczn\u0105 pielgrzymk\u0119. Na pok\u0142adzie samolotu, kt\u00f3rym wyruszy\u0142 w podr\u00f3\u017c do Trucji towarzyszy\u0142o&hellip;\n","protected":false},"author":2,"featured_media":121937,"comment_status":"","ping_status":"","sticky":false,"template":"","format":"standard","meta":{"footnotes":""},"categories":[14],"tags":[32,33,27,34,35,28,31,25,40,41,80,29,30,26,82,83,84],"class_list":{"0":"post-121936","1":"post","2":"type-post","3":"status-publish","4":"format-standard","5":"has-post-thumbnail","7":"category-swiat","8":"tag-breaking-news","9":"tag-breakingnews","10":"tag-headlines","11":"tag-latest-news","12":"tag-latestnews","13":"tag-naglowki","14":"tag-najwazniejsze-artykuly","15":"tag-news","16":"tag-polish","17":"tag-polski","18":"tag-swiat","19":"tag-top-stories","20":"tag-topstories","21":"tag-wiadomosci","22":"tag-world","23":"tag-world-news","24":"tag-worldnews"},"share_on_mastodon":{"url":"https:\/\/pubeurope.com\/@pl\/115624146494073032","error":""},"_links":{"self":[{"href":"https:\/\/www.europesays.com\/pl\/wp-json\/wp\/v2\/posts\/121936","targetHints":{"allow":["GET"]}}],"collection":[{"href":"https:\/\/www.europesays.com\/pl\/wp-json\/wp\/v2\/posts"}],"about":[{"href":"https:\/\/www.europesays.com\/pl\/wp-json\/wp\/v2\/types\/post"}],"author":[{"embeddable":true,"href":"https:\/\/www.europesays.com\/pl\/wp-json\/wp\/v2\/users\/2"}],"replies":[{"embeddable":true,"href":"https:\/\/www.europesays.com\/pl\/wp-json\/wp\/v2\/comments?post=121936"}],"version-history":[{"count":0,"href":"https:\/\/www.europesays.com\/pl\/wp-json\/wp\/v2\/posts\/121936\/revisions"}],"wp:featuredmedia":[{"embeddable":true,"href":"https:\/\/www.europesays.com\/pl\/wp-json\/wp\/v2\/media\/121937"}],"wp:attachment":[{"href":"https:\/\/www.europesays.com\/pl\/wp-json\/wp\/v2\/media?parent=121936"}],"wp:term":[{"taxonomy":"category","embeddable":true,"href":"https:\/\/www.europesays.com\/pl\/wp-json\/wp\/v2\/categories?post=121936"},{"taxonomy":"post_tag","embeddable":true,"href":"https:\/\/www.europesays.com\/pl\/wp-json\/wp\/v2\/tags?post=121936"}],"curies":[{"name":"wp","href":"https:\/\/api.w.org\/{rel}","templated":true}]}}