{"id":121993,"date":"2025-11-28T00:18:08","date_gmt":"2025-11-28T00:18:08","guid":{"rendered":"https:\/\/www.europesays.com\/pl\/121993\/"},"modified":"2025-11-28T00:18:08","modified_gmt":"2025-11-28T00:18:08","slug":"przelomowe-wiesci-dla-polski-oto-ranking-uefa-po-czwartkowych-meczach-lk-pilka-nozna","status":"publish","type":"post","link":"https:\/\/www.europesays.com\/pl\/121993\/","title":{"rendered":"Prze\u0142omowe wie\u015bci dla Polski! Oto ranking UEFA po czwartkowych meczach LK Pi\u0142ka no\u017cna"},"content":{"rendered":"<p class=\"art_paragraph\">21. lokata\u00a0rok temu,\u00a015.\u00a0miejsce na zako\u0144czenie poprzedniego sezonu i\u00a012. kt\u00f3re wywalczyli\u015bmy w pa\u017adzierniku. Awans Polski w klubowym rankingu UEFA robi wra\u017cenie. Teraz jednak wydaje si\u0119, \u017ce na 12. pozycji na jaki\u015b czas utkniemy. Dlaczego? Ju\u017c t\u0142umaczymy, dodaj\u0105c, \u017ce\u00a0ta\u00a0kolejka by\u0142a w kontek\u015bcie rankingu\u00a0by\u0142a bardzo\u00a0wa\u017cna\u00a0i pomog\u0142a uciec goni\u0105cym nas\u00a0rywalom.\u00a0\u00a0<\/p>\n<p>\n    Zobacz wideo Kosecki ostro o pi\u0142karzach Legii: Na niekt\u00f3rych z was si\u0119 nie da patrze\u0107\n  <\/p>\n<p> Bli\u017cej Grecji, p\u00f3\u0142 dystansu odrobione<\/p>\n<p class=\"art_paragraph\">To by\u0142a ostatnia taka kolejka w tym roku, w kt\u00f3rej nasze dru\u017cyny walczy\u0142y z a\u017c trzema krajami, kt\u00f3re &#8222;otaczaj\u0105&#8221; nas w rankingu UEFA. S\u0105 tu\u017c przed nami lub goni\u0105 nas w zestawieniu. Chodzi przede wszystkim o Czech\u00f3w, ale te\u017c\u00a0Szwajcar\u00f3w\u00a0i\u00a0Austriak\u00f3w. W tym roku\u00a0LK b\u0119dzie\u00a0jeszcze\u00a0tylko\u00a0jeden mecz z czeskim rywalem. <a href=\"https:\/\/www.sport.pl\/lech-poznan#anchorLink\" rel=\"nofollow noopener\" target=\"_blank\">Lech<\/a> na koniec fazy ligowej zagra z Sigm\u0105 O\u0142omuniec.\u00a0\u00a0<\/p>\n<p class=\"art_paragraph\">Czwartkowa walka z najgro\u017aniejszymi rankingowymi\u00a0oponentami posz\u0142a polskim klubom\u00a0nie\u017ale. Warto zaznaczy\u0107, \u017ce\u00a0wszystkie dru\u017cyny gra\u0142y u siebie. Lech Pozna\u0144\u00a0mia\u0142 problemy\u00a0ze\u00a0Szwajcarami, ale nie zwa\u017caj\u0105c na ich nap\u00f3r ostatecznie\u00a0wygra\u0142 z\u00a0Lausanne\u00a02:0. Rak\u00f3w Cz\u0119stochowa wygra\u0142 z\u00a0ostatni\u0105\u00a0dru\u017cyn\u0105 tej edycji Ligi Konferencji,\u00a0Rapidem\u00a0Wiede\u0144\u00a04:1.\u00a0<a href=\"https:\/\/www.sport.pl\/legia-warszawa#anchorLink\" rel=\"nofollow noopener\" target=\"_blank\">Legia<\/a> Warszawa przegra\u0142a za Spart\u0105 Praga 0:1,\u00a0a Jagiellonia Bia\u0142ystok\u00a0upora\u0142a si\u0119\u00a0z Finami\u00a0pokonuj\u0105c\u00a0KuPS\u00a01:0.\u00a0\u00a0<\/p>\n<p class=\"art_paragraph\">Lech, Rak\u00f3w i Jagiellonia\u00a0do\u0142o\u017cy\u0142y do naszego rankingu krajowego po 0,5 pkt. To oznacza sumaryczn\u0105 zdobycz 1,5\u00a0pkt.\u00a0\u00a0<\/p>\n<p class=\"art_paragraph\">Z jednej strony to\u00a0sporo,\u00a0ale patrz\u0105c\u00a0na rywali\u00a0przed nami nie tyle, bo zrobi\u0142o r\u00f3\u017cnice. Tym bardziej \u017ce Grecy\u00a0i Czesi te\u017c maj\u0105 w pucharach 4 dru\u017cyny i w miejscu nie stoj\u0105. Do Grecji uda\u0142o si\u0119\u00a0jednak\u00a0odrobi\u0107 prawie po\u0142ow\u0119\u00a0dystansu (wcze\u015bniej\u00a0 wyprzedzali\u00a0nas o niemal 1,5 pkt)\u00a0Grecy w tym tygodniu dopisali sobie 1\u00a0pkt. Olympiakos\u00a0przegra\u0142 w <a href=\"https:\/\/www.sport.pl\/pilka\/0,65044.html#anchorLink\" rel=\"nofollow noopener\" target=\"_blank\">Lidze<\/a> Mistrz\u00f3w z Realem\u00a0Madryt, ale w Lidze Europy\u00a0PAOK zremisowa\u0142\u00a0z\u00a0Brann\u00a0(1:1), Panathinaikos wygra\u0142 ze Sturmem\u00a0Graz 2:1, a AEK\u00a0w LK nieoczekiwanie wygra\u0142\u00a0z\u00a0Fiorentin\u0105 1:0.\u00a0<\/p>\n<p> Czesi wci\u0105\u017c daleko z przodu, punktuj\u0105 niemal jak Polska<\/p>\n<p class=\"art_paragraph\">Do\u00a0dziesi\u0105tych\u00a0Czech\u00f3w\u00a0r\u00f3\u017cnica jest\u00a0jednak\u00a0spora, wynosi\u00a0niemal 4\u00a0pkt. Nasi\u00a0po\u0142udniowi s\u0105siedzi si\u0119 w punktowaniu nie zatrzymuj\u0105. W\u00a0tym tygodniu w Lidze Mistrz\u00f3w zremisowa\u0142a\u00a0Slavia\u00a0Praga,\u00a0w LE Victoria Pilzno,\u00a0a w LK\u00a0zwyci\u0119stwem\u00a0cieszy\u0142a si\u0119\u00a0Sigma O\u0142omuniec\u00a0i wspomniana ju\u017c\u00a0Sparta Praga. Ta druga\u00a0niestety kosztem polskiej dru\u017cyny. To razem da\u0142o im 1,2 pkt.\u00a0<\/p>\n<p class=\"art_paragraph\">Przegonienie Czech\u00f3w\u00a0w tym sezonie\u00a0b\u0119dzie trudne, a jest niezwykle wa\u017cnym zadaniem. Wej\u015bcie do TOP 10 rankingu zagwarantowa\u0142oby\u00a0Ekstraklasie jedn\u0105 dru\u017cyn\u0119 w fazie zasadniczej Ligi Mistrz\u00f3w\u00a0od sezonu 2027\/28.\u00a013. lub 14. miejsce\u00a0&#8211; start mistrza Polski w eliminacjach Ligi Mistrz\u00f3w od 4. rundy. 12. miejsce to dwie dru\u017cyny w eliminacjach Ligi Europy, a dla zdobywcy Pucharu Polski start od 4. rundy eliminacji tych rozgrywek, co oznacza\u0142oby zapewnion\u0105 faz\u0119 ligow\u0105 conajmniej w LK. Wygl\u0105da na to, \u017ce dobr\u0105 lokat\u0119 uda si\u0119 utrzyma\u0107.<\/p>\n<p class=\"art_paragraph\">Za Polsk\u0105 w rankingu jest stabilnie.\u00a0Przed czwartkiem mieli\u015bmy 0,8 pkt przewagi nad Norwegi\u0105. Teraz ta przewaga si\u0119 dwukrotnie zwi\u0119kszy\u0142a. Po\u00a0przegranej\u00a0Bodo\u00a0w LM, w LE\u00a0sw\u00f3j mecz zremisowa\u0142o\u00a0Brann.\u00a0Wi\u0119cej dru\u017cyn Skandynawowie w europejskich pucharach nie maj\u0105.\u00a0Punkty, kt\u00f3re zdoby\u0142 Lech i Rak\u00f3w,\u00a0sprawiaj\u0105, \u017ce\u00a0zdystansowali\u015bmy te\u017c kolejnych w zestawieniu\u00a0Szwajcar\u00f3w\u00a0i Austriak\u00f3w.\u00a0\u00a0<\/p>\n<p class=\"art_paragraph\">Do ko\u0144ca ligowego sezonu LK jeszcze dwie kolejki. Jest spora szansa, \u017ce na\u00a0wiosn\u0119 zobaczymy co najmniej 3 nasze dru\u017cyny, wi\u0119c opcja grupowego punktowania zostanie\u00a0zachowana. Dogoni\u0107 nas rywalom b\u0119dzie trudno.\u00a0 \u00a0<\/p>\n<p class=\"art_paragraph\">Krajowy ranking UEFA\u00a0\u00a0<\/p>\n<p class=\"art_paragraph\">1. Anglia 101,672\u00a0<\/p>\n<p class=\"art_paragraph\">&#8230;\u00a0<\/p>\n<p class=\"art_paragraph\">10. Czechy\u00a044,300\u00a0<br \/>\n  <br \/>11. Grecja 41,312\u00a0<br \/>\n  <br \/>12. Polska 40,375\u00a0<br \/>\n  <br \/>13. Norwegia 38,387\u00a0<br \/>\n  <br \/>14. Dania 37,981\u00a0<br \/>\n  <br \/>15. Szwajcaria 33,100\u00a0<\/p>\n<p class=\"art_paragraph\">Pozostali rywale polskich dru\u017cyn w Lidze Konferencji:\u00a0<\/p>\n<p class=\"art_paragraph\">Jagiellonia: Rayo\u00a0Vallecano\u00a0(D),\u00a0Alkmaar\u00a0(W)\u00a0<br \/>\n  <br \/>Lech:\u00a0Mainz\u00a0(D), Sigma O\u0142omuniec (W)\u00a0<br \/>\n  <br \/>Legia:\u00a0Noah\u00a0Erywa\u0144 (W), Lincoln (Gibraltar, D)\u00a0<br \/>\n  <br \/>Rak\u00f3w:\u00a0Zrinjski\u00a0Mostar (D),\u00a0Omonia\u00a0Nikozja (W)\u00a0<\/p>\n","protected":false},"excerpt":{"rendered":"21. lokata\u00a0rok temu,\u00a015.\u00a0miejsce na zako\u0144czenie poprzedniego sezonu i\u00a012. kt\u00f3re wywalczyli\u015bmy w pa\u017adzierniku. Awans Polski w klubowym rankingu UEFA&hellip;\n","protected":false},"author":2,"featured_media":121994,"comment_status":"","ping_status":"","sticky":false,"template":"","format":"standard","meta":{"footnotes":""},"categories":[5],"tags":[32,33,36,37,27,34,35,28,31,25,42,38,40,39,41,29,30,26],"class_list":{"0":"post-121993","1":"post","2":"type-post","3":"status-publish","4":"format-standard","5":"has-post-thumbnail","7":"category-naglowki","8":"tag-breaking-news","9":"tag-breakingnews","10":"tag-featured-news","11":"tag-featurednews","12":"tag-headlines","13":"tag-latest-news","14":"tag-latestnews","15":"tag-naglowki","16":"tag-najwazniejsze-artykuly","17":"tag-news","18":"tag-pl","19":"tag-poland","20":"tag-polish","21":"tag-polska","22":"tag-polski","23":"tag-top-stories","24":"tag-topstories","25":"tag-wiadomosci"},"share_on_mastodon":{"url":"https:\/\/pubeurope.com\/@pl\/115624457326703763","error":""},"_links":{"self":[{"href":"https:\/\/www.europesays.com\/pl\/wp-json\/wp\/v2\/posts\/121993","targetHints":{"allow":["GET"]}}],"collection":[{"href":"https:\/\/www.europesays.com\/pl\/wp-json\/wp\/v2\/posts"}],"about":[{"href":"https:\/\/www.europesays.com\/pl\/wp-json\/wp\/v2\/types\/post"}],"author":[{"embeddable":true,"href":"https:\/\/www.europesays.com\/pl\/wp-json\/wp\/v2\/users\/2"}],"replies":[{"embeddable":true,"href":"https:\/\/www.europesays.com\/pl\/wp-json\/wp\/v2\/comments?post=121993"}],"version-history":[{"count":0,"href":"https:\/\/www.europesays.com\/pl\/wp-json\/wp\/v2\/posts\/121993\/revisions"}],"wp:featuredmedia":[{"embeddable":true,"href":"https:\/\/www.europesays.com\/pl\/wp-json\/wp\/v2\/media\/121994"}],"wp:attachment":[{"href":"https:\/\/www.europesays.com\/pl\/wp-json\/wp\/v2\/media?parent=121993"}],"wp:term":[{"taxonomy":"category","embeddable":true,"href":"https:\/\/www.europesays.com\/pl\/wp-json\/wp\/v2\/categories?post=121993"},{"taxonomy":"post_tag","embeddable":true,"href":"https:\/\/www.europesays.com\/pl\/wp-json\/wp\/v2\/tags?post=121993"}],"curies":[{"name":"wp","href":"https:\/\/api.w.org\/{rel}","templated":true}]}}