{"id":121999,"date":"2025-11-28T00:26:08","date_gmt":"2025-11-28T00:26:08","guid":{"rendered":"https:\/\/www.europesays.com\/pl\/121999\/"},"modified":"2025-11-28T00:26:08","modified_gmt":"2025-11-28T00:26:08","slug":"mateusz-borek-wydal-druzgocacy-wyrok-po-meczu-legia-sparta-to-przykre-przeglad-sportowy-onet","status":"publish","type":"post","link":"https:\/\/www.europesays.com\/pl\/121999\/","title":{"rendered":"Mateusz Borek wyda\u0142 druzgoc\u0105cy wyrok po meczu Legia &#8211; Sparta. &quot;To przykre&quot; &#8211; Przegl\u0105d Sportowy Onet"},"content":{"rendered":"<ol>\n<li><a href=\"https:\/\/news.google.com\/rss\/articles\/CBMi3wFBVV95cUxOeXlkUlVjUXdUa0ZqYjZUd1hRSFhoSGppZTF0bEJKa3VKS05Dcnp5c2RpaVdiVzUtWFpQVGtDU2hQckZTSmVGejRhS2ViQkJ6dlRULWk0ZTgzSC1TdGZQV0h6aVdWR21yaHBZUzBXODdQVnpUZ1labTRSZ0ZkQTdpT1ktZElQNURGdFh2bDVIZDQxNHo1bjBqUG95bkNjeGpIOVlqU2tZV2NHTGZnTnptMW9LUHVBcVNncVBRZkFFeDdQc0h5TXFPU0JJTFVmNER5ZEw3MUg0V0lIVGVtM3N3?oc=5\" target=\"_blank\" rel=\"nofollow noopener\">Mateusz Borek wyda\u0142 druzgoc\u0105cy wyrok po meczu Legia &#8211; Sparta. &#8222;To przykre&#8221;<\/a>&nbsp;&nbsp;Przegl\u0105d Sportowy Onet<\/li>\n<li><a href=\"https:\/\/news.google.com\/rss\/articles\/CBMi8gFBVV95cUxPSHR6anVmM0tma3BRcVlNX2NYRjRmSlc1ZW9oeUVMOUpTRFY3MVJoNWhiY29EX0pHQVBZSURRckdSbzFJU0I2LWxESGFFYU0yLWduZW5GbkJCemItRGxfOVgxLW5KNHNFMndLd1RkajZpWG9hSUNEcWhCc0hSSjBuck5fTVZyRUNjTFZwYnNscE5Vb1dyNXJxeF9fVXFuMWwzQzdMR0c5ekM3WUFUUEFDY2hqZ0MtRDZTU1JacG1ZUnp0RThTSF9DS3NhdkpramJNdkV6a2FGQ0ZvNGxHdWxkdWctUXFvVGhMVjhzdnZrYWNNQQ?oc=5\" target=\"_blank\" rel=\"nofollow noopener\">Czarny wiecz\u00f3r Legii Warszawa, jest na dnie! Dramat w LK. Z\u0142ych wiadomo\u015bci jest wi\u0119cej<\/a>&nbsp;&nbsp;Przegl\u0105d Sportowy Onet<\/li>\n<li><a href=\"https:\/\/news.google.com\/rss\/articles\/CBMilgFBVV95cUxQSFduUjhyOGR5VGpLcHlmWWRJSXVsRmlzVVY3cXQwVk1vWGNWMXV6MzN1Q3Rib2w4MzVaU045cWFMaGptbDY1dm1UMUJ6Wi1Ub0tadzNYS1NHeTBJWVFqS3gyeGlBdW5Bal9qSFpMdVlDc2JlSS1TTDNTNDE3cFBwSzdwODcwVmdtcGVJMU82d3dIVTJhVEE?oc=5\" target=\"_blank\" rel=\"nofollow noopener\">Legia Warszawa &#8211; Sparta Praga [NA \u017bYWO]<\/a>&nbsp;&nbsp;SportoweFakty<\/li>\n<li><a href=\"https:\/\/news.google.com\/rss\/articles\/CBMizAFBVV95cUxOclB0M0JvR19xNzd3dWhfMlFaQXBpX0JIclZrNmR4bVlyNVRmM21CWGdpNFpjWk5oRktMZzZuV2oxVXpPekFNN1ZaeEpncDliZkIwMDhQSzJGNEV5b0IxaHRiWG9KQklpaG5zR2J0RWREZU5lX3pVUUtQcnZ4ZUFXLUh3V1huTTRhbk1YNUdEamMzRnF3cEx1bDB2TmNLMDdZS013QzFCUUJsZnI4ZmtoZENRS0F0RlRzSUEza21YR0ZPTjZwYms3R3RrZVM?oc=5\" target=\"_blank\" rel=\"nofollow noopener\">Katastrofalna seria Legii. Tym razem bolesna lekcja w Europie. Kibice maj\u0105 do\u015b\u0107<\/a>&nbsp;&nbsp;Sport w INTERIA.PL<\/li>\n<li><a href=\"https:\/\/news.google.com\/rss\/articles\/CBMivAFBVV95cUxQY0ZMYjVQXzdPa0xuYmc0RE1WbW5LZWZiQjFUMnVOWXd4SDFKdUZBVmJKV0ZEdVBrUnpnblFHVzM4cGVaQ29Bc20yY3J1a0NoWnRlLVpRSm9ma21ha0J1SE0zdTRoVi1YM1M4b0hmVEJwSC1NVUh3RExFSlRoZWhYSmRNdmlRcFpPNm0tSWVGM2lsY2Q3ZzllckFMNUhrOWNHSUVXTmNRbmlBYl9HWkVmb3NHenJSaUlQVXR6UA?oc=5\" target=\"_blank\" rel=\"nofollow noopener\">Eksperci mia\u017cd\u017c\u0105 Legi\u0119. W\u015br\u00f3d nich Borek i Kowalczyk. &#8222;Przyt\u0142aczaj\u0105cy obraz&#8221;<\/a>&nbsp;&nbsp;Meczyki.pl<\/li>\n<\/ol>\n","protected":false},"excerpt":{"rendered":"Mateusz Borek wyda\u0142 druzgoc\u0105cy wyrok po meczu Legia &#8211; Sparta. &#8222;To przykre&#8221;&nbsp;&nbsp;Przegl\u0105d Sportowy Onet Czarny wiecz\u00f3r Legii Warszawa,&hellip;\n","protected":false},"author":2,"featured_media":122000,"comment_status":"","ping_status":"","sticky":false,"template":"","format":"standard","meta":{"footnotes":""},"categories":[24],"tags":[67,2563,7714,7713,592,42,38,40,39,41,136,128,47,127,135,126,130],"class_list":{"0":"post-121999","1":"post","2":"type-post","3":"status-publish","4":"format-standard","5":"has-post-thumbnail","7":"category-sport","8":"tag-intextvideo_splayer","9":"tag-legia_warszawa","10":"tag-liga_konferencji","11":"tag-liga_konferencji_europy","12":"tag-mateusz_borek","13":"tag-pl","14":"tag-poland","15":"tag-polish","16":"tag-polska","17":"tag-polski","18":"tag-ps_detal_new","19":"tag-psv2","20":"tag-screening_general","21":"tag-sport","22":"tag-sport_sport","23":"tag-sports","24":"tag-wiadomosci_sportowe"},"share_on_mastodon":{"url":"https:\/\/pubeurope.com\/@pl\/115624488701913727","error":""},"_links":{"self":[{"href":"https:\/\/www.europesays.com\/pl\/wp-json\/wp\/v2\/posts\/121999","targetHints":{"allow":["GET"]}}],"collection":[{"href":"https:\/\/www.europesays.com\/pl\/wp-json\/wp\/v2\/posts"}],"about":[{"href":"https:\/\/www.europesays.com\/pl\/wp-json\/wp\/v2\/types\/post"}],"author":[{"embeddable":true,"href":"https:\/\/www.europesays.com\/pl\/wp-json\/wp\/v2\/users\/2"}],"replies":[{"embeddable":true,"href":"https:\/\/www.europesays.com\/pl\/wp-json\/wp\/v2\/comments?post=121999"}],"version-history":[{"count":0,"href":"https:\/\/www.europesays.com\/pl\/wp-json\/wp\/v2\/posts\/121999\/revisions"}],"wp:featuredmedia":[{"embeddable":true,"href":"https:\/\/www.europesays.com\/pl\/wp-json\/wp\/v2\/media\/122000"}],"wp:attachment":[{"href":"https:\/\/www.europesays.com\/pl\/wp-json\/wp\/v2\/media?parent=121999"}],"wp:term":[{"taxonomy":"category","embeddable":true,"href":"https:\/\/www.europesays.com\/pl\/wp-json\/wp\/v2\/categories?post=121999"},{"taxonomy":"post_tag","embeddable":true,"href":"https:\/\/www.europesays.com\/pl\/wp-json\/wp\/v2\/tags?post=121999"}],"curies":[{"name":"wp","href":"https:\/\/api.w.org\/{rel}","templated":true}]}}