{"id":122044,"date":"2025-11-28T03:26:10","date_gmt":"2025-11-28T03:26:10","guid":{"rendered":"https:\/\/www.europesays.com\/pl\/122044\/"},"modified":"2025-11-28T03:26:10","modified_gmt":"2025-11-28T03:26:10","slug":"smierc-jednej-z-najbogatszych-polek-prokuratura-dodatkowe-badania-po-sekcji","status":"publish","type":"post","link":"https:\/\/www.europesays.com\/pl\/122044\/","title":{"rendered":"\u015amier\u0107 jednej z najbogatszych Polek. Prokuratura: dodatkowe badania po sekcji"},"content":{"rendered":"<p>&#8211; Informacje odno\u015bnie przyczyny zgonu podamy dopiero po uzyskaniu opinii bieg\u0142ego patomorfologa. Trzeba przeprowadzi\u0107 dodatkowe badania, dlatego pe\u0142na informacja b\u0119dzie dost\u0119pna po uzyskaniu opinii bieg\u0142ego &#8211;\u00a0przekaza\u0142a Wirtualnej Polsce Katarzyna Wankiewicz z\u00a0Prokuratury Rejonowej w\u00a0Zambrowie.<\/p>\n<p>Prokuratura czeka te\u017c na opini\u0119 bieg\u0142ego z\u00a0zakresu po\u017carnictwa. &#8211;\u00a0Zostanie ona wydana po tym, jak zebrana zostanie ca\u0142o\u015b\u0107 materia\u0142\u00f3w. Prokurator prowadz\u0105cy spraw\u0119 b\u0119dzie analizowa\u0142 materia\u0142 dowodowy i\u00a0je\u017celi uzna, \u017ce nale\u017cy go uzupe\u0142ni\u0107, to b\u0119dzie w\u00a0tym zakresie podejmowa\u0142 decyzj\u0119 &#8211;\u00a0powiedzia\u0142a.<\/p>\n<p>&#8211; W\u00a0rogu pokoju sta\u0142o urz\u0105dzenie elektryczne, kt\u00f3re ca\u0142kowicie si\u0119 stopi\u0142o. Mo\u017cemy zak\u0142ada\u0107, \u017ce to ono by\u0142o zarzewiem ognia. Raczej by\u0142 to nawil\u017cacz powietrza. Natomiast czy to by\u0142a wina tego urz\u0105dzenia, czy to by\u0142a wina pod\u0142\u0105czenia, to sprawdzi bieg\u0142y &#8211;\u00a0m\u00f3wi\u0142a.<\/p>\n<p>Jak pisali\u015bmy, ze wst\u0119pnych ustale\u0144 wynika, \u017ce babcia z\u00a0wnuczkiem spali w\u00a0pokoju na pi\u0119trze. Drzwi do pomieszczenia by\u0142y zamkni\u0119te. W\u00a0tym samym budynku przebywa\u0142a reszta rodziny, kt\u00f3ra w\u00a0pewnym momencie zorientowa\u0142a si\u0119, \u017ce wybuch\u0142\u00a0po\u017car.<\/p>\n<p>&#8222;Rodzina prosi, aby zamiast kwiat\u00f3w ofiarowa\u0107 datki na leczenie Antosia Krupienika, kt\u00f3rego zbi\u00f3rka jest prowadzona przez stron\u0119 Siepomaga.pl. Datki zbierane b\u0119d\u0105 podczas wystawienia. Prosimy r\u00f3wnie\u017c, aby zamiast kwiat\u00f3w przynosi\u0107 balony wype\u0142nione helem&#8221; &#8211;\u00a0napisali w\u00a0og\u0142oszeniu bliscy.<\/p>\n<p>W rozmowie z\u00a0Wirtualn\u0105 Polsk\u0105 w\u00f3jt gminy, w\u00a0kt\u00f3rej mieszkali tragicznie zmarli, zapowiedzia\u0142, \u017ce w\u00a0dniu pogrzebu wprowadzi w\u00a0gminie \u017ca\u0142ob\u0119.<\/p>\n<p>Mateusz Dolak, dziennikarz Wirtualnej Polski<\/p>\n","protected":false},"excerpt":{"rendered":"&#8211; Informacje odno\u015bnie przyczyny zgonu podamy dopiero po uzyskaniu opinii bieg\u0142ego patomorfologa. Trzeba przeprowadzi\u0107 dodatkowe badania, dlatego pe\u0142na&hellip;\n","protected":false},"author":2,"featured_media":122045,"comment_status":"","ping_status":"","sticky":false,"template":"","format":"standard","meta":{"footnotes":""},"categories":[12],"tags":[32,33,36,37,27,34,35,28,31,25,42,38,40,39,41,29,30,26],"class_list":{"0":"post-122044","1":"post","2":"type-post","3":"status-publish","4":"format-standard","5":"has-post-thumbnail","7":"category-polska","8":"tag-breaking-news","9":"tag-breakingnews","10":"tag-featured-news","11":"tag-featurednews","12":"tag-headlines","13":"tag-latest-news","14":"tag-latestnews","15":"tag-naglowki","16":"tag-najwazniejsze-artykuly","17":"tag-news","18":"tag-pl","19":"tag-poland","20":"tag-polish","21":"tag-polska","22":"tag-polski","23":"tag-top-stories","24":"tag-topstories","25":"tag-wiadomosci"},"share_on_mastodon":{"url":"https:\/\/pubeurope.com\/@pl\/115625196427321759","error":""},"_links":{"self":[{"href":"https:\/\/www.europesays.com\/pl\/wp-json\/wp\/v2\/posts\/122044","targetHints":{"allow":["GET"]}}],"collection":[{"href":"https:\/\/www.europesays.com\/pl\/wp-json\/wp\/v2\/posts"}],"about":[{"href":"https:\/\/www.europesays.com\/pl\/wp-json\/wp\/v2\/types\/post"}],"author":[{"embeddable":true,"href":"https:\/\/www.europesays.com\/pl\/wp-json\/wp\/v2\/users\/2"}],"replies":[{"embeddable":true,"href":"https:\/\/www.europesays.com\/pl\/wp-json\/wp\/v2\/comments?post=122044"}],"version-history":[{"count":0,"href":"https:\/\/www.europesays.com\/pl\/wp-json\/wp\/v2\/posts\/122044\/revisions"}],"wp:featuredmedia":[{"embeddable":true,"href":"https:\/\/www.europesays.com\/pl\/wp-json\/wp\/v2\/media\/122045"}],"wp:attachment":[{"href":"https:\/\/www.europesays.com\/pl\/wp-json\/wp\/v2\/media?parent=122044"}],"wp:term":[{"taxonomy":"category","embeddable":true,"href":"https:\/\/www.europesays.com\/pl\/wp-json\/wp\/v2\/categories?post=122044"},{"taxonomy":"post_tag","embeddable":true,"href":"https:\/\/www.europesays.com\/pl\/wp-json\/wp\/v2\/tags?post=122044"}],"curies":[{"name":"wp","href":"https:\/\/api.w.org\/{rel}","templated":true}]}}