{"id":122049,"date":"2025-11-28T03:40:17","date_gmt":"2025-11-28T03:40:17","guid":{"rendered":"https:\/\/www.europesays.com\/pl\/122049\/"},"modified":"2025-11-28T03:40:17","modified_gmt":"2025-11-28T03:40:17","slug":"powazny-wypadek-karetka-przewozila-pacjentow-uderzyla-w-drzewo-wideo-onet","status":"publish","type":"post","link":"https:\/\/www.europesays.com\/pl\/122049\/","title":{"rendered":"Powa\u017cny wypadek. Karetka przewozi\u0142a pacjent\u00f3w, uderzy\u0142a w drzewo [WIDEO] &#8211; Onet"},"content":{"rendered":"<ol>\n<li><a href=\"https:\/\/news.google.com\/rss\/articles\/CBMizwFBVV95cUxOZU45TW11NVgxUnpINmJXd1FQaXlMUlhOS29TalFwdTZMU2ZnZkYyVG1tT0p2MWtMLVNXNkkyblVsTHR5MGhqemxtX0JXNkJWYkJiYmlUOXRBa1R5S3lrWFByYmdfYngtY09YNElPZ2ZMbFdhVS13b1ZSUF80UDlWLWhYamphbXZtMFFCbFNlTjlrcnhFOGFHN0VQSWdDSmVWT0stS09fRmcxa3lZa3d0SFlwalFpSDdGWmdVMHBGZ0lfbTBONC1LTXdVTWlreXc?oc=5\" target=\"_blank\" rel=\"nofollow noopener\">Powa\u017cny wypadek. Karetka przewozi\u0142a pacjent\u00f3w, uderzy\u0142a w drzewo [WIDEO]<\/a>&nbsp;&nbsp;Onet<\/li>\n<li><a href=\"https:\/\/news.google.com\/rss\/articles\/CBMivgFBVV95cUxNdWJmZWVHd0NmZ2RvNEFIcHEydGE3ZUlKb0RHS3ZtSE1ubG1xWi1xMEZ2TGtiTWJoREJEb1lNMjE3bTU4MTlWVF84SngzVDhSZnpZUFRjRzZRVjNGcnlVd2JsazMxblZSbXFjakZub0RuSHljZTVTZTVDUHJGbUprcUd3TV9Jc3UxNjdjVWZXOGw1YnE0cldiSndyV3c5TUhYdjA5d0F3VEwxQkMtR1VoQWR0OXI4VWgyc2lqaVBB?oc=5\" target=\"_blank\" rel=\"nofollow noopener\">Karetka z pacjentami uderzy\u0142a w drzewo. Nie \u017cyje kierowca [WIDEO]<\/a>&nbsp;&nbsp;Onet<\/li>\n<li><a href=\"https:\/\/news.google.com\/rss\/articles\/CBMivgFBVV95cUxQMVNwM0VIZVd0M0FYam1kcXp2eWVmNXgzd3JHS2ZaQmdzWUpxdkJwQkFDNGFDVF9rZTNYalh1NVlJcFRnOWh0a2VXcHJHZE1tcDFXU0trLXYyZlphVHU5Q1Z2M1prLUszYlppd180cW9jdUlORUVHeHUxcmx6RlQ3UFdsSW5FU3RBTExIQl9faUcxRnlUSTU5eUxKYkR4UDZkZkxnOXJvU3VYVzhjS2M3U01Xajd6MGtlNE13blJB?oc=5\" target=\"_blank\" rel=\"nofollow noopener\">Karetka zjecha\u0142a z jezdni i uderzy\u0142a w drzewo. Jedna osoba nie \u017cyje, s\u0105 ranni<\/a>&nbsp;&nbsp;Wydarzenia w INTERIA.PL<\/li>\n<li><a href=\"https:\/\/news.google.com\/rss\/articles\/CBMiqgFBVV95cUxQeWRvbXFTX1FmV2ZKcUppUDJ0bkFVUGpISmxTQ25qNmNOUEZZUlZDUE9WNHE5enF4eGE1a3VGdEo3NnJKTXhhcUtCTmZpWjMyWVFLTG5ubG9IaFZONWJOOE11NG1FNXl4VlY3NkhXNEFlN1NFakFBQTVMSDd6Q0U0ckh3RFB3R1BIN2k4a1pkWGFXYjhhVnFGbzltR0Q0TnFBbHJDZUdSbXU5UQ?oc=5\" target=\"_blank\" rel=\"nofollow noopener\">Karetka z pacjentkami uderzy\u0142a w drzewo. Nie \u017cyje kierowca<\/a>&nbsp;&nbsp;TVN24<\/li>\n<li><a href=\"https:\/\/news.google.com\/rss\/articles\/CBMioAFBVV95cUxQbk83bjVZSzFkY2VsUkNLb3lNYVJCdGR0QkZhc1hXNTcweGFxajZxV0wxbW5CZFZoUGxIZy02RV9XSUtOSllaOUlNbVplcGowOXFsWjJ1SDZ0VDk0eE5JbjFDUzNUOERzTkRyRVZMb09wQzhiWENWMmRMaE5XVThsbWJoMnF3TzRaTzlIQzViZkRTdlBhWkNxMkU3NXkxMi04?oc=5\" target=\"_blank\" rel=\"nofollow noopener\">Gro\u017any wypadek na drodze. Kartka uderzy\u0142a w drzewo<\/a>&nbsp;&nbsp;TVP Pozna\u0144<\/li>\n<\/ol>\n","protected":false},"excerpt":{"rendered":"Powa\u017cny wypadek. Karetka przewozi\u0142a pacjent\u00f3w, uderzy\u0142a w drzewo [WIDEO]&nbsp;&nbsp;Onet Karetka z pacjentami uderzy\u0142a w drzewo. Nie \u017cyje kierowca&hellip;\n","protected":false},"author":2,"featured_media":120972,"comment_status":"","ping_status":"","sticky":false,"template":"","format":"standard","meta":{"footnotes":""},"categories":[12],"tags":[32,33,244,36,37,27,25956,34,35,28,31,53,25,52,68,51,55,42,12182,38,40,39,41,47,6931,29,30,65,50,26,2588],"class_list":{"0":"post-122049","1":"post","2":"type-post","3":"status-publish","4":"format-standard","5":"has-post-thumbnail","7":"category-polska","8":"tag-breaking-news","9":"tag-breakingnews","10":"tag-ctr_tst","11":"tag-featured-news","12":"tag-featurednews","13":"tag-headlines","14":"tag-karetka_pogotowia","15":"tag-latest-news","16":"tag-latestnews","17":"tag-naglowki","18":"tag-najwazniejsze-artykuly","19":"tag-new_header","20":"tag-news","21":"tag-onet3","22":"tag-onet3d","23":"tag-onet3d_2i","24":"tag-phx","25":"tag-pl","26":"tag-pogotowie_ratunkowe_karetka_karetki","27":"tag-poland","28":"tag-polish","29":"tag-polska","30":"tag-polski","31":"tag-screening_general","32":"tag-smiglowiec_lpr","33":"tag-top-stories","34":"tag-topstories","35":"tag-update_me","36":"tag-v2021","37":"tag-wiadomosci","38":"tag-wypadek"},"share_on_mastodon":{"url":"https:\/\/pubeurope.com\/@pl\/115625251468963408","error":""},"_links":{"self":[{"href":"https:\/\/www.europesays.com\/pl\/wp-json\/wp\/v2\/posts\/122049","targetHints":{"allow":["GET"]}}],"collection":[{"href":"https:\/\/www.europesays.com\/pl\/wp-json\/wp\/v2\/posts"}],"about":[{"href":"https:\/\/www.europesays.com\/pl\/wp-json\/wp\/v2\/types\/post"}],"author":[{"embeddable":true,"href":"https:\/\/www.europesays.com\/pl\/wp-json\/wp\/v2\/users\/2"}],"replies":[{"embeddable":true,"href":"https:\/\/www.europesays.com\/pl\/wp-json\/wp\/v2\/comments?post=122049"}],"version-history":[{"count":0,"href":"https:\/\/www.europesays.com\/pl\/wp-json\/wp\/v2\/posts\/122049\/revisions"}],"wp:featuredmedia":[{"embeddable":true,"href":"https:\/\/www.europesays.com\/pl\/wp-json\/wp\/v2\/media\/120972"}],"wp:attachment":[{"href":"https:\/\/www.europesays.com\/pl\/wp-json\/wp\/v2\/media?parent=122049"}],"wp:term":[{"taxonomy":"category","embeddable":true,"href":"https:\/\/www.europesays.com\/pl\/wp-json\/wp\/v2\/categories?post=122049"},{"taxonomy":"post_tag","embeddable":true,"href":"https:\/\/www.europesays.com\/pl\/wp-json\/wp\/v2\/tags?post=122049"}],"curies":[{"name":"wp","href":"https:\/\/api.w.org\/{rel}","templated":true}]}}