{"id":122058,"date":"2025-11-28T04:28:09","date_gmt":"2025-11-28T04:28:09","guid":{"rendered":"https:\/\/www.europesays.com\/pl\/122058\/"},"modified":"2025-11-28T04:28:09","modified_gmt":"2025-11-28T04:28:09","slug":"korea-polnocna-jezyk-rosyjski-bedzie-obowiazkowy-w-szkolach","status":"publish","type":"post","link":"https:\/\/www.europesays.com\/pl\/122058\/","title":{"rendered":"Korea P\u00f3\u0142nocna. J\u0119zyk rosyjski b\u0119dzie obowi\u0105zkowy w szko\u0142ach"},"content":{"rendered":"<p>W tek\u015bcie Politico zacytowano rosyjskiego ministra do spraw zasob\u00f3w naturalnych Aleksandra Koz\u0142owa, kt\u00f3ry podczas spotkania komisji mi\u0119dzyrz\u0105dowej mi\u0119dzy Rosj\u0105 a KRLD powiedzia\u0142, \u017ce dotychczas oko\u0142o 600 os\u00f3b w Korei P\u00f3\u0142nocnej uczy\u0142o si\u0119 j\u0119zyka rosyjskiego. Wed\u0142ug niego w Rosji 3000 uczni\u00f3w i 300 student\u00f3w uczy si\u0119 j\u0119zyka korea\u0144skiego.<\/p>\n<p>\u00a0<\/p>\n<p>ZOBACZ: <a href=\"https:\/\/geekweek.interia.pl\/militaria\/news-korea-polnocna-rozpoczela-przerzut-zolnierzy-sa-ich-tysiace,nId,22451026\" rel=\"nofollow noopener\" target=\"_blank\">Korea P\u00f3\u0142nocna rozpocz\u0119\u0142a przerzut \u017co\u0142nierzy. S\u0105 ich tysi\u0105ce!<\/a><\/p>\n<p>\u00a0<\/p>\n<p>Urz\u0119dnik rosyjskiego rz\u0105du poinformowa\u0142 r\u00f3wnie\u017c, \u017ce w ubieg\u0142ym roku 96 obywateli Korei P\u00f3\u0142nocnej zosta\u0142o przyj\u0119tych na rosyjskie uniwersytety, w tym na uniwersytet kszta\u0142c\u0105cy dyplomat\u00f3w. W tym roku kolejne 29 os\u00f3b zapisa\u0142o si\u0119 na studia geologiczne w Rosji.<\/p>\n<p>Rosyjskie uczelnie szkol\u0105 p\u00f3\u0142nocnokorea\u0144sk\u0105 elit\u0119<\/p>\n<p>Szkoleni s\u0105 r\u00f3wnie\u017c przyszli bankierzy, pracownicy sektora energetycznego i lekarze. Zapewni\u0142 r\u00f3wnie\u017c, \u017ce Rosjanie buduj\u0105 w Korei P\u00f3\u0142nocnej centrum edukacyjne, w kt\u00f3rym b\u0119d\u0105 naucza\u0107 po rosyjsku.<\/p>\n<p>\u00a0<\/p>\n<p>W artykule przypomniano r\u00f3wnie\u017c, \u017ce wi\u0119zi mi\u0119dzy Rosj\u0105 a Kore\u0105 P\u00f3\u0142nocn\u0105 zacie\u015bniaj\u0105 si\u0119 po pe\u0142noskalowej agresji Rosji na Ukrain\u0119 w 2022 roku.<\/p>\n<p>\u00a0<\/p>\n<p>&#8222;Korea P\u00f3\u0142nocna dostarcza Rosji bro\u0144 i wysy\u0142a wojska do operacji bojowych na linii frontu oraz do rozminowywania obwodu kurskiego. Zaobserwowano r\u00f3wnie\u017c, \u017ce dwie z najbardziej produktywnych na \u015bwiecie pa\u0144stwowych grup cyberprzest\u0119pczych &#8211; rosyjski Gamaredon i p\u00f3\u0142nocnokorea\u0144ski kolektyw Lazarus \u2013 wymieniaj\u0105 si\u0119 zasobami&#8221; &#8211; napisano w artykule.<\/p>\n<p>\u00a0<\/p>\n<p>ZOBACZ: <a href=\"https:\/\/geekweek.interia.pl\/militaria\/news-korea-polnocna-ujawnia-nowy-pocisk-hipersoniczny-rosja-dosta,nId,22429127\" rel=\"nofollow noopener\" target=\"_blank\">Korea P\u00f3\u0142nocna ujawnia nowy pocisk hipersoniczny. Rosja dostanie prezent?<\/a><\/p>\n<p>\u00a0<\/p>\n<p>Zaznaczono r\u00f3wnie\u017c, \u017ce o\u017cywi\u0142 si\u0119 nap\u0142yw turyst\u00f3w z Rosji do Korei P\u00f3\u0142nocnej, poniewa\u017c rosyjskie linie lotnicze uruchomi\u0142y bezpo\u015brednie loty do Pjongjangu.<\/p>\n<p>Rosja zacie\u015bnia wsp\u00f3\u0142prac\u0119 z Kore\u0105 P\u00f3\u0142nocn\u0105<\/p>\n<p>Ukrai\u0144ska agencja UNIAN przypomnia\u0142a, \u017ce oba re\u017cimy dyktatorskie rozszerzaj\u0105 wsp\u00f3\u0142prac\u0119 wojskow\u0105. Wed\u0142ug zdj\u0119\u0107 satelitarnych Rosjanie zintensyfikowali zakupy broni od Korei P\u00f3\u0142nocnej. \u015awiadcz\u0105 o tym widoczne z orbity sylwetki rosyjskich okr\u0119t\u00f3w w p\u00f3\u0142nocnokorea\u0144skich portach.<\/p>\n<p>\u00a0<\/p>\n<p>Niekt\u00f3re dokumenty wskazuj\u0105, \u017ce nawet 70 proc. pocisk\u00f3w artyleryjskich, kt\u00f3rych Rosja u\u017cywa na Ukrainie, zosta\u0142o wyprodukowanych w Korei P\u00f3\u0142nocnej.<\/p>\n<p>\u00a0<\/p>\n<p>ZOBACZ: <a href=\"https:\/\/www.polsatnews.pl\/wiadomosc\/2025-09-22\/kim-dzong-un-otwiera-drzwi-do-dialogu-z-usa-postawil-jeden-warunek\/\" rel=\"nofollow noopener\" target=\"_blank\">Korea P\u00f3\u0142nocna gotowa na dialog z USA. Stawiaj\u0105 jeden warunek<\/a><\/p>\n<p>\u00a0<\/p>\n<p>Od pocz\u0105tku inwazji Rosji na Ukrain\u0119 w lutym 2022 roku Pjongjang dostarczy\u0142 Rosji oko\u0142o 6,5 miliona tradycyjnych pocisk\u00f3w w zamian za rosyjsk\u0105 technologi\u0119 wojskow\u0105 do produkcji nowoczesnej broni.<\/p>\n<p>\u00a0<\/p>\n<p>Widzia\u0142e\u015b co\u015b wa\u017cnego? Przy\u015blij zdj\u0119cie, film lub napisz, co si\u0119 sta\u0142o. Skorzystaj z naszej <a href=\"https:\/\/www.polsatnews.pl\/platforma-widzow\/\" target=\"_blank\" rel=\"noopener noreferrer nofollow\">Wrzutni<\/a><\/p>\n<p>                <a class=\"news__read-more-button\" href=\"https:\/\/www.polsatnews.pl\/\" rel=\"nofollow noopener\" target=\"_blank\">Czytaj wi\u0119cej<\/a><\/p>\n","protected":false},"excerpt":{"rendered":"W tek\u015bcie Politico zacytowano rosyjskiego ministra do spraw zasob\u00f3w naturalnych Aleksandra Koz\u0142owa, kt\u00f3ry podczas spotkania komisji mi\u0119dzyrz\u0105dowej mi\u0119dzy&hellip;\n","protected":false},"author":2,"featured_media":122059,"comment_status":"","ping_status":"","sticky":false,"template":"","format":"standard","meta":{"footnotes":""},"categories":[14],"tags":[32,33,27,34,35,28,31,25,40,41,80,29,30,26,82,83,84],"class_list":{"0":"post-122058","1":"post","2":"type-post","3":"status-publish","4":"format-standard","5":"has-post-thumbnail","7":"category-swiat","8":"tag-breaking-news","9":"tag-breakingnews","10":"tag-headlines","11":"tag-latest-news","12":"tag-latestnews","13":"tag-naglowki","14":"tag-najwazniejsze-artykuly","15":"tag-news","16":"tag-polish","17":"tag-polski","18":"tag-swiat","19":"tag-top-stories","20":"tag-topstories","21":"tag-wiadomosci","22":"tag-world","23":"tag-world-news","24":"tag-worldnews"},"share_on_mastodon":{"url":"https:\/\/pubeurope.com\/@pl\/115625440245595076","error":""},"_links":{"self":[{"href":"https:\/\/www.europesays.com\/pl\/wp-json\/wp\/v2\/posts\/122058","targetHints":{"allow":["GET"]}}],"collection":[{"href":"https:\/\/www.europesays.com\/pl\/wp-json\/wp\/v2\/posts"}],"about":[{"href":"https:\/\/www.europesays.com\/pl\/wp-json\/wp\/v2\/types\/post"}],"author":[{"embeddable":true,"href":"https:\/\/www.europesays.com\/pl\/wp-json\/wp\/v2\/users\/2"}],"replies":[{"embeddable":true,"href":"https:\/\/www.europesays.com\/pl\/wp-json\/wp\/v2\/comments?post=122058"}],"version-history":[{"count":0,"href":"https:\/\/www.europesays.com\/pl\/wp-json\/wp\/v2\/posts\/122058\/revisions"}],"wp:featuredmedia":[{"embeddable":true,"href":"https:\/\/www.europesays.com\/pl\/wp-json\/wp\/v2\/media\/122059"}],"wp:attachment":[{"href":"https:\/\/www.europesays.com\/pl\/wp-json\/wp\/v2\/media?parent=122058"}],"wp:term":[{"taxonomy":"category","embeddable":true,"href":"https:\/\/www.europesays.com\/pl\/wp-json\/wp\/v2\/categories?post=122058"},{"taxonomy":"post_tag","embeddable":true,"href":"https:\/\/www.europesays.com\/pl\/wp-json\/wp\/v2\/tags?post=122058"}],"curies":[{"name":"wp","href":"https:\/\/api.w.org\/{rel}","templated":true}]}}