{"id":122081,"date":"2025-11-28T04:57:14","date_gmt":"2025-11-28T04:57:14","guid":{"rendered":"https:\/\/www.europesays.com\/pl\/122081\/"},"modified":"2025-11-28T04:57:14","modified_gmt":"2025-11-28T04:57:14","slug":"napastowal-nastolatke-w-rzeszowskim-autobusie-44-latek-w-areszcie-onet","status":"publish","type":"post","link":"https:\/\/www.europesays.com\/pl\/122081\/","title":{"rendered":"Napastowa\u0142 nastolatk\u0119 w rzeszowskim autobusie. 44-latek w areszcie &#8211; Onet"},"content":{"rendered":"<ol>\n<li><a href=\"https:\/\/news.google.com\/rss\/articles\/CBMixwFBVV95cUxPMjJwZHgtU01Rc3NBUlR5NXk4bE9uMEh4T1VJQWVrbEY1NnpMSmRjWS1xLWhteWZRbUxWeV9wWGR1aE83LWxLajZCTkptSldHbGhMUWo2bmRVM2xSVGVUaE9DZjY5OE56SmRWNWg1VnlPV2UyOVFHcUVVV28wYU5rekpNTU50NTNIbktQbWh3X0VfckNqWUNnUUczSXpUTjdrMVNUV1RhSmJoendjWVpDWFBnZUhPc1pLeVNLOW5sNmJhLS1RRE9z?oc=5\" target=\"_blank\" rel=\"nofollow noopener\">Napastowa\u0142 nastolatk\u0119 w rzeszowskim autobusie. 44-latek w areszcie<\/a>&nbsp;&nbsp;Onet<\/li>\n<li><a href=\"https:\/\/news.google.com\/rss\/articles\/CBMiwgFBVV95cUxPRlBLeFUzUnNWbGhoOVdQYkRBY1hHX3VxdU55a2J4ZTdKQ1hHbHpLc1VJd1hST1NDTVU5VmJuLUI2MUNHOHV2U0s4MElqdlhobjVBMC16bGxHT2E3Vkw1Y0RWNm1UM3c1d2JCQXRUUEtVcHB2SF91ODlTaG1aOVZDRlRCazhJRDJDb1RQVUZUWGxoY2NyZXl6N2RodUN4Skt5WEsyX01DSUMtVXh3OXZOaVdBOEo1MzhFMktUaXkzUFBaQQ?oc=5\" target=\"_blank\" rel=\"nofollow noopener\">Dziecko ofiar\u0105 molestowania w autobusie, 44-latek z zarzutem. Apel prokuratury do innych pokrzywdzonych<\/a>&nbsp;&nbsp;TVN24<\/li>\n<li><a href=\"https:\/\/news.google.com\/rss\/articles\/CBMi0AFBVV95cUxQRmFtQjdfNWFmVzNHZFF1UnMyQXlGdU41Y0VRWmhBdXl0ZTJraFQtUm8tMTZDamp0VTZhblhiSFFfSHFXQWtPcVdaeXVvYnhaaXVNdWtIOVVpWkh2NTRjLUhteUsyTklnVmpHanZTN3Q3TjUwSzY1RF9YZDJJc01ndDRwMFNnM09qS3NOaVpFTEt5ek1YQmREUGF1X1o5QXlITjliWHVWY3JMSk93aXVUemZ6Y2tVMDNPbWU5MW10RmlMX2RkaWRqTUpUQ0NDSVVB?oc=5\" target=\"_blank\" rel=\"nofollow noopener\">Napastowa\u0142 nastolatk\u0119 w autobusie. Policja apeluje do kobiet na Podkarpaciu<\/a>&nbsp;&nbsp;Onet<\/li>\n<li><a href=\"https:\/\/news.google.com\/rss\/articles\/CBMipgFBVV95cUxNaTZ0ajBaM1hvalRycTJFNnZDRU05S1c1N25fVExpa1RNLW5ESUNsTndydlhwS0RkallMRHN1Tko0QU1uNzg4OV9KQmNtbUZKRUE4cy0zNVB6QkVkcVhMUUoxcWhfMF85TUdsTVJyV3JKQWlwVGVlazFQNGZTSjNPQW56T0dhRFJTT1lyUmIxWGttRjNuRUpBTnZHMzVPV0NBN25vZTVn?oc=5\" target=\"_blank\" rel=\"nofollow noopener\">44-latek zatrzymany za napa\u015b\u0107 o pod\u0142o\u017cu seksualnym w autobusie miejskim<\/a>&nbsp;&nbsp;TVP Rzesz\u00f3w<\/li>\n<li><a href=\"https:\/\/news.google.com\/rss\/articles\/CBMitAFBVV95cUxPaVZQSi1OYnlleFZrdmQ4RUJlUkY1OWUwX2szLVY4X0VKbGFQMXJCc2tIRENLWm0zSGdsVkgxWkFIVFg1X242aEJoYl9TcXM1b2pYN0c5V3ZXeXhOUWk0VXcxUGlYOWs2RzUxQ0NjZ2xNa0U5V2VHeXJZMERqRFIxRjZYSllIQ0xSRzRFbmliTGhkNFV1eElpRVpCM3dXTmdVTmplN04wWHNJMFk4aUhBMHlZYnU?oc=5\" target=\"_blank\" rel=\"nofollow noopener\">Skandaliczne zachowanie wobec nastolatki w autobusie. Jest apel do kobiet<\/a>&nbsp;&nbsp;RMF24<\/li>\n<\/ol>\n","protected":false},"excerpt":{"rendered":"Napastowa\u0142 nastolatk\u0119 w rzeszowskim autobusie. 44-latek w areszcie&nbsp;&nbsp;Onet Dziecko ofiar\u0105 molestowania w autobusie, 44-latek z zarzutem. Apel prokuratury&hellip;\n","protected":false},"author":2,"featured_media":122082,"comment_status":"","ping_status":"","sticky":false,"template":"","format":"standard","meta":{"footnotes":""},"categories":[12],"tags":[32,33,244,36,37,27,369,34,35,28,31,53,25,52,68,51,55,42,38,40,39,41,47,24860,29,30,50,26],"class_list":{"0":"post-122081","1":"post","2":"type-post","3":"status-publish","4":"format-standard","5":"has-post-thumbnail","7":"category-polska","8":"tag-breaking-news","9":"tag-breakingnews","10":"tag-ctr_tst","11":"tag-featured-news","12":"tag-featurednews","13":"tag-headlines","14":"tag-kk","15":"tag-latest-news","16":"tag-latestnews","17":"tag-naglowki","18":"tag-najwazniejsze-artykuly","19":"tag-new_header","20":"tag-news","21":"tag-onet3","22":"tag-onet3d","23":"tag-onet3d_2i","24":"tag-phx","25":"tag-pl","26":"tag-poland","27":"tag-polish","28":"tag-polska","29":"tag-polski","30":"tag-screening_general","31":"tag-supernowosci24","32":"tag-top-stories","33":"tag-topstories","34":"tag-v2021","35":"tag-wiadomosci"},"share_on_mastodon":{"url":"https:\/\/pubeurope.com\/@pl\/115625554311050939","error":""},"_links":{"self":[{"href":"https:\/\/www.europesays.com\/pl\/wp-json\/wp\/v2\/posts\/122081","targetHints":{"allow":["GET"]}}],"collection":[{"href":"https:\/\/www.europesays.com\/pl\/wp-json\/wp\/v2\/posts"}],"about":[{"href":"https:\/\/www.europesays.com\/pl\/wp-json\/wp\/v2\/types\/post"}],"author":[{"embeddable":true,"href":"https:\/\/www.europesays.com\/pl\/wp-json\/wp\/v2\/users\/2"}],"replies":[{"embeddable":true,"href":"https:\/\/www.europesays.com\/pl\/wp-json\/wp\/v2\/comments?post=122081"}],"version-history":[{"count":0,"href":"https:\/\/www.europesays.com\/pl\/wp-json\/wp\/v2\/posts\/122081\/revisions"}],"wp:featuredmedia":[{"embeddable":true,"href":"https:\/\/www.europesays.com\/pl\/wp-json\/wp\/v2\/media\/122082"}],"wp:attachment":[{"href":"https:\/\/www.europesays.com\/pl\/wp-json\/wp\/v2\/media?parent=122081"}],"wp:term":[{"taxonomy":"category","embeddable":true,"href":"https:\/\/www.europesays.com\/pl\/wp-json\/wp\/v2\/categories?post=122081"},{"taxonomy":"post_tag","embeddable":true,"href":"https:\/\/www.europesays.com\/pl\/wp-json\/wp\/v2\/tags?post=122081"}],"curies":[{"name":"wp","href":"https:\/\/api.w.org\/{rel}","templated":true}]}}