{"id":122146,"date":"2025-11-28T06:10:07","date_gmt":"2025-11-28T06:10:07","guid":{"rendered":"https:\/\/www.europesays.com\/pl\/122146\/"},"modified":"2025-11-28T06:10:07","modified_gmt":"2025-11-28T06:10:07","slug":"dzis-zima-pokaze-inne-grozne-oblicze-czesc-polski-pokryje-niebezpieczna-gololedz-onet","status":"publish","type":"post","link":"https:\/\/www.europesays.com\/pl\/122146\/","title":{"rendered":"Dzi\u015b zima poka\u017ce inne, gro\u017ane oblicze. Cz\u0119\u015b\u0107 Polski pokryje niebezpieczna go\u0142oled\u017a &#8211; Onet"},"content":{"rendered":"<ol>\n<li><a href=\"https:\/\/news.google.com\/rss\/articles\/CBMizAFBVV95cUxQREk5OV84VnVYQXJ1TldWXzZqd0I4UjdyRTUwenZSVXRvMkVIcU9URzlTN2o5M19GSVh6aDlHejI1V0otbjRaUERqaHJSVHAwSlBhNG9XaVFCZ2hhLW9zVVU3Z3NuT0tpNTBxcm51bi1BN3cxSmVoUnlCTnlZRzdaMmFHSXVwV25pVTZhaDNZRkw0SFBsTXk4bDF0VEdaeU5Ya0VWYXZBVUYxdVVmc201eDZoc1BsZDdRQ3VGeFhRc1FwbTZrc2F3aGNaUk0?oc=5\" target=\"_blank\" rel=\"nofollow noopener\">Dzi\u015b zima poka\u017ce inne, gro\u017ane oblicze. Cz\u0119\u015b\u0107 Polski pokryje niebezpieczna go\u0142oled\u017a<\/a>&nbsp;&nbsp;Onet<\/li>\n<li><a href=\"https:\/\/news.google.com\/rss\/articles\/CBMixAFBVV95cUxQbVFsRzhGNzd1M3BUR2JFbUdoQ2NmbzRTdnJKNzE4OUtoQkNsMVFCOE5JVzRzbmhhUUx6RkFwTzV1aGNYVFpYWlZoaEF6LW5PTFRXVE9ZWllpNkVPZGNVVkZZaDQzcHl2VXI2Y0tVYlVuaDlBX292dkhxMlhZMW9iRVBKYkx4cmZPQmlfd0V4VGd1U1JZa0wwT3RfaWFIaVd6SFR3VHJMVjFTM05oUUEwbzhJNHRrc09ha3lVZ2ExUE1BMW9Q?oc=5\" target=\"_blank\" rel=\"nofollow noopener\">Niebezpieczna \u015blizgawica. Ostrze\u017cenia w 13 wojew\u00f3dztwach<\/a>&nbsp;&nbsp;TVN24<\/li>\n<li><a href=\"https:\/\/news.google.com\/rss\/articles\/CBMipwFBVV95cUxQMkJkTUxqazMwekkzVG5DaVFITEFkT3hFRFVJMDFJeW15RC04bTg0WS1PX3o3d2N0VkZsRGxTRmJzcjByYllJM0FPNU9RWnVURWFCa0VUb0FKQWt4dXh5RmJWNXdtQ3Rjb2Q2djFqcWJhX2M3U1R0STJheFdmUWx6ZWVEQ212bkhBdExOU254bjd3S1pueGM5QmJ0R1Ftd2tzQVN5WjV3VQ?oc=5\" target=\"_blank\" rel=\"nofollow noopener\">Ostrze\u017cenie przed oblodzeniem dr\u00f3g w wojew\u00f3dztwie ma\u0142opolskim<\/a>&nbsp;&nbsp;TVP Krak\u00f3w<\/li>\n<li><a href=\"https:\/\/news.google.com\/rss\/articles\/CBMisAFBVV95cUxQa25jTmttdUo1V0V3dDRXcmJuUTFiNGxVYVVFMFEtUXI4bWlOM0xrVlk0NG9abWd4NUVSM0dFSWgySlJ3YThCT2ZZcXJyZThUV0NfT0w0U0tNbGF6YjRZTWlqaTJwcmlXSnJtNDlYZlhHbUVwSVpSUksxTjNUajl4RTk1b0x4VnBmVFRqOVdxRmVVY2dqWnVxWU5JUTZrOVhLLVUzczNDcHE4V1VNUHhUQg?oc=5\" target=\"_blank\" rel=\"nofollow noopener\">Ostrze\u017cenie przed weekendem. W tych wojew\u00f3dztwach trzeba uwa\u017ca\u0107<\/a>&nbsp;&nbsp;TwojaPogoda.pl<\/li>\n<li><a href=\"https:\/\/news.google.com\/rss\/articles\/CBMie0FVX3lxTE5waTZ6VnFOWS1CLTJCVWxMcmU1R2RGT3oydU9oSFRlRjRFcU12MF93MF9YS0luSVhicEpqeFlvRTFwdTdKQlI3WW5uR2gwbWt5RkJqb0dSMmU5Q0hBOUR6MlBGc3VseVJrUW9QeHdFOXpsb3lMdk9IOEN3QQ?oc=5\" target=\"_blank\" rel=\"nofollow noopener\">Ostrze\u017cenie meteorologiczne.Oblodzenie<\/a>&nbsp;&nbsp;Gov.pl<\/li>\n<\/ol>\n","protected":false},"excerpt":{"rendered":"Dzi\u015b zima poka\u017ce inne, gro\u017ane oblicze. Cz\u0119\u015b\u0107 Polski pokryje niebezpieczna go\u0142oled\u017a&nbsp;&nbsp;Onet Niebezpieczna \u015blizgawica. Ostrze\u017cenia w 13 wojew\u00f3dztwach&nbsp;&nbsp;TVN24 Ostrze\u017cenie&hellip;\n","protected":false},"author":2,"featured_media":122147,"comment_status":"","ping_status":"","sticky":false,"template":"","format":"standard","meta":{"footnotes":""},"categories":[5],"tags":[32,33,169,36,37,23120,27,34,35,6987,28,31,53,25,52,68,51,55,42,78,38,40,39,41,47,29,30,65,50,26],"class_list":{"0":"post-122146","1":"post","2":"type-post","3":"status-publish","4":"format-standard","5":"has-post-thumbnail","7":"category-naglowki","8":"tag-breaking-news","9":"tag-breakingnews","10":"tag-deszcz","11":"tag-featured-news","12":"tag-featurednews","13":"tag-gololedz","14":"tag-headlines","15":"tag-latest-news","16":"tag-latestnews","17":"tag-mroz","18":"tag-naglowki","19":"tag-najwazniejsze-artykuly","20":"tag-new_header","21":"tag-news","22":"tag-onet3","23":"tag-onet3d","24":"tag-onet3d_2i","25":"tag-phx","26":"tag-pl","27":"tag-pogoda","28":"tag-poland","29":"tag-polish","30":"tag-polska","31":"tag-polski","32":"tag-screening_general","33":"tag-top-stories","34":"tag-topstories","35":"tag-update_me","36":"tag-v2021","37":"tag-wiadomosci"},"share_on_mastodon":{"url":"https:\/\/pubeurope.com\/@pl\/115625841394206993","error":""},"_links":{"self":[{"href":"https:\/\/www.europesays.com\/pl\/wp-json\/wp\/v2\/posts\/122146","targetHints":{"allow":["GET"]}}],"collection":[{"href":"https:\/\/www.europesays.com\/pl\/wp-json\/wp\/v2\/posts"}],"about":[{"href":"https:\/\/www.europesays.com\/pl\/wp-json\/wp\/v2\/types\/post"}],"author":[{"embeddable":true,"href":"https:\/\/www.europesays.com\/pl\/wp-json\/wp\/v2\/users\/2"}],"replies":[{"embeddable":true,"href":"https:\/\/www.europesays.com\/pl\/wp-json\/wp\/v2\/comments?post=122146"}],"version-history":[{"count":0,"href":"https:\/\/www.europesays.com\/pl\/wp-json\/wp\/v2\/posts\/122146\/revisions"}],"wp:featuredmedia":[{"embeddable":true,"href":"https:\/\/www.europesays.com\/pl\/wp-json\/wp\/v2\/media\/122147"}],"wp:attachment":[{"href":"https:\/\/www.europesays.com\/pl\/wp-json\/wp\/v2\/media?parent=122146"}],"wp:term":[{"taxonomy":"category","embeddable":true,"href":"https:\/\/www.europesays.com\/pl\/wp-json\/wp\/v2\/categories?post=122146"},{"taxonomy":"post_tag","embeddable":true,"href":"https:\/\/www.europesays.com\/pl\/wp-json\/wp\/v2\/tags?post=122146"}],"curies":[{"name":"wp","href":"https:\/\/api.w.org\/{rel}","templated":true}]}}