{"id":122150,"date":"2025-11-28T06:12:09","date_gmt":"2025-11-28T06:12:09","guid":{"rendered":"https:\/\/www.europesays.com\/pl\/122150\/"},"modified":"2025-11-28T06:12:09","modified_gmt":"2025-11-28T06:12:09","slug":"agnieszka-maciag-w-dziecinstwie-przezyla-cudem-po-latach-wyjawila-prawde","status":"publish","type":"post","link":"https:\/\/www.europesays.com\/pl\/122150\/","title":{"rendered":"Agnieszka Maci\u0105g w dzieci\u0144stwie &#8222;prze\u017cy\u0142a cudem&#8221;. Po latach wyjawi\u0142a prawd\u0119"},"content":{"rendered":"<p class=\"ods-c-paragraph \">Nie \u017cyje <a href=\"https:\/\/plejada.pl\/agnieszka-maciag-b-modelka\" id=\"0215e27e-7028-405f-a84a-606039cb57d8\" rel=\"nofollow noopener\" target=\"_blank\">Agnieszka Maci\u0105g<\/a>. Modelka zmar\u0142a w wieku 56 lat. Przez d\u0142ugi czas zmaga\u0142a si\u0119 z chorob\u0105 nowotworow\u0105. <a href=\"https:\/\/plejada.pl\/newsy\/nie-zyje-agnieszka-maciag-smutna-wiadomosc-przekazal-maz-modelki\/11nzlhl\" id=\"c1636fc4-68ac-4f96-b0c1-78a3121ff56b\" rel=\"nofollow noopener\" target=\"_blank\">27 listopada m\u0105\u017c modelki poinformowa\u0142 za po\u015brednictwem medi\u00f3w spo\u0142eczno\u015bciowych o jej \u015bmierci<\/a>. &#8222;Dzisiaj zgas\u0142o moje S\u0142o\u0144ce. \u015awiat\u0142o, kt\u00f3re zmieni\u0142o moje \u017cycie. Da\u0142o mi mi\u0142o\u015b\u0107. Si\u0142\u0119. Wiar\u0119 i zaufanie. \u015awiat\u0142o, kt\u00f3re rzuca\u0142o jasno\u015b\u0107 na nasz\u0105 wsp\u00f3ln\u0105 drog\u0119. Nasz sens \u017cycia. Nasz dom i miejsce na ziemi. \u015awiat\u0142o, kt\u00f3re da\u0142o cud narodzin. Teraz \u015bwiat\u0142o\u015bci\u0105 jeste\u015b ty. B\u0105d\u017a wolna, bo zawsze kocha\u0142a\u015b wolno\u015b\u0107. B\u0119d\u0119 zawsze widzie\u0107 twoje oczy pe\u0142ne mi\u0142o\u015bci. Twoja rado\u015b\u0107 i pe\u0142nia \u017cycia b\u0119d\u0105 \u017cy\u0107 we mnie zawsze&#8221; \u2014 napisa\u0142.<\/p>\n<p class=\"ods-c-paragraph \">Gdy Agnieszka Maci\u0105g mia\u0142a 12 lat, uczestniczy\u0142a w dramatycznym wypadku samochodowym, kt\u00f3ry na d\u0142ugo odcisn\u0105\u0142 pi\u0119tno na jej \u017cyciu. Wracaj\u0105c z rodzicami od cioci, jechali autem, w kt\u00f3rym znajdowa\u0142o si\u0119 r\u00f3wnie\u017c dwoje zabranych po drodze autostopowicz\u00f3w. Na oblodzonej nawierzchni samoch\u00f3d wpad\u0142 w po\u015blizg i kilkukrotnie przekozio\u0142kowa\u0142. Doro\u015bli wyszli z tego bez wi\u0119kszych obra\u017ce\u0144, jednak m\u0142oda Agnieszka w ostatniej chwili unikn\u0119\u0142a \u015bmierci.<\/p>\n<p>Dalszy ci\u0105g artyku\u0142u pod materia\u0142em wideo<\/p>\n<p> Ile lat mia\u0142a Agnieszka Maci\u0105g w dniu wypadku? <\/p>\n<p> Co sta\u0142o si\u0119 z jej rodzicami podczas wypadku? <\/p>\n<p> Jakie pami\u0105tki znalaz\u0142a mama Agnieszki w rozbitym aucie? <\/p>\n<p> Jak Agnieszka Maci\u0105g opisa\u0142a swoje podej\u015bcie do \u017cycia po wypadku? <\/p>\n<p>  Agnieszka Maci\u0105g cudem prze\u017cy\u0142a wypadek samochodowy<\/p>\n<p class=\"ods-c-paragraph \">Po tamtym wstrz\u0105saj\u0105cym zdarzeniu lekarze nie kryli zdumienia, m\u00f3wi\u0105c wr\u0119cz o cudzie i podkre\u015blaj\u0105c, jak niewielkie by\u0142y szanse, by prze\u017cy\u0142a. Maci\u0105g opisa\u0142a w swojej ksi\u0105\u017cce &#8222;Pe\u0142nia \u017cycia&#8221;, \u017ce jej powiek\u0119 rozci\u0119t\u0105 kawa\u0142kiem szk\u0142a z ogromn\u0105 precyzj\u0105 zszy\u0142 wybitny chirurg. W rozbitym aucie odnaleziono tak\u017ce obrazek Matki Bo\u017cej Hodyszewskiej oraz drewniany r\u00f3\u017caniec \u2014 pami\u0105tki, kt\u00f3re przez ca\u0142e \u017cycie traktowa\u0142a, jako talizmany.<\/p>\n<blockquote class=\"ods-o-quota\">\n<p class=\"ods-o-quota__paragraph\">Lekarze m\u00f3wi\u0105, \u017ce prze\u017cy\u0142am cudem. Wspania\u0142y, cierpliwy chirurg precyzyjnie zszywa moj\u0105 powiek\u0119 porozcinan\u0105 szk\u0142em. Nast\u0119pnego dnia mama znajduje w rozbitym aucie dwie rzeczy, kt\u00f3re nale\u017ca\u0142y do naszych autostopowicz\u00f3w: obrazek Matki Bo\u017cej Hodyszewskiej (nazywanej Kr\u00f3low\u0105 Podlasia i Matk\u0105 Pojednania) i drewniany r\u00f3\u017caniec. <\/p>\n<\/blockquote>\n<blockquote class=\"ods-o-quota\">\n<p class=\"ods-o-quota__paragraph\">Przynosi mi je do szpitala. S\u0105 ze mn\u0105 do dzisiaj jako moje talizmany, mocno ju\u017c wys\u0142u\u017cone latami podr\u00f3\u017cy<\/p>\n<\/blockquote>\n<p class=\"ods-c-paragraph \">\u2014 pisa\u0142a.<\/p>\n<p class=\"ods-c-paragraph \">Cho\u0107 wypadek na zawsze odcisn\u0105\u0142 pi\u0119tno na \u017cyciu Agnieszki Maci\u0105g, to jednocze\u015bnie sta\u0142 si\u0119 dla niej \u017ar\u00f3d\u0142em g\u0142\u0119bokiej refleksji. Od tamtej chwili jeszcze mocniej ceni\u0142a dar \u017cycia, a wiara i wewn\u0119trzna wdzi\u0119czno\u015b\u0107 sta\u0142y si\u0119 drogowskazami, kt\u00f3re prowadzi\u0142y j\u0105 przez kolejne etapy.<\/p>\n<blockquote class=\"ods-o-quota\">\n<p class=\"ods-o-quota__paragraph\">Wiedzia\u0142am, \u017ce musz\u0119 \u017cy\u0107 naprawd\u0119! Odwa\u017cnie pod\u0105\u017ca\u0107 za marzeniami, bo nie ma czasu do stracenia. Dosta\u0142am wielki prezent: \u017cycie. &#8222;Nie zmarnuj go&#8221; wci\u0105\u017c tkwi\u0142o w mojej g\u0142owie. Drugi dar to \u015bwiadomo\u015b\u0107, \u017ce niczego nie mog\u0119 odk\u0142ada\u0107 na jutro \u2014 bo jutra mo\u017ce nie by\u0107<\/p>\n<\/blockquote>\n<p class=\"ods-c-paragraph \">\u2014 doda\u0142a.<\/p>\n<p><img decoding=\"async\" src=\"https:\/\/www.europesays.com\/pl\/wp-content\/uploads\/2025\/11\/jc2k9lBaHR0cHM6Ly9vY2RuLmV1L3B1bHNjbXMvTURBXy8yOWQ4ODEzYTMxMzA4OGVjNTRjMjFkMzAzYTI0NWE1MS5qcGeRlQLNA.jpeg\" height=\"529\" width=\"940\" alt=\"Agnieszka Maci\u0105g nie \u017cyje. Gwiazdy \u017cegnaj\u0105 modelk\u0119 i aktork\u0119\" loading=\"lazy\" class=\"ods-c-image__img ods-c-image__img--vertical\"\/><\/p>\n<p>Agnieszka Maci\u0105g nie \u017cyje. Gwiazdy \u017cegnaj\u0105 modelk\u0119 i aktork\u0119Piotr Andrzejak \/ MW Media<\/p>\n<p class=\"ods-c-paragraph \">Dzi\u0119kujemy, \u017ce przeczyta\u0142a\u015b\/e\u015b nasz artyku\u0142 do ko\u0144ca. W serwisie Plejada.pl ka\u017cdego dnia piszemy o najwa\u017cniejszych wydarzeniach show-biznesowych. B\u0105d\u017a na bie\u017c\u0105co! <a rel=\"nofollow noopener\" href=\"https:\/\/profile.google.com\/cp\/Cg0vZy8xMWJ6X19wdHBx\" id=\"36369ee6-7afa-4dc4-9d2d-6de30dbcd221\" target=\"_blank\">Obserwuj<\/a> Plejad\u0119 w Wiadomo\u015bciach Google. Odwied\u017a nas tak\u017ce na <a rel=\"nofollow noopener\" href=\"https:\/\/www.facebook.com\/plejadapl\" id=\"61a7eaff-f43f-4641-a07c-93c50f6cfa07\" target=\"_blank\">Facebooku<\/a>, <a rel=\"nofollow noopener\" href=\"https:\/\/www.instagram.com\/plejadapl\/\" id=\"50fd2036-8849-4031-985d-ee65b1711d1f\" target=\"_blank\">Instagramie<\/a>, <a rel=\"nofollow noopener\" href=\"https:\/\/www.youtube.com\/c\/plejada\" id=\"55e7a256-daeb-4cc5-8509-a079bd4ea63e\" target=\"_blank\">YouTube<\/a> oraz <a rel=\"nofollow noopener\" href=\"https:\/\/www.tiktok.com\/@plejada_pl\" id=\"2e83375a-a9f5-40c5-b38f-967d7262e422\" target=\"_blank\">TikToku<\/a>.<\/p>\n<p class=\"ods-c-paragraph \">Chcesz podzieli\u0107 si\u0119 ciekawym newsem lub zaproponowa\u0107 temat? Skontaktuj si\u0119 z nami, pisz\u0105c e-maila na adres: <a rel=\"nofollow noopener\" href=\"https:\/\/plejada.pl\/newsy\/agnieszka-maciag-w-dziecinstwie-przezyla-cudem-po-latach-wyjawila-prawde\/mailto:plejada@redakcjaonet.pl\" id=\"32f62dba-70dc-434a-a0e8-5e7c72de32c8\" target=\"_blank\">plejada@redakcjaonet.pl<\/a>.<\/p>\n<p><script async src=\"\/\/www.instagram.com\/embed.js\"><\/script><script async src=\"\/\/www.tiktok.com\/embed.js\"><\/script><\/p>\n","protected":false},"excerpt":{"rendered":"Nie \u017cyje Agnieszka Maci\u0105g. Modelka zmar\u0142a w wieku 56 lat. Przez d\u0142ugi czas zmaga\u0142a si\u0119 z chorob\u0105 nowotworow\u0105.&hellip;\n","protected":false},"author":2,"featured_media":122151,"comment_status":"","ping_status":"","sticky":false,"template":"","format":"standard","meta":{"footnotes":""},"categories":[22],"tags":[26145,122,48,125,46,42,38,40,39,41,123,47,1847],"class_list":{"0":"post-122150","1":"post","2":"type-post","3":"status-publish","4":"format-standard","5":"has-post-thumbnail","7":"category-rozrywka","8":"tag-agnieszka_maciag","9":"tag-entertainment","10":"tag-nat_styl","11":"tag-newsy","12":"tag-omp","13":"tag-pl","14":"tag-poland","15":"tag-polish","16":"tag-polska","17":"tag-polski","18":"tag-rozrywka","19":"tag-screening_general","20":"tag-wypadek_drogowy"},"share_on_mastodon":{"url":"https:\/\/pubeurope.com\/@pl\/115625849612278661","error":""},"_links":{"self":[{"href":"https:\/\/www.europesays.com\/pl\/wp-json\/wp\/v2\/posts\/122150","targetHints":{"allow":["GET"]}}],"collection":[{"href":"https:\/\/www.europesays.com\/pl\/wp-json\/wp\/v2\/posts"}],"about":[{"href":"https:\/\/www.europesays.com\/pl\/wp-json\/wp\/v2\/types\/post"}],"author":[{"embeddable":true,"href":"https:\/\/www.europesays.com\/pl\/wp-json\/wp\/v2\/users\/2"}],"replies":[{"embeddable":true,"href":"https:\/\/www.europesays.com\/pl\/wp-json\/wp\/v2\/comments?post=122150"}],"version-history":[{"count":0,"href":"https:\/\/www.europesays.com\/pl\/wp-json\/wp\/v2\/posts\/122150\/revisions"}],"wp:featuredmedia":[{"embeddable":true,"href":"https:\/\/www.europesays.com\/pl\/wp-json\/wp\/v2\/media\/122151"}],"wp:attachment":[{"href":"https:\/\/www.europesays.com\/pl\/wp-json\/wp\/v2\/media?parent=122150"}],"wp:term":[{"taxonomy":"category","embeddable":true,"href":"https:\/\/www.europesays.com\/pl\/wp-json\/wp\/v2\/categories?post=122150"},{"taxonomy":"post_tag","embeddable":true,"href":"https:\/\/www.europesays.com\/pl\/wp-json\/wp\/v2\/tags?post=122150"}],"curies":[{"name":"wp","href":"https:\/\/api.w.org\/{rel}","templated":true}]}}