{"id":122163,"date":"2025-11-28T06:22:07","date_gmt":"2025-11-28T06:22:07","guid":{"rendered":"https:\/\/www.europesays.com\/pl\/122163\/"},"modified":"2025-11-28T06:22:07","modified_gmt":"2025-11-28T06:22:07","slug":"to-absurdalne-ekspert-miazdzy-pomysl-orbana","status":"publish","type":"post","link":"https:\/\/www.europesays.com\/pl\/122163\/","title":{"rendered":"&#8222;To absurdalne&#8221;. Ekspert mia\u017cd\u017cy pomys\u0142 Orbana"},"content":{"rendered":"<p>Najwa\u017cniejsze informacje:<\/p>\n<p>W\u0119gierskie media poda\u0142y, \u017ce Viktor Orban mo\u017ce w\u00a0pi\u0105tek polecie\u0107 do Moskwy i\u00a0spotka\u0107 si\u0119 z\u00a0W\u0142adimirem Putinem. Szef jego kancelarii, Gergely Gulyas, nie potwierdzi\u0142 tych informacji, ale te\u017c im nie zaprzeczy\u0142. <\/p>\n<p>Historyk Zoltan Biro w\u00a0rozmowie z\u00a0dziennikiem &#8222;Nepszava&#8221; oceni\u0142, \u017ce premier nie ma realnej przestrzeni do mediacji, bo ju\u017c dzia\u0142aj\u0105 kana\u0142y kontaktu mi\u0119dzy stronami ameryka\u0144sk\u0105, rosyjsk\u0105 i\u00a0ukrai\u0144sk\u0105. &#8211;\u00a0Nie ma potrzeby, aby dodatkowo w\u0142\u0105cza\u0142 si\u0119 premier W\u0119gier &#8211;\u00a0powiedzia\u0142 Biro.<\/p>\n<p>&#8211; To niemo\u017cliwe, by premier W\u0119gier Viktor Orban podr\u00f3\u017cowa\u0142 do Moskwy jako mediator pokojowy. Chocia\u017c ma takie ambicje, w\u00a0obecnej sytuacji jest to szczeg\u00f3lnie absurdalne &#8211; oceni\u0142.<\/p>\n<p>Zdaniem Biro, taki wyjazd m\u00f3g\u0142by s\u0142u\u017cy\u0107 budowie wizerunku przed wyborami parlamentarnymi zaplanowanymi na kwiecie\u0144. &#8211;\u00a0Spotkanie mog\u0142oby by\u0107 narz\u0119dziem do zademonstrowania mi\u0119dzynarodowej pozycji Orbana &#8211;\u00a0stwierdzi\u0142 ekspert. Wskaza\u0142 te\u017c drugi mo\u017cliwy cel: konsultacje z\u00a0Rosjanami w\u00a0sprawie utrudniania europejskim sojusznikom Ukrainy d\u0105\u017ce\u0144 do sprawiedliwego i\u00a0trwa\u0142ego pokoju.<\/p>\n<p>Zobacz te\u017c: Wyciek rozmowy Witkoffa. Ekspert t\u0142umaczy, w\u00a0co graj\u0105 Amerykanie<\/p>\n<p>W 2023 roku parlament w\u00a0Kijowie przyj\u0105\u0142 now\u0105 ustaw\u0119 o\u00a0mniejszo\u015bciach narodowych, kt\u00f3ra uwzgl\u0119dni\u0142a wymogi Rady Europy. \u00d3wczesny wiceminister spraw zagranicznych W\u0119gier Tamas Menczer uzna\u0142 jednak wprowadzone zmiany za niewystarczaj\u0105ce.<\/p>\n<p>Ponadto w ocenie w\u0142adz w\u0119gierskich przyst\u0105pienie Ukrainy do UE mia\u0142oby negatywny wp\u0142yw na gospodark\u0119 i\u00a0bezpiecze\u0144stwo W\u0119gier oraz ca\u0142ej Wsp\u00f3lnoty.<\/p>\n<p>Pi\u0105tkowe spotkanie by\u0142oby trzeci\u0105 rozmow\u0105 mi\u0119dzy Orbanem a\u00a0Putinem od agresji Rosji na Ukrain\u0119 w\u00a02022 roku i\u00a0w\u00a0sumie ich czternastym spotkaniem.<\/p>\n","protected":false},"excerpt":{"rendered":"Najwa\u017cniejsze informacje: W\u0119gierskie media poda\u0142y, \u017ce Viktor Orban mo\u017ce w\u00a0pi\u0105tek polecie\u0107 do Moskwy i\u00a0spotka\u0107 si\u0119 z\u00a0W\u0142adimirem Putinem. Szef&hellip;\n","protected":false},"author":2,"featured_media":122164,"comment_status":"","ping_status":"","sticky":false,"template":"","format":"standard","meta":{"footnotes":""},"categories":[14],"tags":[32,33,27,34,35,28,31,25,40,41,80,29,30,26,82,83,84],"class_list":{"0":"post-122163","1":"post","2":"type-post","3":"status-publish","4":"format-standard","5":"has-post-thumbnail","7":"category-swiat","8":"tag-breaking-news","9":"tag-breakingnews","10":"tag-headlines","11":"tag-latest-news","12":"tag-latestnews","13":"tag-naglowki","14":"tag-najwazniejsze-artykuly","15":"tag-news","16":"tag-polish","17":"tag-polski","18":"tag-swiat","19":"tag-top-stories","20":"tag-topstories","21":"tag-wiadomosci","22":"tag-world","23":"tag-world-news","24":"tag-worldnews"},"share_on_mastodon":{"url":"https:\/\/pubeurope.com\/@pl\/115625888529954836","error":""},"_links":{"self":[{"href":"https:\/\/www.europesays.com\/pl\/wp-json\/wp\/v2\/posts\/122163","targetHints":{"allow":["GET"]}}],"collection":[{"href":"https:\/\/www.europesays.com\/pl\/wp-json\/wp\/v2\/posts"}],"about":[{"href":"https:\/\/www.europesays.com\/pl\/wp-json\/wp\/v2\/types\/post"}],"author":[{"embeddable":true,"href":"https:\/\/www.europesays.com\/pl\/wp-json\/wp\/v2\/users\/2"}],"replies":[{"embeddable":true,"href":"https:\/\/www.europesays.com\/pl\/wp-json\/wp\/v2\/comments?post=122163"}],"version-history":[{"count":0,"href":"https:\/\/www.europesays.com\/pl\/wp-json\/wp\/v2\/posts\/122163\/revisions"}],"wp:featuredmedia":[{"embeddable":true,"href":"https:\/\/www.europesays.com\/pl\/wp-json\/wp\/v2\/media\/122164"}],"wp:attachment":[{"href":"https:\/\/www.europesays.com\/pl\/wp-json\/wp\/v2\/media?parent=122163"}],"wp:term":[{"taxonomy":"category","embeddable":true,"href":"https:\/\/www.europesays.com\/pl\/wp-json\/wp\/v2\/categories?post=122163"},{"taxonomy":"post_tag","embeddable":true,"href":"https:\/\/www.europesays.com\/pl\/wp-json\/wp\/v2\/tags?post=122163"}],"curies":[{"name":"wp","href":"https:\/\/api.w.org\/{rel}","templated":true}]}}