{"id":122179,"date":"2025-11-28T06:33:16","date_gmt":"2025-11-28T06:33:16","guid":{"rendered":"https:\/\/www.europesays.com\/pl\/122179\/"},"modified":"2025-11-28T06:33:16","modified_gmt":"2025-11-28T06:33:16","slug":"netflix-ma-nowego-rekordziste-zaden-serial-wczesniej-tego-nie-zrobil","status":"publish","type":"post","link":"https:\/\/www.europesays.com\/pl\/122179\/","title":{"rendered":"Netflix ma nowego rekordzist\u0119. \u017baden serial wcze\u015bniej tego nie zrobi\u0142"},"content":{"rendered":"<p class=\"Paragraph_desktopParagraph__U31Gm\">Jak mo\u017cna zobaczy\u0107 na stronie Tudum, pierwszy sezon serialu uplasowa\u0142 si\u0119 na trzecim miejscu najpopularniejszych seriali Netflixa w dniach 17-23 listopada, gromadz\u0105c 4,1 mln wy\u015bwietle\u0144. Czwarty sezon zaj\u0105\u0142 pi\u0105t\u0105 pozycj\u0119 z wynikiem 3,3 mln, natomiast sezon drugi i trzeci znalaz\u0142y si\u0119 odpowiednio na si\u00f3dmym i dziewi\u0105tym miejscu, oba z 3,1 mln. Czego\u015b takiego w historii Netflixa jeszcze nie by\u0142o, by cztery sezony danej produkcji by\u0142y w tym samym czasie w Top 10 globalnego zestawienia serwisu. W Polsce jeszcze przed chwil\u0105 najwi\u0119kszym zainteresowaniem cieszy\u0142 si\u0119 czwarty sezon, ale ju\u017c to Top 10 wbi\u0142 si\u0119 pi\u0105ty sezon, kt\u00f3ry premier\u0119 mia\u0142 dzi\u015b (27 listopada).<\/p>\n<p class=\"VideoPlayerText_videoPlayerText__iDwyz\">Dalszy ci\u0105g materia\u0142u pod wideo<\/p>\n<p class=\"Paragraph_desktopParagraph__U31Gm\">Jest mo\u017cliwe, \u017ce gdy Netflix przedstawi niebawem nowe zestawienie ogl\u0105dalno\u015bci na Netfliksie, w Top 10 mo\u017ce by\u0107 nawet pi\u0119\u0107 sezon\u00f3w &#8222;Stranger Things&#8221;. A to, \u017ce fina\u0142owa ods\u0142ona zdob\u0119dzie pierwsze miejsce, jest pewne. Wystarczy wspomnie\u0107, \u017ce jej premiera (o godz. 17:00 czasu pacyficznego, 02:00 czasu polskiego) wywo\u0142a\u0142a kr\u00f3tk\u0105 awari\u0119 Netfliksa. Fani na ca\u0142ym \u015bwiecie napotkali problemy z dost\u0119pem do platformy tu\u017c po udost\u0119pnieniu nowych odcink\u00f3w. Serwis szybko przywr\u00f3ci\u0142 dzia\u0142anie, jednak niekt\u00f3rzy u\u017cytkownicy nadal zg\u0142aszali b\u0142\u0119dy.<\/p>\n<p class=\"Paragraph_desktopParagraph__U31Gm\">Taki szturm nie powinien dziwi\u0107. &#8222;Stranger Things&#8221; chwil\u0119 po swoim debiucie w 2016 r. sta\u0142 si\u0119 popkulturowym fenomenem. Jego status potwierdzi\u0142y kolejne sezony w 2017, 2019 i 2022 r. Netflix od czwartego sezonu zacz\u0105\u0142 udost\u0119pnia\u0107 odcinki w partiach. W przypadku pi\u0105tego platforma wymy\u015bli\u0142a sobie trzy daty premiery. Kolejne epizody pojawi\u0105 si\u0119 26 grudnia, a fina\u0142owy odcinek zostanie wyemitowany 1 stycznia.<\/p>\n<p class=\"Paragraph_desktopParagraph__U31Gm\">Przypomnijmy, \u017ce w czwartym sezonie widzowie byli \u015bwiadkami dramatycznych wydarze\u0144, kt\u00f3re doprowadzi\u0142y do konfrontacji z Vecn\u0105, g\u0142\u00f3wnym antagonist\u0105 serii. Jedenastka, wraz z przyjaci\u00f3\u0142mi, musia\u0142a zmierzy\u0107 si\u0119 z konsekwencjami dzia\u0142a\u0144 Henry&#8217;ego Creela, znanego jako Vecna. Bohaterka odkry\u0142a, \u017ce to on jest pierwszym obiektem eksperyment\u00f3w doktora Brennera, a jego odrzucenie i zes\u0142anie na Drug\u0105 Stron\u0119 przez Jedenastk\u0119 stworzy\u0142o potwora, z kt\u00f3rym teraz walcz\u0105. Cho\u0107 Vecna zosta\u0142 postrzelony i podpalony przez Nancy, Steve&#8217;a i Robin, jego cia\u0142o znikn\u0119\u0142o, a Will nadal czuje jego obecno\u015b\u0107, co sugeruje, \u017ce wi\u0119\u017a z alternatywnym wymiarem nie zosta\u0142a zerwana.<\/p>\n","protected":false},"excerpt":{"rendered":"Jak mo\u017cna zobaczy\u0107 na stronie Tudum, pierwszy sezon serialu uplasowa\u0142 si\u0119 na trzecim miejscu najpopularniejszych seriali Netflixa w&hellip;\n","protected":false},"author":2,"featured_media":122180,"comment_status":"","ping_status":"","sticky":false,"template":"","format":"standard","meta":{"footnotes":""},"categories":[22],"tags":[122,67,261,8426,216,53,52,68,51,55,42,38,40,39,41,123,47,7581,10633,26148,65,50],"class_list":{"0":"post-122179","1":"post","2":"type-post","3":"status-publish","4":"format-standard","5":"has-post-thumbnail","7":"category-rozrywka","8":"tag-entertainment","9":"tag-intextvideo_splayer","10":"tag-kultura","11":"tag-najnowsze","12":"tag-netflix","13":"tag-new_header","14":"tag-onet3","15":"tag-onet3d","16":"tag-onet3d_2i","17":"tag-phx","18":"tag-pl","19":"tag-poland","20":"tag-polish","21":"tag-polska","22":"tag-polski","23":"tag-rozrywka","24":"tag-screening_general","25":"tag-serial_seriale","26":"tag-seriale_zagraniczne","27":"tag-stranger_things_serial_i_ksiazki","28":"tag-update_me","29":"tag-v2021"},"share_on_mastodon":{"url":"https:\/\/pubeurope.com\/@pl\/115625931746428796","error":""},"_links":{"self":[{"href":"https:\/\/www.europesays.com\/pl\/wp-json\/wp\/v2\/posts\/122179","targetHints":{"allow":["GET"]}}],"collection":[{"href":"https:\/\/www.europesays.com\/pl\/wp-json\/wp\/v2\/posts"}],"about":[{"href":"https:\/\/www.europesays.com\/pl\/wp-json\/wp\/v2\/types\/post"}],"author":[{"embeddable":true,"href":"https:\/\/www.europesays.com\/pl\/wp-json\/wp\/v2\/users\/2"}],"replies":[{"embeddable":true,"href":"https:\/\/www.europesays.com\/pl\/wp-json\/wp\/v2\/comments?post=122179"}],"version-history":[{"count":0,"href":"https:\/\/www.europesays.com\/pl\/wp-json\/wp\/v2\/posts\/122179\/revisions"}],"wp:featuredmedia":[{"embeddable":true,"href":"https:\/\/www.europesays.com\/pl\/wp-json\/wp\/v2\/media\/122180"}],"wp:attachment":[{"href":"https:\/\/www.europesays.com\/pl\/wp-json\/wp\/v2\/media?parent=122179"}],"wp:term":[{"taxonomy":"category","embeddable":true,"href":"https:\/\/www.europesays.com\/pl\/wp-json\/wp\/v2\/categories?post=122179"},{"taxonomy":"post_tag","embeddable":true,"href":"https:\/\/www.europesays.com\/pl\/wp-json\/wp\/v2\/tags?post=122179"}],"curies":[{"name":"wp","href":"https:\/\/api.w.org\/{rel}","templated":true}]}}