{"id":122195,"date":"2025-11-28T06:44:09","date_gmt":"2025-11-28T06:44:09","guid":{"rendered":"https:\/\/www.europesays.com\/pl\/122195\/"},"modified":"2025-11-28T06:44:09","modified_gmt":"2025-11-28T06:44:09","slug":"powazny-wypadek-w-kopalni-zawalil-sie-olbrzymi-zbiornik-na-wegiel","status":"publish","type":"post","link":"https:\/\/www.europesays.com\/pl\/122195\/","title":{"rendered":"Powa\u017cny wypadek w kopalni. Zawali\u0142 si\u0119 olbrzymi zbiornik na w\u0119giel"},"content":{"rendered":"<p>W nocy z\u00a0czwartku na pi\u0105tek 28 listopada w Kopalni Budryk dosz\u0142o do powa\u017cnego wypadku \u2013\u00a0podaje RMF 24. W\u00a0po\u0142o\u017conej w\u00a0Ornontowicach kopalni zawali\u0142 si\u0119 kilkudziesi\u0119ciometrowy zbiornik do magazynowania w\u0119gla. Powa\u017cnie uszkodzona zosta\u0142a r\u00f3wnie\u017c cz\u0119\u015b\u0107 ta\u015bmoci\u0105gu s\u0142u\u017c\u0105cego do transportu w\u0119gla.<\/p>\n<p>Sytuacja mia\u0142a miejsce oko\u0142o p\u00f3\u0142nocy, kiedy jeden z\u00a0dw\u00f3ch zbiornik\u00f3w run\u0105\u0142, powoduj\u0105c powa\u017cne uszkodzenia infrastruktury. W\u00a0chwili wypadku na drugim zbiorniku znajdowali si\u0119 pracownicy. W\u00a0kopalni przeprowadzono interwencj\u0119 s\u0142u\u017cb ratowniczych. \u017baden z\u00a0pracownik\u00f3w nie dozna\u0142 uraz\u00f3w. <\/p>\n<p>Ta sama kopalnia. Problemy z\u00a0ubieg\u0142ego roku <\/p>\n<p>W ubieg\u0142ym roku w\u00a0tej samej kopalni odby\u0142a si\u0119 powa\u017cna akcja przeciwpo\u017carowa. W\u00a0rejonie likwidowanej \u015bciany na poziomie 1290 metr\u00f3w odnotowano wzmo\u017cone ilo\u015bci tlenk\u00f3w w\u0119gla, kt\u00f3re mog\u0142y \u015bwiadczy\u0107 o\u00a0powstaniu w\u00a0rejonie po\u017caru. Zgodnie z\u00a0procedurami wycofano 103 pracuj\u0105cych w\u00a0tym rejonie g\u00f3rnik\u00f3w i rozpocz\u0119to interwencj\u0119.<\/p>\n<p>Gigantyczny po\u017car w\u00a0Hongkongu. Ogie\u0144 uwi\u0119zi\u0142 ludzi w\u00a0\u015brodku <\/p>\n<p>Ratownicy g\u00f3rniczy odizolowali \u015bcian\u0119 tamami przeciwwybuchowymi i\u00a0korkiem wodnym, rozwijaj\u0105c te\u017c linie chromatograficzne, kt\u00f3re pozwoli\u0142y na sta\u0142y monitoring sk\u0142adu kopalnianej atmosfery za tamami. Po otamowaniu rejonu akcj\u0119 po\u017carow\u0105 formalnie zako\u0144czono, przechodz\u0105c w\u00a0tryb dzia\u0142a\u0144 profilaktycznych.<\/p>\n","protected":false},"excerpt":{"rendered":"W nocy z\u00a0czwartku na pi\u0105tek 28 listopada w Kopalni Budryk dosz\u0142o do powa\u017cnego wypadku \u2013\u00a0podaje RMF 24. W\u00a0po\u0142o\u017conej&hellip;\n","protected":false},"author":2,"featured_media":122196,"comment_status":"","ping_status":"","sticky":false,"template":"","format":"standard","meta":{"footnotes":""},"categories":[12],"tags":[32,33,36,37,27,34,35,28,31,25,42,38,40,39,41,29,30,26],"class_list":{"0":"post-122195","1":"post","2":"type-post","3":"status-publish","4":"format-standard","5":"has-post-thumbnail","7":"category-polska","8":"tag-breaking-news","9":"tag-breakingnews","10":"tag-featured-news","11":"tag-featurednews","12":"tag-headlines","13":"tag-latest-news","14":"tag-latestnews","15":"tag-naglowki","16":"tag-najwazniejsze-artykuly","17":"tag-news","18":"tag-pl","19":"tag-poland","20":"tag-polish","21":"tag-polska","22":"tag-polski","23":"tag-top-stories","24":"tag-topstories","25":"tag-wiadomosci"},"share_on_mastodon":{"url":"https:\/\/pubeurope.com\/@pl\/115625975082710993","error":""},"_links":{"self":[{"href":"https:\/\/www.europesays.com\/pl\/wp-json\/wp\/v2\/posts\/122195","targetHints":{"allow":["GET"]}}],"collection":[{"href":"https:\/\/www.europesays.com\/pl\/wp-json\/wp\/v2\/posts"}],"about":[{"href":"https:\/\/www.europesays.com\/pl\/wp-json\/wp\/v2\/types\/post"}],"author":[{"embeddable":true,"href":"https:\/\/www.europesays.com\/pl\/wp-json\/wp\/v2\/users\/2"}],"replies":[{"embeddable":true,"href":"https:\/\/www.europesays.com\/pl\/wp-json\/wp\/v2\/comments?post=122195"}],"version-history":[{"count":0,"href":"https:\/\/www.europesays.com\/pl\/wp-json\/wp\/v2\/posts\/122195\/revisions"}],"wp:featuredmedia":[{"embeddable":true,"href":"https:\/\/www.europesays.com\/pl\/wp-json\/wp\/v2\/media\/122196"}],"wp:attachment":[{"href":"https:\/\/www.europesays.com\/pl\/wp-json\/wp\/v2\/media?parent=122195"}],"wp:term":[{"taxonomy":"category","embeddable":true,"href":"https:\/\/www.europesays.com\/pl\/wp-json\/wp\/v2\/categories?post=122195"},{"taxonomy":"post_tag","embeddable":true,"href":"https:\/\/www.europesays.com\/pl\/wp-json\/wp\/v2\/tags?post=122195"}],"curies":[{"name":"wp","href":"https:\/\/api.w.org\/{rel}","templated":true}]}}