{"id":122208,"date":"2025-11-28T06:53:09","date_gmt":"2025-11-28T06:53:09","guid":{"rendered":"https:\/\/www.europesays.com\/pl\/122208\/"},"modified":"2025-11-28T06:53:09","modified_gmt":"2025-11-28T06:53:09","slug":"grzegorz-braun-i-janusz-walus-na-meczu-legii-ze-sparta-praga","status":"publish","type":"post","link":"https:\/\/www.europesays.com\/pl\/122208\/","title":{"rendered":"Grzegorz Braun i Janusz Walu\u015b na meczu Legii ze Spart\u0105 Praga"},"content":{"rendered":"<p>Mecz Legii Warszawa ze\u00a0Spart\u0105 Praga w\u00a0Lidze Konferencji przyci\u0105gn\u0105\u0142 na\u00a0trybuny sporo postaci ze\u00a0\u015bwiata polityki.<\/p>\n<p>W\u00a0lo\u017cy honorowej zasiad\u0142 prezydent RP\u00a0Karol Nawrocki, na\u00a0co\u00a0dzie\u0144 b\u0119d\u0105cy kibicem Lechii Gda\u0144sk.<\/p>\n<p>Grzegorz Braun i\u00a0Janusz Walu\u015b na\u00a0meczu Legii ze\u00a0Spart\u0105 Praga<\/p>\n<p>Z\u00a0kolei na\u00a0jednej z\u00a0normalnych trybun pojawili si\u0119 Grzegorz Braun z\u00a0Januszem Walusiem, kt\u00f3ry\u00a0w\u00a01993 roku zamordowa\u0142 w\u00a0RPA przyw\u00f3dc\u0119 tamtejszych komunist\u00f3w Chrisa Haniego, za\u00a0co\u00a0sp\u0119dzi\u0142 w\u00a0wi\u0119zieniu blisko 29 lat.<\/p>\n<p>Jak wida\u0107, panowie nie\u00a0narzekali na\u00a0brak zainteresowania ze\u00a0strony kibic\u00f3w i\u00a0ch\u0119tnie pozowali do\u00a0zdj\u0119\u0107.<\/p>\n<blockquote class=\"twitter-tweet\">\n<p dir=\"ltr\" lang=\"pl\">W\u00a0kibicach jest dzi\u015b si\u0142a. W\u00a0kibicach i\u00a0odwa\u017cnych Polakach. Grzegorz Braun i\u00a0Janusz Walu\u015b. \ud83c\uddf5\ud83c\uddf1 <a href=\"https:\/\/t.co\/SbWXZbmVt4\" target=\"_blank\" rel=\"noopener noreferrer nofollow\">pic.twitter.com\/SbWXZbmVt4<\/a><\/p>\n<p>\u2014\u00a0W\u0142odzimierz Skalik (@Wlodek_Skalik) <a href=\"https:\/\/twitter.com\/Wlodek_Skalik\/status\/1994136763892166819?ref_src=twsrc%5Etfw\" target=\"_blank\" rel=\"noopener noreferrer nofollow\">November 27, 2025<\/a><\/p>\n<\/blockquote>\n<blockquote class=\"twitter-tweet\">\n<p dir=\"ltr\" lang=\"pl\">Grzegorz Braun i\u00a0Janusz Walu\u015b na\u00a0sektorze rodzinnym.<a href=\"https:\/\/twitter.com\/hashtag\/Legia?src=hash&amp;ref_src=twsrc%5Etfw\" target=\"_blank\" rel=\"noopener noreferrer nofollow\">#Legia<\/a> <a href=\"https:\/\/t.co\/CRTdn8af7N\" target=\"_blank\" rel=\"noopener noreferrer nofollow\">pic.twitter.com\/CRTdn8af7N<\/a><\/p>\n<p>\u2014\u00a0Kamil Marciniak (@KamilMRC) <a href=\"https:\/\/twitter.com\/KamilMRC\/status\/1994154707049488747?ref_src=twsrc%5Etfw\" target=\"_blank\" rel=\"noopener noreferrer nofollow\">November 27, 2025<\/a><\/p>\n<\/blockquote>\n<blockquote class=\"twitter-tweet\">\n<p dir=\"ltr\" lang=\"pl\">Dzi\u015b na\u00a0trybunach Legii Warszawa podczas meczu ze\u00a0Spart\u0105 Praga w\u00a0Lidze Konferencji Europy pojawi\u0142 si\u0119 Janusz Walu\u015b (ju\u017c kolejny raz).<\/p>\n<p>Tym razem zasiad\u0142 obok niego europose\u0142 Grzegorz Braun. Panowie, kt\u00f3rzy\u00a0si\u0119 z\u00a0nimi pojawili mieli szalik z\u00a0napisem \u201e\u015amier\u0107 Wrogom Ojczyzny\u201d. <a href=\"https:\/\/t.co\/yFJrgYzNxA\" target=\"_blank\" rel=\"noopener noreferrer nofollow\">pic.twitter.com\/yFJrgYzNxA<\/a><\/p>\n<p>\u2014\u00a0Bart\u0142omiej Banasiewicz (@babanasiewicz) <a href=\"https:\/\/twitter.com\/babanasiewicz\/status\/1994151779043356904?ref_src=twsrc%5Etfw\" target=\"_blank\" rel=\"noopener noreferrer nofollow\">November 27, 2025<\/a><\/p>\n<\/blockquote>\n<p>To\u00a0nie\u00a0pierwsza wizyta Walusia na\u00a0\u0141azienkowskiej. Pod\u00a0koniec wrze\u015bnia w\u00a0ligowym spotkaniu z\u00a0Pogoni\u0105 Szczecin <a href=\"https:\/\/weszlo.com\/2025\/09\/28\/janusz-walus-na-trybunach-legii\" rel=\"nofollow noopener\" target=\"_blank\">pojawi\u0142 si\u0119 na\u00a0\u017bylecie, gdzie zosta\u0142 przyj\u0119ty z\u00a0honorami<\/a>, a\u00a0na\u00a0trybunie pojawi\u0142a si\u0119 flaga z\u00a0jego podobizn\u0105.<\/p>\n<p>CZYTAJ WI\u0118CEJ O\u00a0NASZYCH DRU\u017bYNACH W\u00a0LIDZE KONFERENCJI:<\/p>\n<p>Fot.\u00a0FotoPyK\u00a0<\/p>\n<p>                    <script async src=\"https:\/\/platform.twitter.com\/widgets.js\" charset=\"utf-8\"><\/script><\/p>\n","protected":false},"excerpt":{"rendered":"Mecz Legii Warszawa ze\u00a0Spart\u0105 Praga w\u00a0Lidze Konferencji przyci\u0105gn\u0105\u0142 na\u00a0trybuny sporo postaci ze\u00a0\u015bwiata polityki. W\u00a0lo\u017cy honorowej zasiad\u0142 prezydent RP\u00a0Karol&hellip;\n","protected":false},"author":2,"featured_media":122209,"comment_status":"","ping_status":"","sticky":false,"template":"","format":"standard","meta":{"footnotes":""},"categories":[24],"tags":[16517,26151,713,42,38,40,39,41,127,126],"class_list":{"0":"post-122208","1":"post","2":"type-post","3":"status-publish","4":"format-standard","5":"has-post-thumbnail","7":"category-sport","8":"tag-grzegorz-braun","9":"tag-janusz-walus","10":"tag-legia-warszawa","11":"tag-pl","12":"tag-poland","13":"tag-polish","14":"tag-polska","15":"tag-polski","16":"tag-sport","17":"tag-sports"},"share_on_mastodon":{"url":"https:\/\/pubeurope.com\/@pl\/115626010735480492","error":""},"_links":{"self":[{"href":"https:\/\/www.europesays.com\/pl\/wp-json\/wp\/v2\/posts\/122208","targetHints":{"allow":["GET"]}}],"collection":[{"href":"https:\/\/www.europesays.com\/pl\/wp-json\/wp\/v2\/posts"}],"about":[{"href":"https:\/\/www.europesays.com\/pl\/wp-json\/wp\/v2\/types\/post"}],"author":[{"embeddable":true,"href":"https:\/\/www.europesays.com\/pl\/wp-json\/wp\/v2\/users\/2"}],"replies":[{"embeddable":true,"href":"https:\/\/www.europesays.com\/pl\/wp-json\/wp\/v2\/comments?post=122208"}],"version-history":[{"count":0,"href":"https:\/\/www.europesays.com\/pl\/wp-json\/wp\/v2\/posts\/122208\/revisions"}],"wp:featuredmedia":[{"embeddable":true,"href":"https:\/\/www.europesays.com\/pl\/wp-json\/wp\/v2\/media\/122209"}],"wp:attachment":[{"href":"https:\/\/www.europesays.com\/pl\/wp-json\/wp\/v2\/media?parent=122208"}],"wp:term":[{"taxonomy":"category","embeddable":true,"href":"https:\/\/www.europesays.com\/pl\/wp-json\/wp\/v2\/categories?post=122208"},{"taxonomy":"post_tag","embeddable":true,"href":"https:\/\/www.europesays.com\/pl\/wp-json\/wp\/v2\/tags?post=122208"}],"curies":[{"name":"wp","href":"https:\/\/api.w.org\/{rel}","templated":true}]}}