{"id":122221,"date":"2025-11-28T07:01:14","date_gmt":"2025-11-28T07:01:14","guid":{"rendered":"https:\/\/www.europesays.com\/pl\/122221\/"},"modified":"2025-11-28T07:01:14","modified_gmt":"2025-11-28T07:01:14","slug":"kuba-wojewodzki-pozwolil-sobie-na-szyderstwo-z-zillmann-i-lesar-rodzaj-napedu-nieznany-2","status":"publish","type":"post","link":"https:\/\/www.europesays.com\/pl\/122221\/","title":{"rendered":"Kuba Wojew\u00f3dzki pozwoli\u0142 sobie na szyderstwo z Zillmann i Lesar. &#8222;Rodzaj nap\u0119du nieznany&#8221;"},"content":{"rendered":"<p class=\"Paragraph_desktopParagraph__U31Gm\">Od momentu, gdy <a href=\"https:\/\/plejada.pl\/katarzyna-zillmann\" id=\"b1ab9ecd-5e85-4746-b36d-6383fc853cfa\" rel=\"nofollow noopener\" target=\"_blank\">Katarzyna Zillmann<\/a> i <a href=\"https:\/\/plejada.pl\/janja-lesar\" id=\"7466a08f-4155-4c95-b578-4095d8cc8860\" rel=\"nofollow noopener\" target=\"_blank\">Janja Lesar<\/a> pojawi\u0142y si\u0119 na parkiecie &#8222;<a href=\"https:\/\/plejada.pl\/taniec-z-gwiazdami-program-tvv\" id=\"95d3f8d1-29bb-4d19-beaf-f6b20d89c497\" rel=\"nofollow noopener\" target=\"_blank\">Ta\u0144ca z gwiazdami<\/a>&#8221; jako pierwsza \u017ce\u0144ska para w historii polskiej edycji, wzbudza\u0142y zainteresowanie nie tylko dzi\u0119ki choreografiom, ale i wyra\u017anej chemii mi\u0119dzy nimi. Blisko\u015b\u0107, poca\u0142unki, zmys\u0142owe uk\u0142ady \u2013 zw\u0142aszcza sensualna rumba \u2013 sprawi\u0142y, \u017ce wielu widz\u00f3w zacz\u0119\u0142o spekulowa\u0107, czy ich relacja nie wykracza poza ramy programu.<\/p>\n<p class=\"Paragraph_desktopParagraph__U31Gm\">Po finale atmosfera tylko zg\u0119stnia\u0142a. W sieci zacz\u0119\u0142y kr\u0105\u017cy\u0107 zdj\u0119cia, na kt\u00f3rych Katarzyna Zillmann i Janja Lesar nie szcz\u0119dzi\u0142y sobie czu\u0142ych gest\u00f3w. Wszystko to zbieg\u0142o si\u0119 w czasie z informacj\u0105, \u017ce Katarzyna Zillmann rozsta\u0142a si\u0119 ze swoj\u0105 dotychczasow\u0105 partnerk\u0105, cho\u0107 \u2013 jak podkre\u015blano sta\u0142o si\u0119 to ju\u017c wcze\u015bniej<\/p>\n<ul class=\"OchatFollowUps_wrapper__1ry7X\">\n<li class=\"OchatFollowUps_item__Dhyly OchatFollowUps_itemDesktop__R6aBv\">Co napisa\u0142 Kuba Wojew\u00f3dzki o Zillmann i Lesar?<\/li>\n<li class=\"OchatFollowUps_item__Dhyly OchatFollowUps_itemDesktop__R6aBv\">Jak zareagowa\u0142a Katarzyna Zillmann na spekulacje?<\/li>\n<li class=\"OchatFollowUps_item__Dhyly OchatFollowUps_itemDesktop__R6aBv\">Kim jest Julia Walczak w kontek\u015bcie Zillmann?<\/li>\n<li class=\"OchatFollowUps_item__Dhyly OchatFollowUps_itemDesktop__R6aBv\">Co s\u0105dzi Janja Lesar o relacji z Zillmann?<\/li>\n<\/ul>\n<p>Kuba Wojew\u00f3dzki pozwoli\u0142 sobie na szyderstwo z Zillmann i Lesar. &#8222;Rodzaj nap\u0119du nieznany&#8221; <\/p>\n<p class=\"Paragraph_desktopParagraph__U31Gm\">Katarzyna Zillmann pr\u00f3bowa\u0142a studzi\u0107 emocje, zaznaczaj\u0105c, \u017ce to, co widzowie widzieli w telewizji, wynika\u0142o z choreografii, a publiczne spekulacje mocno wyolbrzymiaj\u0105 rzeczywisto\u015b\u0107. Z kolei Janja Lesar doda\u0142a, \u017ce mi\u0119dzy nimi zbudowa\u0142a si\u0119 &#8222;bliska relacja&#8221;, co jedynie podgrza\u0142o atmosfer\u0119. Swoje do\u0142o\u017cy\u0142a te\u017c by\u0142a partnerka sportsmenki, <a href=\"https:\/\/plejada.pl\/newsy\/julia-walczak-zabrala-glos-w-sprawie-rozstania-z-katarzyna-zillmann-jest-oswiadczenie\/1ggpxm6\" id=\"c345d898-60e3-4a5d-9f05-821440ca1f9d\" rel=\"nofollow noopener\" target=\"_blank\">Julia Walczak<\/a>, podkre\u015blaj\u0105c, \u017ce <a href=\"https:\/\/plejada.pl\/newsy\/julia-walczak-zabrala-glos-w-sprawie-rozstania-z-katarzyna-zillmann-jest-oswiadczenie\/1ggpxm6\" id=\"1a375f5e-b134-4c2d-99c6-c975d6681d4f\" rel=\"nofollow noopener\" target=\"_blank\">medialne narracje mijaj\u0105 si\u0119 z prawd\u0105<\/a>.<\/p>\n<p><img decoding=\"async\" class=\"Image_image__0tuHp Image_autoHeight__f2n87 \" height=\"587\" width=\"880\" src=\"https:\/\/www.europesays.com\/pl\/wp-content\/uploads\/2025\/11\/cLlk9kpTURBXy9kYjk2MGIwY2MwZDc4YjUxM2EwM2Y1OTM2YWU0ZmZhMC5qcGeSlQLNA6wAwsOVAgDNAkvCw94AA6EwAaExAaEzw.jpeg\" alt=\"Katarzyna Zillmann, Janja Lesar\" loading=\"lazy\" \/>FOTON\/PAP \/ PAP<\/p>\n<p>Katarzyna Zillmann, Janja Lesar<\/p>\n<p class=\"Paragraph_desktopParagraph__U31Gm\">W ca\u0142ym zamieszaniu nie mog\u0142o zabrakn\u0105\u0107 g\u0142osu Kuby Wojew\u00f3dzkiego. Dziennikarz w swojej rubryce &#8222;Mea pulpa&#8221; w &#8222;Polityce&#8221; postanowi\u0142 skomentowa\u0107 g\u0142o\u015bne spekulacje na temat relacji mi\u0119dzy Katarzyn\u0105 Zillmann i Lesar. Napisa\u0142: <\/p>\n<blockquote>\n<p class=\"Paragraph_desktopParagraph__U31Gm\">Koniec zwi\u0105zku kajakarki Julii Walczak z wio\u015blark\u0105 Katarzyn\u0105 Zillmann. Media spekuluj\u0105 obecnie o zwi\u0105zku wio\u015blarki z Janj\u0105 Lesar. Rodzaj \u0142odzi oraz nap\u0119du nieznany<\/p>\n<\/blockquote>\n<p><img decoding=\"async\" class=\"Image_image__0tuHp Image_autoHeight__f2n87 \" height=\"455\" width=\"940\" src=\"https:\/\/www.europesays.com\/pl\/wp-content\/uploads\/2025\/11\/bCVk9kpTURBXy83NDg0ZmVhMjJlZTViMjdhNDI3ODIyMjA3ZThkMDZjNi5qcGeSlQLNA6wAwsOVAgDNAkvCw94AA6EwAaExAaEzw.jpeg\" alt=\"Kuba Wojew\u00f3dzki\" loading=\"lazy\" \/>TVN<\/p>\n<p>Kuba Wojew\u00f3dzki<\/p>\n<p class=\"Paragraph_desktopParagraph__U31Gm\">Dzi\u0119kujemy, \u017ce przeczyta\u0142a\u015b\/e\u015b nasz artyku\u0142 do ko\u0144ca. W serwisie Plejada.pl ka\u017cdego dnia piszemy o najwa\u017cniejszych wydarzeniach show-biznesowych. B\u0105d\u017a na bie\u017c\u0105co! <a rel=\"nofollow noopener\" href=\"https:\/\/profile.google.com\/cp\/Cg0vZy8xMWJ6X19wdHBx\" id=\"5543b0c4-c791-44fd-9442-79aab6d110e7\" target=\"_blank\">Obserwuj<\/a> Plejad\u0119 w Google. Odwied\u017a nas tak\u017ce na <a rel=\"nofollow noopener\" href=\"https:\/\/www.facebook.com\/plejadapl\" id=\"2dc2af00-b0f3-4557-afb5-ec07956708c3\" target=\"_blank\">Facebooku<\/a>, <a rel=\"nofollow noopener\" href=\"https:\/\/www.instagram.com\/plejadapl\/\" id=\"cbca3162-9102-4887-a869-0f4507493153\" target=\"_blank\">Instagramie<\/a>, <a rel=\"nofollow noopener\" href=\"https:\/\/www.youtube.com\/c\/plejada\" id=\"391abf13-4c57-417f-aad1-354245795129\" target=\"_blank\">YouTubie<\/a> oraz <a rel=\"nofollow noopener\" href=\"https:\/\/www.tiktok.com\/@plejada_pl\" id=\"cc16ee3a-f3c1-45f2-81cb-dbe3ec8772fe\" target=\"_blank\">TikToku<\/a>.<\/p>\n<p class=\"Paragraph_desktopParagraph__U31Gm\">Chcesz podzieli\u0107 si\u0119 ciekawym newsem lub zaproponowa\u0107 temat? Skontaktuj si\u0119 z nami, pisz\u0105c maila na adres: <a href=\"https:\/\/www.onet.pl\/styl-zycia\/plejada\/kuba-wojewodzki-pozwolil-sobie-na-szyderstwo-z-zillmann-i-lesar-rodzaj-napedu\/mailto:plejada@redakcjaonet.pl\" id=\"d855c4d2-0b80-4060-b876-989e8d8b6e48\" rel=\"nofollow noopener\" target=\"_blank\">plejada@redakcjaon<\/a><a rel=\"nofollow noopener\" href=\"http:\/\/et.pl\" id=\"4dc0b358-7307-4e49-be1c-e2d086fc5b94\" target=\"_blank\">et.pl<\/a>.<\/p>\n<p><script async src=\"\/\/www.instagram.com\/embed.js\"><\/script><script async src=\"\/\/www.tiktok.com\/embed.js\"><\/script><\/p>\n","protected":false},"excerpt":{"rendered":"Od momentu, gdy Katarzyna Zillmann i Janja Lesar pojawi\u0142y si\u0119 na parkiecie &#8222;Ta\u0144ca z gwiazdami&#8221; jako pierwsza \u017ce\u0144ska&hellip;\n","protected":false},"author":2,"featured_media":122222,"comment_status":"","ping_status":"","sticky":false,"template":"","format":"standard","meta":{"footnotes":""},"categories":[22],"tags":[122,67,3765,3561,719,261,53,52,68,51,55,42,38,40,39,41,123,47,1863,65,50],"class_list":{"0":"post-122221","1":"post","2":"type-post","3":"status-publish","4":"format-standard","5":"has-post-thumbnail","7":"category-rozrywka","8":"tag-entertainment","9":"tag-intextvideo_splayer","10":"tag-janja_lesar","11":"tag-katarzyna_zillmann","12":"tag-kuba_wojewodzki_dziennikarz_jakub_wojewodzki","13":"tag-kultura","14":"tag-new_header","15":"tag-onet3","16":"tag-onet3d","17":"tag-onet3d_2i","18":"tag-phx","19":"tag-pl","20":"tag-poland","21":"tag-polish","22":"tag-polska","23":"tag-polski","24":"tag-rozrywka","25":"tag-screening_general","26":"tag-taniec_z_gwiazdami_program_tv","27":"tag-update_me","28":"tag-v2021"},"share_on_mastodon":{"url":"https:\/\/pubeurope.com\/@pl\/115626042017099433","error":""},"_links":{"self":[{"href":"https:\/\/www.europesays.com\/pl\/wp-json\/wp\/v2\/posts\/122221","targetHints":{"allow":["GET"]}}],"collection":[{"href":"https:\/\/www.europesays.com\/pl\/wp-json\/wp\/v2\/posts"}],"about":[{"href":"https:\/\/www.europesays.com\/pl\/wp-json\/wp\/v2\/types\/post"}],"author":[{"embeddable":true,"href":"https:\/\/www.europesays.com\/pl\/wp-json\/wp\/v2\/users\/2"}],"replies":[{"embeddable":true,"href":"https:\/\/www.europesays.com\/pl\/wp-json\/wp\/v2\/comments?post=122221"}],"version-history":[{"count":0,"href":"https:\/\/www.europesays.com\/pl\/wp-json\/wp\/v2\/posts\/122221\/revisions"}],"wp:featuredmedia":[{"embeddable":true,"href":"https:\/\/www.europesays.com\/pl\/wp-json\/wp\/v2\/media\/122222"}],"wp:attachment":[{"href":"https:\/\/www.europesays.com\/pl\/wp-json\/wp\/v2\/media?parent=122221"}],"wp:term":[{"taxonomy":"category","embeddable":true,"href":"https:\/\/www.europesays.com\/pl\/wp-json\/wp\/v2\/categories?post=122221"},{"taxonomy":"post_tag","embeddable":true,"href":"https:\/\/www.europesays.com\/pl\/wp-json\/wp\/v2\/tags?post=122221"}],"curies":[{"name":"wp","href":"https:\/\/api.w.org\/{rel}","templated":true}]}}