{"id":122251,"date":"2025-11-28T07:24:09","date_gmt":"2025-11-28T07:24:09","guid":{"rendered":"https:\/\/www.europesays.com\/pl\/122251\/"},"modified":"2025-11-28T07:24:09","modified_gmt":"2025-11-28T07:24:09","slug":"karol-swiderski-z-kolejnym-golem-w-lidze-europy-sport-tvp-pl","status":"publish","type":"post","link":"https:\/\/www.europesays.com\/pl\/122251\/","title":{"rendered":"Karol \u015awiderski z kolejnym golem w Lidze Europy! &#8211; sport.tvp.pl"},"content":{"rendered":"<ol>\n<li><a href=\"https:\/\/news.google.com\/rss\/articles\/CBMigwFBVV95cUxOTEpsdEVpc0xtdlBhZ1l2ckIwaXMwWi1lR09KUHNuWnFFY056Vnh4aV83SWFJU1QtWkVsMlEzZmMtUm9MeklKOEZ0aVpRalRIWHpZTVJud3g4NUh1ckd4SEJ6UkROcVh2bGtDQ3M1ZXhuOF9saXpNQTAxLXVOc1FaelpoWdIBiAFBVV95cUxNQ3E5R0lRNVlTUGJDbGJtaU14WWdJc3FsQ2RlcFlXcmNIa05JYmthRmNvUnhWUUFKNkl6b01aV1M4OE9XaHk3U1dzaFMxV1NFbmRobklpazdaTG9YQUwtQ2Y3VHlGQ00tSkhOaGRFN3BVXzlMeHBzMzBJbGI1aElUV3JCSDVncE5Q?oc=5\" target=\"_blank\" rel=\"nofollow noopener\">Karol \u015awiderski z kolejnym golem w Lidze Europy!<\/a>&nbsp;&nbsp;sport.tvp.pl<\/li>\n<li><a href=\"https:\/\/news.google.com\/rss\/articles\/CBMizgFBVV95cUxNeGxOcDRmeWl4SUdudDcxWGI0V2tzUFdDU2N0azUyVHRrbE56VjZJUy1DRFFhSWhFWXd1WjFkZ0ZOSjVBZUZFR0phZGdPOWZCRkxiaFFQeVdscHFNcGVFOTBVMER3SXE0bWtnNmo2Wlo5V1dOclczVEJxWlhUcjV5bHNJN0dWRVREUDEtOW0xUzJXQWVVZG9CUFBfMnBXVDVYdjRXcFZKbFJNRERxZkJuenU3WDFqZDgwS0p3U2d0RVF0QklyMjU3ZFcydWNDdw?oc=5\" target=\"_blank\" rel=\"nofollow noopener\">Nie do wiary, co w Lidze Europy wyczynia Karol \u015awiderski! Tylko sp\u00f3jrz<\/a>&nbsp;&nbsp;Przegl\u0105d Sportowy Onet<\/li>\n<li><a href=\"https:\/\/news.google.com\/rss\/articles\/CBMirgFBVV95cUxPMENGVkpiQmxFWHEyMGFOY1J6UWl0SVF5WXF5bzcycmhnSnhHYkFxa1Z1RGJMazlYVEp5MFA5blJ5ZjFwY0VoRkFONHZDOE1Pa1UtSWNwRmR5czc1SmFPcUhIQ1BzUGtOVGVtMG5Wb0RGOHZqQVc5V0FsNm9rU1phTUlXRm1rMzZvSkJ3S19MTXBYeEMtaHBscmczZFZmbXoxbTlxdWpPS3RKdF93elE?oc=5\" target=\"_blank\" rel=\"nofollow noopener\">Reprezentant Polski z kolejnym golem w Lidze Europy! Idzie na kr\u00f3la strzelc\u00f3w Pi\u0142ka no\u017cna<\/a>&nbsp;&nbsp;Sport.pl<\/li>\n<li><a href=\"https:\/\/news.google.com\/rss\/articles\/CBMiogFBVV95cUxOX2Y2RHJhRFNXNW84cWdhTkFTb2NQZ3kzRjE3bmlkanlMeEFIdEJtNy11NU11bGhBbVlhWnc0OHJMamJPSGpad2FHTjQxb0txWVJLUHNhT1RYLVE0d1FfMHJna19mZFFpNGN1STg1TDk0OEU1emJ5aDFMZzdvcUxIblBLSFNUM1JJUlMxaFkySlJSZ3NrdUdYV2Z5UnphSk9DZnc?oc=5\" target=\"_blank\" rel=\"nofollow noopener\">Karol \u015awiderski strzela jak nakr\u0119cony w Lidze Europy<\/a>&nbsp;&nbsp;SportoweFakty<\/li>\n<li><a href=\"https:\/\/news.google.com\/rss\/articles\/CBMipwFBVV95cUxONmNOR1V0dWstNkRCNzhzNzJNZEFyendra2dYeGpvOGlwQWN2dUFBTjA0X0NoeE9FSkRrWjg4bmFDS0dwVXdsWUIydWx6engyZHp0eTJNUW5vc044ZEE3SVcwaFJ4NTluenRNeEhWT2FZX2ZpQ212dnBleVc2VG8ybzlMTkM2S2ZFY0o0Y1hfSkhvRGZsU2NNWHdMMEVuNGREV004YzlqZw?oc=5\" target=\"_blank\" rel=\"nofollow noopener\">Tak, tak, \u015awiderski znowu to zrobi\u0142! Kr\u00f3l Ligi Europy [WIDEO]<\/a>&nbsp;&nbsp;Meczyki.pl<\/li>\n<\/ol>\n","protected":false},"excerpt":{"rendered":"Karol \u015awiderski z kolejnym golem w Lidze Europy!&nbsp;&nbsp;sport.tvp.pl Nie do wiary, co w Lidze Europy wyczynia Karol \u015awiderski!&hellip;\n","protected":false},"author":2,"featured_media":122252,"comment_status":"","ping_status":"","sticky":false,"template":"","format":"standard","meta":{"footnotes":""},"categories":[24],"tags":[5872,5240,2102,269,42,38,40,39,41,127,334,126,20870],"class_list":{"0":"post-122251","1":"post","2":"type-post","3":"status-publish","4":"format-standard","5":"has-post-thumbnail","7":"category-sport","8":"tag-karol-swiderski","9":"tag-liga-europy","10":"tag-panathinaikos","11":"tag-pilka-nozna","12":"tag-pl","13":"tag-poland","14":"tag-polish","15":"tag-polska","16":"tag-polski","17":"tag-sport","18":"tag-sport-tvp-pl","19":"tag-sports","20":"tag-sturm-graz"},"share_on_mastodon":{"url":"https:\/\/pubeurope.com\/@pl\/115626132357430096","error":""},"_links":{"self":[{"href":"https:\/\/www.europesays.com\/pl\/wp-json\/wp\/v2\/posts\/122251","targetHints":{"allow":["GET"]}}],"collection":[{"href":"https:\/\/www.europesays.com\/pl\/wp-json\/wp\/v2\/posts"}],"about":[{"href":"https:\/\/www.europesays.com\/pl\/wp-json\/wp\/v2\/types\/post"}],"author":[{"embeddable":true,"href":"https:\/\/www.europesays.com\/pl\/wp-json\/wp\/v2\/users\/2"}],"replies":[{"embeddable":true,"href":"https:\/\/www.europesays.com\/pl\/wp-json\/wp\/v2\/comments?post=122251"}],"version-history":[{"count":0,"href":"https:\/\/www.europesays.com\/pl\/wp-json\/wp\/v2\/posts\/122251\/revisions"}],"wp:featuredmedia":[{"embeddable":true,"href":"https:\/\/www.europesays.com\/pl\/wp-json\/wp\/v2\/media\/122252"}],"wp:attachment":[{"href":"https:\/\/www.europesays.com\/pl\/wp-json\/wp\/v2\/media?parent=122251"}],"wp:term":[{"taxonomy":"category","embeddable":true,"href":"https:\/\/www.europesays.com\/pl\/wp-json\/wp\/v2\/categories?post=122251"},{"taxonomy":"post_tag","embeddable":true,"href":"https:\/\/www.europesays.com\/pl\/wp-json\/wp\/v2\/tags?post=122251"}],"curies":[{"name":"wp","href":"https:\/\/api.w.org\/{rel}","templated":true}]}}