{"id":122257,"date":"2025-11-28T07:28:13","date_gmt":"2025-11-28T07:28:13","guid":{"rendered":"https:\/\/www.europesays.com\/pl\/122257\/"},"modified":"2025-11-28T07:28:13","modified_gmt":"2025-11-28T07:28:13","slug":"donald-trump-grzmi-zapowiada-ostre-dzialania-po-strzelaninie-w-waszyngtonie","status":"publish","type":"post","link":"https:\/\/www.europesays.com\/pl\/122257\/","title":{"rendered":"Donald Trump grzmi. Zapowiada ostre dzia\u0142ania po strzelaninie w Waszyngtonie"},"content":{"rendered":"<p class=\"ods-c-paragraph \">Donald Trump poinformowa\u0142 w czwartek, \u017ce w szpitalu zmar\u0142a 20-letnia Sarah Beckstrom \u2014 <a href=\"https:\/\/wiadomosci.onet.pl\/swiat\/nie-zyje-zolnierka-postrzelona-kolo-bialego-domu-donald-trump-zabral-glos\/20plkh1\" id=\"f58474d4-3780-45dc-88ab-2c7962d5e72f\" rel=\"nofollow noopener\" target=\"_blank\">postrzelona dzie\u0144 wcze\u015bniej w Waszyngtonie \u017co\u0142nierka Gwardii Narodowej.<\/a> Ci\u0119\u017cko ranny w ataku przeprowadzonym przez 29-letniego obywatela Afganistanu zosta\u0142 te\u017c 24-letni Andrew Wolfe.<\/p>\n<p>Dalszy ci\u0105g artyku\u0142u pod materia\u0142em wideo<\/p>\n<p> Jakie dzia\u0142ania zapowiedzia\u0142 Donald Trump po ataku w Waszyngtonie? <\/p>\n<p> Kto zgin\u0105\u0142 w wyniku strzelaniny w Waszyngtonie? <\/p>\n<p> Co Donald Trump planuje w kwestii imigracji? <\/p>\n<p> Kim jest domniemany sprawca ataku w Waszyngtonie? <\/p>\n<p class=\"ods-c-paragraph \">&#8222;Nawet pomimo post\u0119pu technologicznego polityka imigracyjna zniweczy\u0142a te zdobycze i warunki \u017cycia wielu os\u00f3b. Na sta\u0142e wstrzymam migracj\u0119 ze wszystkich kraj\u00f3w trzeciego \u015bwiata, aby umo\u017cliwi\u0107 systemowi ameryka\u0144skiemu pe\u0142n\u0105 odbudow\u0119, zako\u0144cz\u0119 wszystkie miliony nielegalnych przyj\u0119\u0107 [migrant\u00f3w] Bidena i usun\u0119 ka\u017cdego, kto nie jest warto\u015bci\u0105 dodan\u0105 dla Stan\u00f3w Zjednoczonych lub nie jest zdolny do kochania naszego kraju&#8221; \u2014 o\u015bwiadczy\u0142 w nocy z czwartku na pi\u0105tek prezydent USA na swojej platformie Truth Social.<\/p>\n<p class=\"ods-c-paragraph \">Trump podkre\u015bli\u0142, \u017ce zako\u0144czy wszystkie federalne \u015bwiadczenia i subsydia dla os\u00f3b nieb\u0119d\u0105cych obywatelami Stan\u00f3w Zjednoczonych. &#8222;Pozbawi\u0119 obywatelstwa migrant\u00f3w, kt\u00f3rzy podwa\u017caj\u0105 spok\u00f3j wewn\u0119trzny oraz deportuj\u0119 ka\u017cdego cudzoziemca, kt\u00f3ry stanowi obci\u0105\u017cenie publiczne, zagro\u017cenie dla bezpiecze\u0144stwa lub jest niezgodny z cywilizacj\u0105 zachodni\u0105&#8221; \u2014 doda\u0142 ameryka\u0144ski przyw\u00f3dca.<\/p>\n<p class=\"ods-c-paragraph \">Jak wskaza\u0142 Trump, &#8222;cele te b\u0119d\u0105 realizowane w celu znacznego zmniejszenia liczby nielegalnych i destrukcyjnych populacji&#8221;. W innym wpisie prezydent USA stwierdzi\u0142, \u017ce &#8222;to obci\u0105\u017cenie uchod\u017acami jest g\u0142\u00f3wn\u0105 przyczyn\u0105 dysfunkcji spo\u0142ecznych w Ameryce&#8221;, przekonuj\u0105c, \u017ce &#8222;setki tysi\u0119cy uchod\u017ac\u00f3w z Somalii ca\u0142kowicie opanowa\u0142y niegdy\u015b wspania\u0142y stan Minnesota&#8221;.<\/p>\n<p>   Strza\u0142y w okolicach Bia\u0142ego Domu<\/p>\n<p class=\"ods-c-paragraph \">20-letnia Sarah Beckstrom i 24-letni Andrew Wolfe zostali postrzeleni w \u015brod\u0119 nieopodal Bia\u0142ego Domu w Waszyngtonie. Gwardzi\u015bci zostali wys\u0142ani do stolicy z Wirginii Zachodniej w ramach walki Trumpa z przest\u0119pczo\u015bci\u0105. Oko\u0142o 2,2 tys. gwardzist\u00f3w z r\u00f3\u017cnych stan\u00f3w zosta\u0142o wys\u0142anych przez Trumpa do Waszyngtonu. W \u015brod\u0119 przyw\u00f3dca zapowiedzia\u0142 skierowanie do miasta kolejnych 500 \u017co\u0142nierzy.<\/p>\n<p class=\"ods-c-paragraph \">Wed\u0142ug s\u0142u\u017cb o zaatakowanie \u017co\u0142nierzy podejrzany jest 29-letni Afga\u0144czyk Rahmanullah Lakanwal, kt\u00f3ry przyby\u0142 do USA w 2021 r. w ramach programu Allies Welcome dla wsp\u00f3\u0142pracownik\u00f3w ameryka\u0144skiej armii w Afganistanie. CNN, z powo\u0142aniem na \u017ar\u00f3d\u0142a, poda\u0142a, \u017ce domniemany sprawca z\u0142o\u017cy\u0142 wniosek o azyl w 2024 r. i otrzyma\u0142 go na pocz\u0105tku bie\u017c\u0105cego roku.<\/p>\n","protected":false},"excerpt":{"rendered":"Donald Trump poinformowa\u0142 w czwartek, \u017ce w szpitalu zmar\u0142a 20-letnia Sarah Beckstrom \u2014 postrzelona dzie\u0144 wcze\u015bniej w Waszyngtonie&hellip;\n","protected":false},"author":2,"featured_media":122258,"comment_status":"","ping_status":"","sticky":false,"template":"","format":"standard","meta":{"footnotes":""},"categories":[14],"tags":[32,33,44,27,34,35,2223,28,31,48,25,46,40,41,47,1277,80,29,30,71,26,82,83,84],"class_list":{"0":"post-122257","1":"post","2":"type-post","3":"status-publish","4":"format-standard","5":"has-post-thumbnail","7":"category-swiat","8":"tag-breaking-news","9":"tag-breakingnews","10":"tag-donald_trump","11":"tag-headlines","12":"tag-latest-news","13":"tag-latestnews","14":"tag-migranci","15":"tag-naglowki","16":"tag-najwazniejsze-artykuly","17":"tag-nat_styl","18":"tag-news","19":"tag-omp","20":"tag-polish","21":"tag-polski","22":"tag-screening_general","23":"tag-strzelanina","24":"tag-swiat","25":"tag-top-stories","26":"tag-topstories","27":"tag-usa","28":"tag-wiadomosci","29":"tag-world","30":"tag-world-news","31":"tag-worldnews"},"share_on_mastodon":{"url":"https:\/\/pubeurope.com\/@pl\/115626148086718068","error":""},"_links":{"self":[{"href":"https:\/\/www.europesays.com\/pl\/wp-json\/wp\/v2\/posts\/122257","targetHints":{"allow":["GET"]}}],"collection":[{"href":"https:\/\/www.europesays.com\/pl\/wp-json\/wp\/v2\/posts"}],"about":[{"href":"https:\/\/www.europesays.com\/pl\/wp-json\/wp\/v2\/types\/post"}],"author":[{"embeddable":true,"href":"https:\/\/www.europesays.com\/pl\/wp-json\/wp\/v2\/users\/2"}],"replies":[{"embeddable":true,"href":"https:\/\/www.europesays.com\/pl\/wp-json\/wp\/v2\/comments?post=122257"}],"version-history":[{"count":0,"href":"https:\/\/www.europesays.com\/pl\/wp-json\/wp\/v2\/posts\/122257\/revisions"}],"wp:featuredmedia":[{"embeddable":true,"href":"https:\/\/www.europesays.com\/pl\/wp-json\/wp\/v2\/media\/122258"}],"wp:attachment":[{"href":"https:\/\/www.europesays.com\/pl\/wp-json\/wp\/v2\/media?parent=122257"}],"wp:term":[{"taxonomy":"category","embeddable":true,"href":"https:\/\/www.europesays.com\/pl\/wp-json\/wp\/v2\/categories?post=122257"},{"taxonomy":"post_tag","embeddable":true,"href":"https:\/\/www.europesays.com\/pl\/wp-json\/wp\/v2\/tags?post=122257"}],"curies":[{"name":"wp","href":"https:\/\/api.w.org\/{rel}","templated":true}]}}