{"id":122267,"date":"2025-11-28T07:33:08","date_gmt":"2025-11-28T07:33:08","guid":{"rendered":"https:\/\/www.europesays.com\/pl\/122267\/"},"modified":"2025-11-28T07:33:08","modified_gmt":"2025-11-28T07:33:08","slug":"iphone-16-w-x-kom-to-cena-marzenie-spiesz-sie-bo-czas-goni","status":"publish","type":"post","link":"https:\/\/www.europesays.com\/pl\/122267\/","title":{"rendered":"iPhone 16 w x-kom to cena marzenie. \u015apiesz si\u0119, bo czas goni"},"content":{"rendered":"<p>Wszystko dzi\u0119ki promocji z okazji black friday w x-kom. W jej ramach mo\u017cecie kupi\u0107 iPhone 16 w kolorze niebieskim, kt\u00f3ry wygl\u0105da na tyle fenomenalnie, \u017ce sam taki wybra\u0142em. Smartfon ten wyst\u0119puje w wariancie 128 GB i zosta\u0142 wyceniony na <a href=\"https:\/\/www.telepolis.pl\/go\/f6d2a6\" rel=\"nofollow noopener\" target=\"_blank\">jedyne 2888 z\u0142<\/a>. Promocja jest jednak mocno ograniczona pod wzgl\u0119dem dost\u0119pnych egzemplarzy. I chocia\u017c x-kom nie podaje licznika, to warto mie\u0107 na uwadze, \u017ce urz\u0105dzenia te mog\u0105 szybko znikn\u0105\u0107 ze sklepu.\u00a0<\/p>\n<p>Sam smartfon dzi\u0119ki ekranowi 6,1-cala \u015bwietnie nadaje si\u0119 dla os\u00f3b, kt\u00f3re maj\u0105 do\u015b\u0107 gigantycznych patelni w roli smartfon\u00f3w. Nie jest to tak\u017ce s\u0142aby panel. Mamy tu do czynienia z matryc\u0105 OLED o rozdzielczo\u015bci 1179 \u00d7 2556 pikseli. 8 GB RAM natomiast przek\u0142ada si\u0119 na d\u0142ugie wsparcie, poniewa\u017c jest to nowy standard u Apple.\u00a0<\/p>\n<p>Na pochwa\u0142\u0119 zas\u0142uguje tak\u017ce aparat, kt\u00f3ry robi naprawd\u0119 przyzwoite i powtarzalne zdj\u0119cia, a fotografie nocne robione z r\u0119ki potrafi\u0105 wr\u0119cz zachwyci\u0107. Co do baterii to w moim wypadku wytrzymuje od jednego do dw\u00f3ch dni, co na tak ma\u0142e urz\u0105dzenie jest wynikiem bardzo dobrym. Opisa\u0142bym go dok\u0142adniej, jednak czas goni, a egzemplarze znikaj\u0105.\u00a0<\/p>\n","protected":false},"excerpt":{"rendered":"Wszystko dzi\u0119ki promocji z okazji black friday w x-kom. W jej ramach mo\u017cecie kupi\u0107 iPhone 16 w kolorze&hellip;\n","protected":false},"author":2,"featured_media":122268,"comment_status":"","ping_status":"","sticky":false,"template":"","format":"standard","meta":{"footnotes":"","_share_on_mastodon":"0"},"categories":[20],"tags":[489,6203,26157,120,118,119,42,38,40,39,41,116,114,115,6205,629,121,117],"class_list":["post-122267","post","type-post","status-publish","format-standard","has-post-thumbnail","category-nauka-i-technika","tag-apple","tag-iphone","tag-iphone-16","tag-nauka","tag-nauka-i-technika","tag-naukatechnika","tag-pl","tag-poland","tag-polish","tag-polska","tag-polski","tag-science","tag-science-and-technology","tag-sciencetechnology","tag-smartfony","tag-sprzet","tag-technika","tag-technology"],"share_on_mastodon":{"url":"https:\/\/pubeurope.com\/@pl\/115626167672771140","error":""},"_links":{"self":[{"href":"https:\/\/www.europesays.com\/pl\/wp-json\/wp\/v2\/posts\/122267","targetHints":{"allow":["GET"]}}],"collection":[{"href":"https:\/\/www.europesays.com\/pl\/wp-json\/wp\/v2\/posts"}],"about":[{"href":"https:\/\/www.europesays.com\/pl\/wp-json\/wp\/v2\/types\/post"}],"author":[{"embeddable":true,"href":"https:\/\/www.europesays.com\/pl\/wp-json\/wp\/v2\/users\/2"}],"replies":[{"embeddable":true,"href":"https:\/\/www.europesays.com\/pl\/wp-json\/wp\/v2\/comments?post=122267"}],"version-history":[{"count":0,"href":"https:\/\/www.europesays.com\/pl\/wp-json\/wp\/v2\/posts\/122267\/revisions"}],"wp:featuredmedia":[{"embeddable":true,"href":"https:\/\/www.europesays.com\/pl\/wp-json\/wp\/v2\/media\/122268"}],"wp:attachment":[{"href":"https:\/\/www.europesays.com\/pl\/wp-json\/wp\/v2\/media?parent=122267"}],"wp:term":[{"taxonomy":"category","embeddable":true,"href":"https:\/\/www.europesays.com\/pl\/wp-json\/wp\/v2\/categories?post=122267"},{"taxonomy":"post_tag","embeddable":true,"href":"https:\/\/www.europesays.com\/pl\/wp-json\/wp\/v2\/tags?post=122267"}],"curies":[{"name":"wp","href":"https:\/\/api.w.org\/{rel}","templated":true}]}}