{"id":122395,"date":"2025-11-28T08:49:14","date_gmt":"2025-11-28T08:49:14","guid":{"rendered":"https:\/\/www.europesays.com\/pl\/122395\/"},"modified":"2025-11-28T08:49:14","modified_gmt":"2025-11-28T08:49:14","slug":"krystyna-mazurowna-oddala-caly-majatek-dzieciom-to-nie-sa-moje-mieszkania-2","status":"publish","type":"post","link":"https:\/\/www.europesays.com\/pl\/122395\/","title":{"rendered":"Krystyna Mazur\u00f3wna odda\u0142a ca\u0142y maj\u0105tek dzieciom. &#8222;To nie s\u0105 moje mieszkania&#8221;"},"content":{"rendered":"<p class=\"Paragraph_desktopParagraph__U31Gm\"><a href=\"https:\/\/plejada.pl\/krystyna-mazurowna\" id=\"510854cf-c0da-40c7-a735-1ca142b46113\" rel=\"nofollow noopener\" target=\"_blank\">Krystyna Mazur\u00f3wna<\/a> od dekad fascynuje publiczno\u015b\u0107 swoim temperamentem i artystyczn\u0105 odwag\u0105. Mimo \u017ce 86-latka na sta\u0142e mieszka w Pary\u017cu, wci\u0105\u017c pozostaje obecna w polskiej kulturze, cho\u0107, jak si\u0119 okazuje, s\u0142ono j\u0105 to kosztuje. W podca\u015bcie &#8222;Brzask&#8221; artystka ods\u0142oni\u0142a kulisy swojego maj\u0105tku, \u017cyciowych decyzji i reali\u00f3w pracy nad Wis\u0142\u0105.<\/p>\n<ul class=\"OchatFollowUps_wrapper__1ry7X\">\n<li class=\"OchatFollowUps_item__Dhyly OchatFollowUps_itemDesktop__R6aBv\">Dlaczego Krystyna Mazur\u00f3wna podarowa\u0142a dzieciom mieszkania?<\/li>\n<li class=\"OchatFollowUps_item__Dhyly OchatFollowUps_itemDesktop__R6aBv\">Ile mieszka\u0144 Krystyna Mazur\u00f3wna podarowa\u0142a dzieciom?<\/li>\n<li class=\"OchatFollowUps_item__Dhyly OchatFollowUps_itemDesktop__R6aBv\">Gdzie mieszka Krystyna Mazur\u00f3wna?<\/li>\n<li class=\"OchatFollowUps_item__Dhyly OchatFollowUps_itemDesktop__R6aBv\">Jak Krystyna Mazur\u00f3wna radzi sobie finansowo w Polsce?<\/li>\n<\/ul>\n<p>Krystyna Mazur\u00f3wna podarowa\u0142a dzieciom 20 mieszka\u0144. &#8222;\u017beby po mojej \u015bmierci nie musia\u0142y p\u0142aci\u0107 podatku&#8221; <\/p>\n<p class=\"Paragraph_desktopParagraph__U31Gm\">Najwi\u0119ksze poruszenie wywo\u0142a\u0142o jej wyznanie o paryskim dorobku. Krystyna Mazur\u00f3wna zgromadzi\u0142a tam imponuj\u0105c\u0105 liczb\u0119 nieruchomo\u015bci \u2013 a\u017c 20 mieszka\u0144, kt\u00f3re mog\u0142yby zapewni\u0107 jej kr\u00f3lewskie \u017cycie. Problem w tym, \u017ce formalnie nie nale\u017cy do niej nawet jedno. Jak ujawni\u0142a: <\/p>\n<blockquote>\n<p class=\"Paragraph_desktopParagraph__U31Gm\">Ja je wprawdzie kupowa\u0142am, ale to nie s\u0105 moje mieszkania. Podarowa\u0142am je dzieciom, \u017ceby po mojej \u015bmierci nie musia\u0142y p\u0142aci\u0107 podatku<\/p>\n<\/blockquote>\n<p class=\"Paragraph_desktopParagraph__U31Gm\">Artystka przyzna\u0142a, \u017ce taki gest wynika\u0142 z troski o bliskich oraz z francuskich przepis\u00f3w, kt\u00f3re zainspirowa\u0142y j\u0105 do uporz\u0105dkowania spraw maj\u0105tkowych za \u017cycia.<\/p>\n<p><img decoding=\"async\" class=\"Image_image__0tuHp Image_autoHeight__f2n87 \" height=\"587\" width=\"806\" src=\"https:\/\/www.europesays.com\/pl\/wp-content\/uploads\/2025\/11\/yCak9kpTURBXy9lNWExMjZiYzRkNmE1ODU0ZmNhNDQwMzZjN2QzNjNlZS5qcGeSlQLNA6wAwsOVAgDNAkvCw94AA6EwAaExAaEzw.jpeg\" alt=\"Krystyna Mazur\u00f3wna\" loading=\"lazy\" \/>FOTON\/PAP \/ PAP<\/p>\n<p>Krystyna Mazur\u00f3wna<\/p>\n<p class=\"Paragraph_desktopParagraph__U31Gm\">Cho\u0107 legenda polskiej estrady pobiera francusk\u0105 emerytur\u0119 i finansowo radzi sobie bez zarzutu, jej powroty do Polski wygl\u0105daj\u0105 zgo\u0142a inaczej, ni\u017c mog\u0142oby si\u0119 wydawa\u0107. Krystyna Mazur\u00f3wna w rozmowie wyzna\u0142a, \u017ce praktycznie nie odmawia \u017cadnej pracy w Polsce, ale zaraz dodaje, \u017ce cz\u0119sto to ona pokrywa wi\u0119kszo\u015b\u0107 koszt\u00f3w. <\/p>\n<blockquote>\n<p class=\"Paragraph_desktopParagraph__U31Gm\">Gdy mnie zapraszaj\u0105 do Polski, finanse id\u0105 z mojej strony, bo trzeba samemu zap\u0142aci\u0107. Polska jest ci\u0105gle takim n\u0119dznym krajem. Telewizja, instytucje, jakie\u015b filmy<\/p>\n<\/blockquote>\n<p class=\"Paragraph_desktopParagraph__U31Gm\">\u2013 m\u00f3wi\u0142a bez ogr\u00f3dek w podca\u015bcie Wiktora S\u0142ojkowskiego &#8222;Brzask&#8221;.<\/p>\n<p class=\"Paragraph_desktopParagraph__U31Gm\">Artystka zdradzi\u0142a r\u00f3wnie\u017c, jak wygl\u0105daj\u0105 rozmowy z produkcjami i organizatorami wydarze\u0144.<\/p>\n<blockquote>\n<p class=\"Paragraph_desktopParagraph__U31Gm\">Dzwoni\u0105 i s\u0142ysz\u0119: &#8222;Pani Krysiu, ale niestety podr\u00f3\u017c\u2026 Nie mo\u017cemy zap\u0142aci\u0107, bo nie mamy bud\u017cetu&#8221;. Sama kupi\u0119 wi\u0119c ten bilet ulgowy, bo dla starc\u00f3w s\u0105 samolotowe ulgi i lec\u0119<\/p>\n<\/blockquote>\n<p class=\"Paragraph_desktopParagraph__U31Gm\">\u2013 opowiada\u0142a z charakterystycznym, gorzkim humorem. <\/p>\n<p><img decoding=\"async\" class=\"Image_image__0tuHp Image_autoHeight__f2n87 \" height=\"587\" width=\"391\" src=\"https:\/\/www.europesays.com\/pl\/wp-content\/uploads\/2025\/11\/2bHk9kpTURBXy83MDAwOTVhM2U2NTY4NmJhM2E1NjE0NTAwOWVkYjliMS5qcGeTlQMAAM0OnM0V6pUCzQOsAMLDlQIAzQJLwsPeA.jpeg\" alt=\"Krystyna Mazur\u00f3wna\" loading=\"lazy\" \/>Pawe\u0142 Wrzecion \/ MW Media<\/p>\n<p>Krystyna Mazur\u00f3wna<\/p>\n<p class=\"Paragraph_desktopParagraph__U31Gm\">Dzi\u0119kujemy, \u017ce przeczyta\u0142a\u015b\/e\u015b nasz artyku\u0142 do ko\u0144ca. W serwisie Plejada.pl ka\u017cdego dnia piszemy o najwa\u017cniejszych wydarzeniach show-biznesowych. B\u0105d\u017a na bie\u017c\u0105co! <a rel=\"nofollow noopener\" href=\"https:\/\/profile.google.com\/cp\/Cg0vZy8xMWJ6X19wdHBx\" id=\"5b1eb779-2f45-4a06-a9ed-14a13f7635dc\" target=\"_blank\">Obserwuj<\/a> Plejad\u0119 w Google. Odwied\u017a nas tak\u017ce na <a rel=\"nofollow noopener\" href=\"https:\/\/www.facebook.com\/plejadapl\" id=\"f351a4f9-0387-4bdc-88f1-c9fb4de98a31\" target=\"_blank\">Facebooku<\/a>, <a rel=\"nofollow noopener\" href=\"https:\/\/www.instagram.com\/plejadapl\/\" id=\"16d94dec-7cf7-4139-9026-05ffbc6daa0b\" target=\"_blank\">Instagramie<\/a>, <a rel=\"nofollow noopener\" href=\"https:\/\/www.youtube.com\/c\/plejada\" id=\"9aba7e28-03ea-44f2-a3ba-4f7f8f949334\" target=\"_blank\">YouTubie<\/a> oraz <a rel=\"nofollow noopener\" href=\"https:\/\/www.tiktok.com\/@plejada_pl\" id=\"c81af8f2-a1b3-48b3-a676-9068b63acdda\" target=\"_blank\">TikToku<\/a>.<\/p>\n<p class=\"Paragraph_desktopParagraph__U31Gm\">Chcesz podzieli\u0107 si\u0119 ciekawym newsem lub zaproponowa\u0107 temat? Skontaktuj si\u0119 z nami, pisz\u0105c maila na adres: <a href=\"https:\/\/www.onet.pl\/styl-zycia\/plejada\/krystyna-mazurowna-oddala-caly-majatek-dzieciom-to-nie-sa-moje-mieszkania\/mailto:plejada@redakcjaonet.pl\" id=\"c71dbe18-54e7-4f52-b236-108a9515ae7d\" rel=\"nofollow noopener\" target=\"_blank\">plejada@redakcjaon<\/a><a rel=\"nofollow noopener\" href=\"http:\/\/et.pl\" id=\"3e662618-427a-4180-a585-0098959f5537\" target=\"_blank\">et.pl<\/a>.<\/p>\n<p><script async src=\"\/\/www.instagram.com\/embed.js\"><\/script><script async src=\"\/\/www.tiktok.com\/embed.js\"><\/script><\/p>\n","protected":false},"excerpt":{"rendered":"Krystyna Mazur\u00f3wna od dekad fascynuje publiczno\u015b\u0107 swoim temperamentem i artystyczn\u0105 odwag\u0105. Mimo \u017ce 86-latka na sta\u0142e mieszka w&hellip;\n","protected":false},"author":2,"featured_media":122396,"comment_status":"","ping_status":"","sticky":false,"template":"","format":"standard","meta":{"footnotes":""},"categories":[22],"tags":[122,67,26046,261,53,52,68,51,55,42,38,40,39,41,123,47,65,50],"class_list":{"0":"post-122395","1":"post","2":"type-post","3":"status-publish","4":"format-standard","5":"has-post-thumbnail","7":"category-rozrywka","8":"tag-entertainment","9":"tag-intextvideo_splayer","10":"tag-krystyna_mazurowna","11":"tag-kultura","12":"tag-new_header","13":"tag-onet3","14":"tag-onet3d","15":"tag-onet3d_2i","16":"tag-phx","17":"tag-pl","18":"tag-poland","19":"tag-polish","20":"tag-polska","21":"tag-polski","22":"tag-rozrywka","23":"tag-screening_general","24":"tag-update_me","25":"tag-v2021"},"share_on_mastodon":{"url":"https:\/\/pubeurope.com\/@pl\/115626467176041370","error":""},"_links":{"self":[{"href":"https:\/\/www.europesays.com\/pl\/wp-json\/wp\/v2\/posts\/122395","targetHints":{"allow":["GET"]}}],"collection":[{"href":"https:\/\/www.europesays.com\/pl\/wp-json\/wp\/v2\/posts"}],"about":[{"href":"https:\/\/www.europesays.com\/pl\/wp-json\/wp\/v2\/types\/post"}],"author":[{"embeddable":true,"href":"https:\/\/www.europesays.com\/pl\/wp-json\/wp\/v2\/users\/2"}],"replies":[{"embeddable":true,"href":"https:\/\/www.europesays.com\/pl\/wp-json\/wp\/v2\/comments?post=122395"}],"version-history":[{"count":0,"href":"https:\/\/www.europesays.com\/pl\/wp-json\/wp\/v2\/posts\/122395\/revisions"}],"wp:featuredmedia":[{"embeddable":true,"href":"https:\/\/www.europesays.com\/pl\/wp-json\/wp\/v2\/media\/122396"}],"wp:attachment":[{"href":"https:\/\/www.europesays.com\/pl\/wp-json\/wp\/v2\/media?parent=122395"}],"wp:term":[{"taxonomy":"category","embeddable":true,"href":"https:\/\/www.europesays.com\/pl\/wp-json\/wp\/v2\/categories?post=122395"},{"taxonomy":"post_tag","embeddable":true,"href":"https:\/\/www.europesays.com\/pl\/wp-json\/wp\/v2\/tags?post=122395"}],"curies":[{"name":"wp","href":"https:\/\/api.w.org\/{rel}","templated":true}]}}