{"id":122440,"date":"2025-11-28T09:33:07","date_gmt":"2025-11-28T09:33:07","guid":{"rendered":"https:\/\/www.europesays.com\/pl\/122440\/"},"modified":"2025-11-28T09:33:07","modified_gmt":"2025-11-28T09:33:07","slug":"tusk-wybral-sie-na-dworzec-zachodni-robi-wrazenie-co","status":"publish","type":"post","link":"https:\/\/www.europesays.com\/pl\/122440\/","title":{"rendered":"Tusk wybra\u0142 si\u0119 na Dworzec Zachodni. &#8222;Robi wra\u017cenie, co?&#8221;"},"content":{"rendered":"<p class=\"typography ids-typeset-body ids-typeset-body--preset-large link paragraph ids-paragraph ids-paragraph--default\">&#8211; Warszawa. Dworzec Zachodni. Robimy, nie gadamy &#8211; powiedzia\u0142 premier w filmiku zamieszczonym na portalu X. Wpis to relacja z wizyty szefa rz\u0105du na jednym z trzech najwa\u017cniejszych dworc\u00f3w w Warszawie &#8211; obok Dworca Centralnego oraz Dworca Wschodniego. Zachodnia stacja to jednak obecnie najnowocze\u015bniejszy tego typu obiekt w stolicy Polski.<\/p>\n<p>Donald Tusk na Dworcu Zachodnim w Warszawie: Robi wra\u017cenie<\/p>\n<p class=\"typography ids-typeset-body ids-typeset-body--preset-large link paragraph ids-paragraph ids-paragraph--default\">W opublikowanym na platformie X nagraniu wideo <a href=\"https:\/\/biznes.interia.pl\/finanse\/news-zarobki-lekarzy-siegaja-100-tys-zl-prezes-nil-wiekszosc-moze,nId,22461455\" target=\"_blank\" rel=\"nofollow noopener\">Donald Tusk<\/a> spaceruje po nowej hali Dworca Zachodniego w Warszawie. Wida\u0107 na nim premiera zwiedzaj\u0105cego \u015bwie\u017co zmodernizowany obiekt, kt\u00f3rego\u00a0nowa infrastruktura wyra\u017anie zrobi\u0142a na nim du\u017ce wra\u017cenie.<\/p>\n<p class=\"typography ids-typeset-body ids-typeset-body--preset-large link paragraph ids-paragraph ids-paragraph--default\">&#8211;\u00a0Zobaczcie. Robi wra\u017cenie, co? &#8211; skomentowa\u0142 premier Tusk, zwracaj\u0105c uwag\u0119 na skal\u0119 i jako\u015b\u0107 przeprowadzonych prac.<\/p>\n<p>Remont Dworca Zachodniego ruszy\u0142 za czas\u00f3w rz\u0105d\u00f3w PiS<\/p>\n<p class=\"typography ids-typeset-body ids-typeset-body--preset-large link paragraph ids-paragraph ids-paragraph--default\">Umow\u0119 na projekt gruntownej przebudowy stacji podpisano w 2017 roku, a obejmowa\u0142a m.in. poszerzenie przej\u015bcia podziemnego z 8 do 60 metr\u00f3w i przed\u0142u\u017cenie go do peronu na linii obwodowej (peron 9), budow\u0119 nowego peronu, zlokalizowanie nowej hali z poczekalni\u0105, kasami i sklepami, ca\u0142kowite zadaszenie i wymian\u0119 nawierzchni peron\u00f3w oraz instalacj\u0119 tam schod\u00f3w ruchomych i wind.<\/p>\n<ul class=\"typography ids-typeset-body ids-typeset-body--preset-small list--article-list ids-list ids-list--unordered ids-list--size-small \" datatype=\"disc\">\n<li class=\"ids-list-item ids-list-item__content brief-list-item\"><a class=\"ids-undecorated-link link ids-link \" data-spons=\"false\" href=\"https:\/\/biznes.interia.pl\/praca\/news-rekordowe-zainteresowanie-praca-w-policji-ponad-100-tys-zatr,nId,22461456\" rel=\"nofollow noopener\" target=\"_blank\">Rekordowe zainteresowanie prac\u0105 w policji. Ponad 100 tys. zatrudnionych<\/a><\/li>\n<\/ul>\n<p class=\"typography ids-typeset-body ids-typeset-body--preset-large link paragraph ids-paragraph ids-paragraph--default\">W 2020 podpisano umow\u0119 na realizacj\u0119 prac budowlanych, kt\u00f3re ruszy\u0142y jeszcze tego samego roku. Ich zako\u0144czenie planowano w 2024 r. Z przebudowanych peron\u00f3w podr\u00f3\u017cni mog\u0105 korzysta\u0107 od zesz\u0142ego roku.<\/p>\n<p>Dworzec Zachodni. W pi\u0105tek otwarcie przej\u015bcia podziemnego<\/p>\n<p class=\"typography ids-typeset-body ids-typeset-body--preset-large link paragraph ids-paragraph ids-paragraph--default\">Dopiero w pi\u0105tek, 28 listopada o godzinie 12:00 kolejarze otworz\u0105 przej\u015bcie podziemne pod\u00a0<a href=\"https:\/\/biznes.interia.pl\/gospodarka\/news-panstwo-przejmie-carrefoura-w-polsce-w-grze-nie-tylko-750-sk,nId,22460845\" target=\"_blank\" rel=\"nofollow noopener\">Dworcem Zachodnim<\/a>.\u00a0Tego dnia budynek dworca zostanie pod\u015bwietlony, a na pasa\u017cer\u00f3w i mieszka\u0144c\u00f3w czeka\u0107 b\u0119d\u0105 atrakcje &#8211; m.in. przysmaki z r\u00f3\u017cnych region\u00f3w Polski, np. krakowskie obwarzanki. B\u0119dzie tak\u017ce muzyka na \u017cywo, fotobudki i inne atrakcje dla dzieci.<\/p>\n<p class=\"typography ids-typeset-body ids-typeset-body--preset-large link paragraph ids-paragraph ids-paragraph--default\">Pocz\u0105tkowo zak\u0142adano, \u017ce przej\u015bcie udost\u0119pnione zostanie pasa\u017cerom we wrze\u015bniu, jednak w mi\u0119dzyczasie dat\u0119 wielokrotnie przek\u0142adano. Cz\u0119\u015b\u0107 tramwajowa uzyska\u0142a ju\u017c pozwolenie na u\u017cytkowanie na pocz\u0105tku pa\u017adziernika.<\/p>\n<p class=\"typography ids-typeset-body ids-typeset-body--preset-large link paragraph ids-paragraph ids-paragraph--default\">Nowe przej\u015bcie podziemne jest znacznie d\u0142u\u017csze i szersze od tego, kt\u00f3re s\u0142u\u017cy\u0142o pasa\u017cerom przed rozpocz\u0119ciem przebudowy Dworca Zachodniego. Mo\u017cna nim doj\u015b\u0107 do wszystkich 9 peron\u00f3w &#8211; zar\u00f3wno od strony Woli jak i Ochoty. W przej\u015bciu znajduj\u0105 si\u0119 tak\u017ce kasy biletowe, poczekalnie oraz kilkadziesi\u0105t sklep\u00f3w i punkt\u00f3w us\u0142ugowych.<\/p>\n<p class=\"typography ids-typeset-body ids-typeset-body--preset-large link paragraph ids-paragraph ids-paragraph--default\">Warszawa Zachodnia to najwi\u0119ksza stacja kolejowa w Polsce obs\u0142uguj\u0105ca do 1 tys. poci\u0105g\u00f3w dziennie. Kolejarze szacuj\u0105, \u017ce z dworca oraz nowego przej\u015bcia podziemnego b\u0119dzie korzysta\u0107 ponad 100 tysi\u0119cy os\u00f3b ka\u017cdego dnia.<\/p>\n<ul class=\"typography ids-typeset-body ids-typeset-body--preset-small list--article-list ids-list ids-list--unordered ids-list--size-small \" datatype=\"disc\">\n<li class=\"ids-list-item ids-list-item__content brief-list-item\"><a class=\"ids-undecorated-link link ids-link \" data-spons=\"false\" href=\"https:\/\/biznes.interia.pl\/gospodarka\/news-w-pogoni-za-pendolino-dopiero-co-wszedl-do-polski-potraja-li,nId,22428502\" rel=\"nofollow noopener\" target=\"_blank\">W pogoni za Pendolino. Dopiero co wszed\u0142 do Polski, potraja liczb\u0119 po\u0142\u0105cze\u0144<\/a><\/li>\n<\/ul>\n<p>Prof. Ch\u0142o\u0144-Domi\u0144czak: Konieczne jest zr\u00f3wnanie wieku emerytalnegoInteria plINTERIA.PL<\/p>\n","protected":false},"excerpt":{"rendered":"&#8211; Warszawa. Dworzec Zachodni. Robimy, nie gadamy &#8211; powiedzia\u0142 premier w filmiku zamieszczonym na portalu X. Wpis to&hellip;\n","protected":false},"author":2,"featured_media":122441,"comment_status":"","ping_status":"","sticky":false,"template":"","format":"standard","meta":{"footnotes":""},"categories":[16],"tags":[113,112,42,38,40,39,41],"class_list":{"0":"post-122440","1":"post","2":"type-post","3":"status-publish","4":"format-standard","5":"has-post-thumbnail","7":"category-biznes","8":"tag-biznes","9":"tag-business","10":"tag-pl","11":"tag-poland","12":"tag-polish","13":"tag-polska","14":"tag-polski"},"share_on_mastodon":{"url":"https:\/\/pubeurope.com\/@pl\/115626639543766760","error":""},"_links":{"self":[{"href":"https:\/\/www.europesays.com\/pl\/wp-json\/wp\/v2\/posts\/122440","targetHints":{"allow":["GET"]}}],"collection":[{"href":"https:\/\/www.europesays.com\/pl\/wp-json\/wp\/v2\/posts"}],"about":[{"href":"https:\/\/www.europesays.com\/pl\/wp-json\/wp\/v2\/types\/post"}],"author":[{"embeddable":true,"href":"https:\/\/www.europesays.com\/pl\/wp-json\/wp\/v2\/users\/2"}],"replies":[{"embeddable":true,"href":"https:\/\/www.europesays.com\/pl\/wp-json\/wp\/v2\/comments?post=122440"}],"version-history":[{"count":0,"href":"https:\/\/www.europesays.com\/pl\/wp-json\/wp\/v2\/posts\/122440\/revisions"}],"wp:featuredmedia":[{"embeddable":true,"href":"https:\/\/www.europesays.com\/pl\/wp-json\/wp\/v2\/media\/122441"}],"wp:attachment":[{"href":"https:\/\/www.europesays.com\/pl\/wp-json\/wp\/v2\/media?parent=122440"}],"wp:term":[{"taxonomy":"category","embeddable":true,"href":"https:\/\/www.europesays.com\/pl\/wp-json\/wp\/v2\/categories?post=122440"},{"taxonomy":"post_tag","embeddable":true,"href":"https:\/\/www.europesays.com\/pl\/wp-json\/wp\/v2\/tags?post=122440"}],"curies":[{"name":"wp","href":"https:\/\/api.w.org\/{rel}","templated":true}]}}