{"id":122442,"date":"2025-11-28T09:35:08","date_gmt":"2025-11-28T09:35:08","guid":{"rendered":"https:\/\/www.europesays.com\/pl\/122442\/"},"modified":"2025-11-28T09:35:08","modified_gmt":"2025-11-28T09:35:08","slug":"ceeb-pod-lupa-straznicy-miejscy-moga-nalozyc-nawet-5-tys-zl-kary","status":"publish","type":"post","link":"https:\/\/www.europesays.com\/pl\/122442\/","title":{"rendered":"CEEB pod lup\u0105. Stra\u017cnicy miejscy mog\u0105 na\u0142o\u017cy\u0107 nawet 5 tys. z\u0142 kary"},"content":{"rendered":"<p class=\"ods-c-paragraph \">CEEB to rejestr informacji o \u017ar\u00f3d\u0142ach ciep\u0142a i paliwach spalanych w celu ogrzewania lokali mieszkalnych i niemieszkalnych. Obowi\u0105zek z\u0142o\u017cenia wpisu maj\u0105 w\u0142a\u015bciciele dom\u00f3w i lokali wolnostoj\u0105cych lub zarz\u0105dcy nieruchomo\u015bci (w przypadku kamienic, blok\u00f3w i apartamentowc\u00f3w).<\/p>\n<p>Stra\u017cnicy kontroluj\u0105 realizacj\u0119 CEEB<\/p>\n<p class=\"ods-c-paragraph \">Stra\u017cnicy na terenie gmin w ca\u0142ym kraju mog\u0105 przeprowadza\u0107 kontrol\u0119 w mieszkaniach pod k\u0105tem wype\u0142nienia obowi\u0105zku wpisania nieruchomo\u015bci do CEEB. Wniosek o wpis do rejestru mo\u017cna z\u0142o\u017cy\u0107 listownie, osobi\u015bcie w gminie lub przez internet.<\/p>\n<p>Dalszy ci\u0105g artyku\u0142u pod materia\u0142em wideo<\/p>\n<p> Jakie s\u0105 kary za brak wpisu w CEEB? <\/p>\n<p> Kto ma obowi\u0105zek z\u0142o\u017cy\u0107 wpis do CEEB? <\/p>\n<p> Jakie informacje s\u0105 potrzebne do wype\u0142nienia wniosku CEEB? <\/p>\n<p> Gdzie mo\u017cna z\u0142o\u017cy\u0107 wniosek o wpis do CEEB? <\/p>\n<p class=\"ods-c-paragraph \">Do wype\u0142nienia <a href=\"https:\/\/www.gov.pl\/web\/gov\/zloz-deklaracje-do-centralnej-ewidencji-emisyjnosci-budynkow-ceeb\" id=\"e8e4bd82-6d07-48a1-a8b7-080df103d62d\" rel=\"nofollow noopener\" target=\"_blank\">wniosku CEEB potrzebne s\u0105 nast\u0119puj\u0105ce dane:<\/a><\/p>\n<ul class=\"ods-m-bullet-list\">\n<li class=\"ods-a-bullet ods-a-bullet--normal\"> dane budynku: <\/li>\n<li class=\"ods-a-bullet ods-a-bullet--normal\"> adres, <\/li>\n<li class=\"ods-a-bullet ods-a-bullet--normal\"> rodzaj (jednorodzinny, wielorodzinny czy zbiorowego zamieszkania), <\/li>\n<li class=\"ods-a-bullet ods-a-bullet--normal\"> liczba lokali \u2014\u00a0dotyczy budynk\u00f3w wielorodzinnych i zbiorowego zamieszkania, <\/li>\n<li class=\"ods-a-bullet ods-a-bullet--normal\"> informacja\u00a0o\u00a0\u017ar\u00f3d\u0142ach\u00a0ciep\u0142a: <\/li>\n<li class=\"ods-a-bullet ods-a-bullet--normal\"> rodzaj,\u00a0 <\/li>\n<li class=\"ods-a-bullet ods-a-bullet--normal\"> liczba, <\/li>\n<li class=\"ods-a-bullet ods-a-bullet--normal\"> je\u015bli w budynku jest kocio\u0142 lub kot\u0142y na paliwo sta\u0142e: <\/li>\n<li class=\"ods-a-bullet ods-a-bullet--normal\"> klasa\u00a0kot\u0142a, <\/li>\n<li class=\"ods-a-bullet ods-a-bullet--normal\"> liczba\u00a0kot\u0142\u00f3w, <\/li>\n<li class=\"ods-a-bullet ods-a-bullet--normal\"> rodzaj u\u017cywanego paliwa <\/li>\n<li class=\"ods-a-bullet ods-a-bullet--normal\"> imi\u0119 i nazwisko albo\u00a0nazwa w\u0142a\u015bciciela, zarz\u0105dcy budynku lub lokalu, <\/li>\n<li class=\"ods-a-bullet ods-a-bullet--normal\"> adres zamieszkania lub siedziby,\u00a0\u00a0\u00a0\u00a0\u00a0\u00a0 <\/li>\n<li class=\"ods-a-bullet ods-a-bullet--normal\"> adres budynku lub lokalu, gdzie jest zainstalowane \u017ar\u00f3d\u0142o ciep\u0142a lub \u017ar\u00f3d\u0142o spalania paliw, <\/li>\n<li class=\"ods-a-bullet ods-a-bullet--normal\"> numer telefonu w\u0142a\u015bciciela lub zarz\u0105dcy (opcjonalnie), <\/li>\n<li class=\"ods-a-bullet ods-a-bullet--normal\"> adres e-mail w\u0142a\u015bciciela lub zarz\u0105dcy (opcjonalnie). <\/li>\n<\/ul>\n<p>    CEEB i kary za brak wpisu   <\/p>\n<p class=\"ods-c-paragraph \">Za brak wpisu w CEEB kara mo\u017ce wynie\u015b\u0107 nawet 5 tys. z\u0142. &#8222;W 2024 r. lubelska Stra\u017c Miejska przeprowadzi\u0142a 1961 kontroli, stwierdzono 639 wykrocze\u0144, udzielono 572 poucze\u0144, wystawiono 67 mandat\u00f3w karnych na kwot\u0119 14,1 tys. z\u0142&#8221; \u2014 czytamy na portalu Jawny Lublin.<\/p>\n","protected":false},"excerpt":{"rendered":"CEEB to rejestr informacji o \u017ar\u00f3d\u0142ach ciep\u0142a i paliwach spalanych w celu ogrzewania lokali mieszkalnych i niemieszkalnych. Obowi\u0105zek&hellip;\n","protected":false},"author":2,"featured_media":122443,"comment_status":"","ping_status":"","sticky":false,"template":"","format":"standard","meta":{"footnotes":""},"categories":[12],"tags":[32,33,36,37,27,49,34,35,28,31,48,25,9315,46,42,38,40,39,41,47,2267,29,30,26,3648],"class_list":{"0":"post-122442","1":"post","2":"type-post","3":"status-publish","4":"format-standard","5":"has-post-thumbnail","7":"category-polska","8":"tag-breaking-news","9":"tag-breakingnews","10":"tag-featured-news","11":"tag-featurednews","12":"tag-headlines","13":"tag-kraj","14":"tag-latest-news","15":"tag-latestnews","16":"tag-naglowki","17":"tag-najwazniejsze-artykuly","18":"tag-nat_styl","19":"tag-news","20":"tag-ogrzewanie","21":"tag-omp","22":"tag-pl","23":"tag-poland","24":"tag-polish","25":"tag-polska","26":"tag-polski","27":"tag-screening_general","28":"tag-straz_miejska","29":"tag-top-stories","30":"tag-topstories","31":"tag-wiadomosci","32":"tag-wszystkie_miasta_bloczek_regionalny_wiadomosci"},"share_on_mastodon":{"url":"https:\/\/pubeurope.com\/@pl\/115626647708277634","error":""},"_links":{"self":[{"href":"https:\/\/www.europesays.com\/pl\/wp-json\/wp\/v2\/posts\/122442","targetHints":{"allow":["GET"]}}],"collection":[{"href":"https:\/\/www.europesays.com\/pl\/wp-json\/wp\/v2\/posts"}],"about":[{"href":"https:\/\/www.europesays.com\/pl\/wp-json\/wp\/v2\/types\/post"}],"author":[{"embeddable":true,"href":"https:\/\/www.europesays.com\/pl\/wp-json\/wp\/v2\/users\/2"}],"replies":[{"embeddable":true,"href":"https:\/\/www.europesays.com\/pl\/wp-json\/wp\/v2\/comments?post=122442"}],"version-history":[{"count":0,"href":"https:\/\/www.europesays.com\/pl\/wp-json\/wp\/v2\/posts\/122442\/revisions"}],"wp:featuredmedia":[{"embeddable":true,"href":"https:\/\/www.europesays.com\/pl\/wp-json\/wp\/v2\/media\/122443"}],"wp:attachment":[{"href":"https:\/\/www.europesays.com\/pl\/wp-json\/wp\/v2\/media?parent=122442"}],"wp:term":[{"taxonomy":"category","embeddable":true,"href":"https:\/\/www.europesays.com\/pl\/wp-json\/wp\/v2\/categories?post=122442"},{"taxonomy":"post_tag","embeddable":true,"href":"https:\/\/www.europesays.com\/pl\/wp-json\/wp\/v2\/tags?post=122442"}],"curies":[{"name":"wp","href":"https:\/\/api.w.org\/{rel}","templated":true}]}}