{"id":122496,"date":"2025-11-28T10:11:10","date_gmt":"2025-11-28T10:11:10","guid":{"rendered":"https:\/\/www.europesays.com\/pl\/122496\/"},"modified":"2025-11-28T10:11:10","modified_gmt":"2025-11-28T10:11:10","slug":"zaskakujace-porownanie-palac-prezydencki-psy-i-lanie-gazeta-po-nosie","status":"publish","type":"post","link":"https:\/\/www.europesays.com\/pl\/122496\/","title":{"rendered":"Zaskakuj\u0105ce por\u00f3wnanie. Pa\u0142ac Prezydencki, psy i &#8222;lanie gazet\u0105 po nosie&#8221;"},"content":{"rendered":"<p class=\"ods-c-paragraph \">Marek Siwiec po ust\u0105pieniu z funkcji marsza\u0142ka Sejmu Szymona Ho\u0142owni zosta\u0142 nowym szefem Kancelarii Sejmu. W TOK FM by\u0142 pytany o kszta\u0142t relacji z Pa\u0142acem Prezydenckim. Przypomnijmy, \u017ce W\u0142odzimierz Czarzasty w swoim or\u0119dziu u\u017cy\u0142 sformu\u0142owania o &#8222;marsza\u0142kowskim wecie&#8221; wobec &#8222;szkodliwych projekt\u00f3w legislacyjnych s\u0142u\u017c\u0105cych populizmowi i rozregulowaniu zasad funkcjonowania pa\u0144stwa&#8221;. <a href=\"https:\/\/www.onet.pl\/informacje\/onetwiadomosci\/marszalek-czarzasty-zwrocil-sie-do-polakow-to-beda-dobre-dwa-lata\/m8wrmc8,79cfc278\" id=\"7dce3977-2ec4-4c3d-87cf-44c9d9e81aae\" rel=\"nofollow noopener\" target=\"_blank\">S\u0142owa te, cho\u0107 nie powiedzia\u0142 tego wprost, marsza\u0142ek Sejmu kierowa\u0142 w stron\u0119 Karola Nawrockiego.<\/a><\/p>\n<p>Dalszy ci\u0105g artyku\u0142u pod materia\u0142em wideo<\/p>\n<p> Jakie por\u00f3wnanie u\u017cy\u0142 Marek Siwiec w swoich wypowiedziach? <\/p>\n<p> Kim jest Marek Siwiec? <\/p>\n<p> Co m\u00f3wi\u0142 Siwiec o relacjach z Pa\u0142acem Prezydenckim? <\/p>\n<p> Jakie zdanie na temat tresowania ps\u00f3w przedstawi\u0142 Siwiec? <\/p>\n<p>  Zaskakuj\u0105ce por\u00f3wnanie z Kancelarii Sejmu. Pa\u0142ac Prezydencki, psy i &#8222;lanie gazet\u0105 po nosie&#8221;<\/p>\n<p class=\"ods-c-paragraph \">\u2014 Je\u015bli kto\u015b liczy na to, \u017ce najbli\u017csze lata to b\u0119dzie czas wysy\u0142ania sobie ca\u0142usk\u00f3w, go\u0142\u0105bk\u00f3w czy serduszek do Pa\u0142acu Prezydenckiego, to mog\u0119 zagwarantowa\u0107, \u017ce Sejm b\u0119dzie dawa\u0142 bardzo mocny op\u00f3r \u2014 zadeklarowa\u0142 Siwiec.<\/p>\n<p class=\"ods-c-paragraph \">Szef Kancelarii Sejmu podkre\u015bli\u0142, \u017ce nie ma &#8222;\u017cadnego problemu z dogadaniem si\u0119 pod warunkiem, \u017ce nie b\u0119dziemy dostawa\u0107 za ka\u017cdym razem w twarz&#8221;. Oceniaj\u0105c relacje i dzia\u0142ania polityczne Pa\u0142acu Prezydenckiego, u\u017cy\u0142 por\u00f3wnania z dziedziny tresowania zwierz\u0105t.<\/p>\n<p class=\"ods-c-paragraph \">\u2014 Czym innym jest perswazja z ma\u0142ym zwierz\u0105tkiem, psem, bo jestem psiarzem akurat \u2014 &#8222;nie r\u00f3b tego&#8221;. Psy ma\u0142e robi\u0105 czasami niefajne rzeczy, [\u2026] mo\u017cna go nauczy\u0107. A czym innym jest po prostu lanie go gazet\u0105 po nosie \u2014 m\u00f3wi\u0142 Siwiec.<\/p>\n<p class=\"ods-c-paragraph \">\u2014 Ja mam takie wra\u017cenie, \u017ce w du\u017cym pa\u0142acu [Pa\u0142acu Prezydenckim] im si\u0119 bardzo podoba takie lanie gazet\u0105 po nosie. Oczywi\u015bcie raz mo\u017cna udawa\u0107, \u017ce to jest b\u0142\u0105d przy pracy, drugi raz b\u0119dziemy si\u0119 dziwi\u0107. A za trzecim razem oddamy. No i tyle. I mo\u017ce oni wtedy pomy\u015bl\u0105, czy to warto \u2014 doda\u0142.<\/p>\n","protected":false},"excerpt":{"rendered":"Marek Siwiec po ust\u0105pieniu z funkcji marsza\u0142ka Sejmu Szymona Ho\u0142owni zosta\u0142 nowym szefem Kancelarii Sejmu. W TOK FM&hellip;\n","protected":false},"author":2,"featured_media":122497,"comment_status":"","ping_status":"","sticky":false,"template":"","format":"standard","meta":{"footnotes":""},"categories":[12],"tags":[32,33,36,37,27,43,49,34,35,23992,28,31,48,25,46,1650,42,38,40,39,41,47,5485,29,30,26,203],"class_list":{"0":"post-122496","1":"post","2":"type-post","3":"status-publish","4":"format-standard","5":"has-post-thumbnail","7":"category-polska","8":"tag-breaking-news","9":"tag-breakingnews","10":"tag-featured-news","11":"tag-featurednews","12":"tag-headlines","13":"tag-karol_nawrocki","14":"tag-kraj","15":"tag-latest-news","16":"tag-latestnews","17":"tag-marek_siwiec","18":"tag-naglowki","19":"tag-najwazniejsze-artykuly","20":"tag-nat_styl","21":"tag-news","22":"tag-omp","23":"tag-palac_prezydencki","24":"tag-pl","25":"tag-poland","26":"tag-polish","27":"tag-polska","28":"tag-polski","29":"tag-screening_general","30":"tag-sejm_rp","31":"tag-top-stories","32":"tag-topstories","33":"tag-wiadomosci","34":"tag-wlodzimierz_czarzasty"},"share_on_mastodon":{"url":"https:\/\/pubeurope.com\/@pl\/115626789072896226","error":""},"_links":{"self":[{"href":"https:\/\/www.europesays.com\/pl\/wp-json\/wp\/v2\/posts\/122496","targetHints":{"allow":["GET"]}}],"collection":[{"href":"https:\/\/www.europesays.com\/pl\/wp-json\/wp\/v2\/posts"}],"about":[{"href":"https:\/\/www.europesays.com\/pl\/wp-json\/wp\/v2\/types\/post"}],"author":[{"embeddable":true,"href":"https:\/\/www.europesays.com\/pl\/wp-json\/wp\/v2\/users\/2"}],"replies":[{"embeddable":true,"href":"https:\/\/www.europesays.com\/pl\/wp-json\/wp\/v2\/comments?post=122496"}],"version-history":[{"count":0,"href":"https:\/\/www.europesays.com\/pl\/wp-json\/wp\/v2\/posts\/122496\/revisions"}],"wp:featuredmedia":[{"embeddable":true,"href":"https:\/\/www.europesays.com\/pl\/wp-json\/wp\/v2\/media\/122497"}],"wp:attachment":[{"href":"https:\/\/www.europesays.com\/pl\/wp-json\/wp\/v2\/media?parent=122496"}],"wp:term":[{"taxonomy":"category","embeddable":true,"href":"https:\/\/www.europesays.com\/pl\/wp-json\/wp\/v2\/categories?post=122496"},{"taxonomy":"post_tag","embeddable":true,"href":"https:\/\/www.europesays.com\/pl\/wp-json\/wp\/v2\/tags?post=122496"}],"curies":[{"name":"wp","href":"https:\/\/api.w.org\/{rel}","templated":true}]}}