{"id":122530,"date":"2025-11-28T10:33:17","date_gmt":"2025-11-28T10:33:17","guid":{"rendered":"https:\/\/www.europesays.com\/pl\/122530\/"},"modified":"2025-11-28T10:33:17","modified_gmt":"2025-11-28T10:33:17","slug":"radoslaw-sikorski-zostanie-premierem-polityk-mowi-o-prowokacji","status":"publish","type":"post","link":"https:\/\/www.europesays.com\/pl\/122530\/","title":{"rendered":"Rados\u0142aw Sikorski zostanie premierem? Polityk m\u00f3wi o &#8222;prowokacji&#8221;"},"content":{"rendered":"<p class=\"ods-c-paragraph \">W czwartek wieczorem minister spraw zagranicznych Rados\u0142aw Sikorski pojawi\u0142 si\u0119 w programie &#8222;Pytanie dnia&#8221; stacji TVP Info. <a href=\"https:\/\/www.onet.pl\/informacje\/onetwiadomosci\/radoslaw-sikorski-uderza-w-czlowieka-prezydenta-na-mojej-uczelni-nie-zdalby\/gf6v0vn,79cfc278\" id=\"65ffb696-9dd4-4ca4-ae5f-9e577e6a1bfe\" rel=\"nofollow noopener\" target=\"_blank\">Jednym z g\u0142\u00f3wnych temat\u00f3w rozmowy polityka z prowadz\u0105c\u0105 Justyn\u0105 Dobrosz-Oracz<\/a> <a href=\"https:\/\/www.onet.pl\/informacje\/onetwiadomosci\/radoslaw-sikorski-uderza-w-czlowieka-prezydenta-na-mojej-uczelni-nie-zdalby\/gf6v0vn,79cfc278\" id=\"66c6bb1f-eea5-4aae-9485-629223a36db4\" rel=\"nofollow noopener\" target=\"_blank\">by\u0142a niedawna decyzja prezydenta Karola Nawrockiego<\/a>, kt\u00f3ry zablokowa\u0142 nominacje na pierwszy stopie\u0144 oficerski 136 przysz\u0142ych oficer\u00f3w S\u0142u\u017cby Kontrwywiadu Wojskowego i Agencji Bezpiecze\u0144stwa Wewn\u0119trznego.<\/p>\n<blockquote class=\"ods-o-quota\">\n<p class=\"ods-o-quota__paragraph\">Karol Nawrocki otwarcie powiedzia\u0142, \u017ce chcia\u0142by zmieni\u0107 system na prezydencki, ale w Polsce nie da si\u0119 tego zrobi\u0107 wbrew jednemu z du\u017cych oboz\u00f3w. Spos\u00f3b, w jaki nas [rz\u0105d] traktuje, sprawia, \u017ce b\u0119dzie mu trudno to zrealizowa\u0107<\/p>\n<\/blockquote>\n<p class=\"ods-c-paragraph \">\u2014 skomentowa\u0142 Rados\u0142aw Sikorski.<\/p>\n<p>Dalszy ci\u0105g artyku\u0142u pod materia\u0142em wideo<\/p>\n<p> Czy Rados\u0142aw Sikorski chce zosta\u0107 premierem? <\/p>\n<p> Jakie jest zaufanie Polak\u00f3w do Rados\u0142awa Sikorskiego? <\/p>\n<p> Co powiedzia\u0142 Rados\u0142aw Sikorski o prowokacji? <\/p>\n<p> Kiedy odb\u0119dzie si\u0119 nast\u0119pna kampania prezydencka? <\/p>\n<p>  Dziennikarka zapyta\u0142a Rados\u0142awa Sikorskiego, czy b\u0119dzie premierem. &#8222;Prosz\u0119 zako\u0144czy\u0107 t\u0119 prowokacj\u0119&#8221;   <\/p>\n<p class=\"ods-c-paragraph \">W pewnym momencie prowadz\u0105ca zapyta\u0142a <a href=\"https:\/\/wiadomosci.onet.pl\/radoslaw-sikorski-polityk\" id=\"7588d348-de18-4e43-91d6-b68e51eb9a1c\" rel=\"nofollow noopener\" target=\"_blank\">Rados\u0142awa Sikorskiego<\/a>, czy nie chcia\u0142by zosta\u0107 premierem Polski.<\/p>\n<blockquote class=\"ods-o-quota\">\n<p class=\"ods-o-quota__paragraph\">Premierem pan nie chce by\u0107? S\u0105 takie przymiarki, pnie si\u0119 pan w sonda\u017cach<\/p>\n<\/blockquote>\n<p class=\"ods-c-paragraph \">\u2014 powiedzia\u0142a Justyna Dobrosz-Oracz.<\/p>\n<p class=\"ods-c-paragraph \">Przypominamy, \u017ce <a href=\"https:\/\/wiadomosci.onet.pl\/kraj\/sondaz-zaufania-karol-nawrocki-z-rekordem-wchodzi-do-elitarnego-grona\/2b5fygy\" id=\"2af165c3-a21f-43f4-968c-2a08c0a77df2\" rel=\"nofollow noopener\" target=\"_blank\">wed\u0142ug ostatniego sonda\u017cu IBRiS dla Onetu<\/a>, kt\u00f3ry zosta\u0142 zrealizowany w dniach 21-22 listopada 2025 r., prezydent <a href=\"https:\/\/wiadomosci.onet.pl\/karol-nawrocki-prezydent\" id=\"7b56893b-f3b9-4aa2-9409-bb7b4f1e3511\" rel=\"nofollow noopener\" target=\"_blank\">Karol Nawrocki<\/a> cieszy si\u0119 najwi\u0119kszym zaufaniem w\u015br\u00f3d Polak\u00f3w (uzyska\u0142 wynik 51,8 proc.). Drugie miejsce w rankingu zajmuje w\u0142a\u015bnie Rados\u0142aw Sikorski. Wicepremier i minister spraw zagranicznych cieszy si\u0119 obecnie zaufaniem 40,3 proc. badanych. Premier <a href=\"https:\/\/wiadomosci.onet.pl\/donald-tusk-polityk\" id=\"a80756d4-30a5-49e3-b5d2-7fdf73ed21f8\" rel=\"nofollow noopener\" target=\"_blank\">Donald Tusk<\/a> zajmuje dopiero pi\u0105t\u0105 pozycj\u0119 z wynikiem 37,4 proc.<\/p>\n<blockquote class=\"ods-o-quota\">\n<p class=\"ods-o-quota__paragraph\">Prosz\u0119 zako\u0144czy\u0107 t\u0119 prowokacj\u0119 intelektualn\u0105 i polityczn\u0105<\/p>\n<\/blockquote>\n<p class=\"ods-c-paragraph \">\u2014 odpowiedzia\u0142 Rados\u0142aw Sikorski, u\u015bmiechaj\u0105c si\u0119 przy tym.<\/p>\n<blockquote class=\"ods-o-quota\">\n<p class=\"ods-o-quota__paragraph\">Natomiast patrz\u0105c w przysz\u0142o\u015b\u0107, my\u015bli pan o nast\u0119pnej kampanii prezydenckiej?<\/p>\n<\/blockquote>\n<p class=\"ods-c-paragraph \">\u2014 dopytywa\u0142a Justyna Dobrosz-Oracz.<\/p>\n<blockquote class=\"ods-o-quota\">\n<p class=\"ods-o-quota__paragraph\">Ale to za 4,5 roku. U nas kampania trwa nieustaj\u0105co. Tydzie\u0144 to niesko\u0144czono\u015b\u0107 w polityce, a co dopiero cztery i p\u00f3\u0142 roku<\/p>\n<\/blockquote>\n<p class=\"ods-c-paragraph \">\u2014 skomentowa\u0142 minister spraw zagranicznych.<\/p>\n","protected":false},"excerpt":{"rendered":"W czwartek wieczorem minister spraw zagranicznych Rados\u0142aw Sikorski pojawi\u0142 si\u0119 w programie &#8222;Pytanie dnia&#8221; stacji TVP Info. Jednym&hellip;\n","protected":false},"author":2,"featured_media":122531,"comment_status":"","ping_status":"","sticky":false,"template":"","format":"standard","meta":{"footnotes":""},"categories":[12],"tags":[32,33,212,36,37,27,9537,43,49,34,35,28,31,48,25,46,42,38,40,39,41,1118,47,231,29,30,26],"class_list":{"0":"post-122530","1":"post","2":"type-post","3":"status-publish","4":"format-standard","5":"has-post-thumbnail","7":"category-polska","8":"tag-breaking-news","9":"tag-breakingnews","10":"tag-donald_tusk","11":"tag-featured-news","12":"tag-featurednews","13":"tag-headlines","14":"tag-justyna_dobrosz_oracz","15":"tag-karol_nawrocki","16":"tag-kraj","17":"tag-latest-news","18":"tag-latestnews","19":"tag-naglowki","20":"tag-najwazniejsze-artykuly","21":"tag-nat_styl","22":"tag-news","23":"tag-omp","24":"tag-pl","25":"tag-poland","26":"tag-polish","27":"tag-polska","28":"tag-polski","29":"tag-radoslaw_sikorski","30":"tag-screening_general","31":"tag-sondaze","32":"tag-top-stories","33":"tag-topstories","34":"tag-wiadomosci"},"share_on_mastodon":{"url":"https:\/\/pubeurope.com\/@pl\/115626875761701900","error":""},"_links":{"self":[{"href":"https:\/\/www.europesays.com\/pl\/wp-json\/wp\/v2\/posts\/122530","targetHints":{"allow":["GET"]}}],"collection":[{"href":"https:\/\/www.europesays.com\/pl\/wp-json\/wp\/v2\/posts"}],"about":[{"href":"https:\/\/www.europesays.com\/pl\/wp-json\/wp\/v2\/types\/post"}],"author":[{"embeddable":true,"href":"https:\/\/www.europesays.com\/pl\/wp-json\/wp\/v2\/users\/2"}],"replies":[{"embeddable":true,"href":"https:\/\/www.europesays.com\/pl\/wp-json\/wp\/v2\/comments?post=122530"}],"version-history":[{"count":0,"href":"https:\/\/www.europesays.com\/pl\/wp-json\/wp\/v2\/posts\/122530\/revisions"}],"wp:featuredmedia":[{"embeddable":true,"href":"https:\/\/www.europesays.com\/pl\/wp-json\/wp\/v2\/media\/122531"}],"wp:attachment":[{"href":"https:\/\/www.europesays.com\/pl\/wp-json\/wp\/v2\/media?parent=122530"}],"wp:term":[{"taxonomy":"category","embeddable":true,"href":"https:\/\/www.europesays.com\/pl\/wp-json\/wp\/v2\/categories?post=122530"},{"taxonomy":"post_tag","embeddable":true,"href":"https:\/\/www.europesays.com\/pl\/wp-json\/wp\/v2\/tags?post=122530"}],"curies":[{"name":"wp","href":"https:\/\/api.w.org\/{rel}","templated":true}]}}