{"id":122534,"date":"2025-11-28T10:35:11","date_gmt":"2025-11-28T10:35:11","guid":{"rendered":"https:\/\/www.europesays.com\/pl\/122534\/"},"modified":"2025-11-28T10:35:11","modified_gmt":"2025-11-28T10:35:11","slug":"real-rezygnuje-z-glosnego-transferu-postanowione","status":"publish","type":"post","link":"https:\/\/www.europesays.com\/pl\/122534\/","title":{"rendered":"Real rezygnuje z g\u0142o\u015bnego transferu. Postanowione"},"content":{"rendered":"<p>Do Realu Madryt przymierzano kolejnego obro\u0144c\u0119 Liverpoolu. David Ornstein z The Athletic przekaza\u0142 jednak, \u017ce &#8222;Kr\u00f3lewscy&#8221; zrezygnowali z konkretnej opcji do wzmocnienia sk\u0142adu.<\/p>\n<p>W poprzednim okienku Trent Alexander-Arnold zamieni\u0142 Anfield na Santiago Bernabeu. Podobny kierunek m\u00f3g\u0142 obra\u0107 Ibrahima Konate.<\/p>\n<p>Dalsza cz\u0119\u015b\u0107 tekstu pod wideo<\/p>\n<p>Po zako\u0144czeniu sezonu wyga\u015bnie umowa \u0142\u0105cz\u0105ca Francuza z &#8222;The Reds&#8221;. Je\u015bli nie podpisze nowego kontraktu, b\u0119dzie m\u00f3g\u0142 zmieni\u0107 barwy na zasadzie wolnego transferu.<\/p>\n<p>David Ornstein poinformowa\u0142, \u017ce Real rozwa\u017ca\u0142 sprowadzenie Konate, ale rozmy\u015bli\u0142 si\u0119. &#8222;Los Blancos&#8221; przekazali Liverpoolowi, \u017ce nie s\u0105 ju\u017c zainteresowani ich pi\u0142karzem.<\/p>\n<p>By\u0107 mo\u017ce na decyzj\u0119 &#8222;Kr\u00f3lewskich&#8221; wp\u0142yn\u0119\u0142a s\u0142aba forma Konate i ca\u0142ej defensywy LFC. W 12 ostatnich meczach podopieczni Arne Slota ponie\u015bli dziewi\u0119\u0107 pora\u017cek. Niedawno przegrali u siebie 0:3 z Nottingham i 1:4 z PSV. Francuz pope\u0142ni\u0142 w tych spotkaniach sporo b\u0142\u0119d\u00f3w.<\/p>\n<p>26-latek \u0142\u0105cznie ma ju\u017c na koncie 150 wyst\u0119p\u00f3w w Liverpoolu. Zanotowa\u0142 w nich sze\u015b\u0107 bramek i cztery asysty. Portal Transfermarkt wycenia go na 55 mln euro.<\/p>\n","protected":false},"excerpt":{"rendered":"Do Realu Madryt przymierzano kolejnego obro\u0144c\u0119 Liverpoolu. David Ornstein z The Athletic przekaza\u0142 jednak, \u017ce &#8222;Kr\u00f3lewscy&#8221; zrezygnowali z&hellip;\n","protected":false},"author":2,"featured_media":122535,"comment_status":"","ping_status":"","sticky":false,"template":"","format":"standard","meta":{"footnotes":""},"categories":[24],"tags":[42,38,40,39,41,127,126],"class_list":{"0":"post-122534","1":"post","2":"type-post","3":"status-publish","4":"format-standard","5":"has-post-thumbnail","7":"category-sport","8":"tag-pl","9":"tag-poland","10":"tag-polish","11":"tag-polska","12":"tag-polski","13":"tag-sport","14":"tag-sports"},"share_on_mastodon":{"url":"https:\/\/pubeurope.com\/@pl\/115626883725774672","error":""},"_links":{"self":[{"href":"https:\/\/www.europesays.com\/pl\/wp-json\/wp\/v2\/posts\/122534","targetHints":{"allow":["GET"]}}],"collection":[{"href":"https:\/\/www.europesays.com\/pl\/wp-json\/wp\/v2\/posts"}],"about":[{"href":"https:\/\/www.europesays.com\/pl\/wp-json\/wp\/v2\/types\/post"}],"author":[{"embeddable":true,"href":"https:\/\/www.europesays.com\/pl\/wp-json\/wp\/v2\/users\/2"}],"replies":[{"embeddable":true,"href":"https:\/\/www.europesays.com\/pl\/wp-json\/wp\/v2\/comments?post=122534"}],"version-history":[{"count":0,"href":"https:\/\/www.europesays.com\/pl\/wp-json\/wp\/v2\/posts\/122534\/revisions"}],"wp:featuredmedia":[{"embeddable":true,"href":"https:\/\/www.europesays.com\/pl\/wp-json\/wp\/v2\/media\/122535"}],"wp:attachment":[{"href":"https:\/\/www.europesays.com\/pl\/wp-json\/wp\/v2\/media?parent=122534"}],"wp:term":[{"taxonomy":"category","embeddable":true,"href":"https:\/\/www.europesays.com\/pl\/wp-json\/wp\/v2\/categories?post=122534"},{"taxonomy":"post_tag","embeddable":true,"href":"https:\/\/www.europesays.com\/pl\/wp-json\/wp\/v2\/tags?post=122534"}],"curies":[{"name":"wp","href":"https:\/\/api.w.org\/{rel}","templated":true}]}}