{"id":122538,"date":"2025-11-28T10:38:13","date_gmt":"2025-11-28T10:38:13","guid":{"rendered":"https:\/\/www.europesays.com\/pl\/122538\/"},"modified":"2025-11-28T10:38:13","modified_gmt":"2025-11-28T10:38:13","slug":"tusk-zachwyca-sie-dworcem-po-modernizacji-zapomnial-ze-zaczal-ja-pis-wideo","status":"publish","type":"post","link":"https:\/\/www.europesays.com\/pl\/122538\/","title":{"rendered":"Tusk zachwyca si\u0119 dworcem po modernizacji. Zapomnia\u0142, \u017ce zacz\u0105\u0142 j\u0105&#8230; PiS [WIDEO]"},"content":{"rendered":"<p>&#8222;Robi wra\u017cenie, co?&#8221; &#8211; m\u00f3wi Donald Tusk na nagraniu opublikowanym dzi\u015b rano w mediach spo\u0142eczno\u015bciowych. Na filmie widzimy szefa rz\u0105du przechadzaj\u0105cego si\u0119 po dworcu Warszawa Zachodnia, kt\u00f3ry w ostatnich latach przechodzi\u0142 remont. No w\u0142a\u015bnie, latach, bo modernizacj\u0119 rozpocz\u0105\u0142&#8230; rz\u0105d PiS w 2020 roku.<\/p>\n<p class=\"font-bold text-sm [&amp;&gt;a]:hover:underline text-[#757575] font-['Roboto']\">Autor: <a href=\"https:\/\/niezalezna.pl\/autor\/anna-zyzek\" rel=\"nofollow noopener\" target=\"_blank\">Anna Zyzek<\/a><\/p>\n<p>         copied = false, 2000);<br \/>\n        &#8222;&gt;<\/p>\n<p>                    <img decoding=\"async\" src=\"https:\/\/www.europesays.com\/pl\/wp-content\/uploads\/2025\/11\/n_a6860d33824b91e7ec7cb4b7bcfa801d47f74e5e779d2e5e6cd48858418d2183_c.jpg\" alt=\"Tusk zachwyca si\u0119 dworcem po modernizacji. Zapomnia\u0142, kto j\u0105 zacz\u0105\u0142?\" class=\"w-full h-auto\"\/><\/p>\n<p>        @donaldtusk &#8211; x.com<\/p>\n<p>        Tusk zachwyca si\u0119 dworcem po modernizacji. Zapomnia\u0142, kto j\u0105 zacz\u0105\u0142?<\/p>\n<p>To teraz ma\u0142e przypomnienie: 7 lipca 2020 r. PKP Polskie Linie Kolejowe SA podpisa\u0142y umow\u0119 na modernizacj\u0119 stacji Warszawa Zachodnia. Sta\u0142o si\u0119 to w obecno\u015bci ministra infrastruktury w rz\u0105dzie Zjednoczonej Prawicy. Inwestycja za ponad 1,9 mld z\u0142, mia\u0142a by\u0107 sko\u0144czona do 2023 r, jednak termin by\u0142 wielokrotnie przesuwany w czasie.\u00a0<\/p>\n<blockquote class=\"quote\"><p>Podr\u00f3\u017cnym na stacji Warszawa Zachodnia komfort zapewni\u0105 nowe zadaszone perony, ruchome schody, windy, system informacji oraz szerokie przej\u015bcia. Sprawniejsze b\u0119d\u0105 przejazdy aglomeracyjne i dalekobie\u017cne. Na stacji Warszawa Zachodnia podr\u00f3\u017cni dzi\u0119ki nowoczesnym systemom i technologiom zyskaj\u0105 obs\u0142ug\u0119 na najwy\u017cszym poziomie. Sprawniejsze b\u0119dzie zarz\u0105dzenie ruchem kolejowym na warszawskim w\u0119\u017ale kolejowym.<\/p><\/blockquote>\n<p class=\"quote-caption\">\u2013\u00a0czytamy w komunikacie na stronie Ministerstwa Infrastruktury z 07.07.2020 roku.<\/p>\n<p>Po ponad 5 latach, dzi\u015b odb\u0119dzie si\u0119 uroczyste\u00a0otwarcie nowego-starego dworca PKP Warszawa Zachodnia. Fakt, wiele si\u0119 zmieni\u0142o, a dworzec zupe\u0142nie r\u00f3\u017cni si\u0119 od innych w samej stolicy.\u00a0<\/p>\n<p> Tusk zn\u00f3w chwali si\u0119&#8230; nieswoim sukcesem? <\/p>\n<p>Niemniej, Donald Tusk pojawi\u0142 si\u0119 na miejscu ju\u017c z samego rana. Po co? By nagra\u0107 kr\u00f3tki film i&#8230; pochwali\u0107 si\u0119 kolejnym &#8222;swoim&#8221; sukcesem.\u00a0<\/p>\n<blockquote class=\"quote\"><p>&#8222;Warszawa, nowy dworzec zachodni. Robimy, nie gadamy. Zobaczcie, robi wra\u017cenie, co?&#8221;<\/p><\/blockquote>\n<p class=\"quote-caption\">\u2013\u00a0s\u0142yszymy na nagraniu.\u00a0<\/p>\n<blockquote class=\"twitter-tweet\">\n<p dir=\"ltr\" lang=\"pl\">Robi wra\u017cenie, co? <a href=\"https:\/\/t.co\/lk6F7kJF2A\" rel=\"nofollow\">pic.twitter.com\/lk6F7kJF2A<\/a><\/p>\n<p> \u2014 Donald Tusk (@donaldtusk) <a href=\"https:\/\/twitter.com\/donaldtusk\/status\/1994300227009053131?ref_src=twsrc%5Etfw\" rel=\"nofollow noopener\" target=\"_blank\">November 28, 2025<\/a><\/p><\/blockquote>\n<p>To nie pierwszy raz, kiedy szef koalicji 13 grudnia cieszy si\u0119 z dzia\u0142a\u0144 poprzednik\u00f3w. Tyle, \u017ce sam nie potrafi tego przyzna\u0107. Politycy opozycji, jak i internauci w sekcji komentarzy &#8211; ju\u017c tak.<\/p>\n<blockquote class=\"twitter-tweet\">\n<p dir=\"ltr\" lang=\"pl\">\ud83d\uded1 Premier Tusk zn\u00f3w firmuje cudzy sukces. Dworzec Zachodni nie jest dzie\u0142em jego rz\u0105du \u2013 nawet w u\u0142amku.<\/p>\n<p>Przebudowa stacji ruszy\u0142a za naszych rz\u0105d\u00f3w:<br \/>\u2705\ufe0f przetarg w 2019 r.,<br \/>\u2705\ufe0f umowa 7 lipca 2020 r.<\/p>\n<p>To jest inwestycja za ok. 2,1 mld z\u0142, dopi\u0119ta i rozpocz\u0119ta d\u0142ugo przed\u2026 <a href=\"https:\/\/t.co\/d1FX3d0ALV\" rel=\"nofollow\">pic.twitter.com\/d1FX3d0ALV<\/a><\/p>\n<p> \u2014 Mateusz Morawiecki (@MorawieckiM) <a href=\"https:\/\/twitter.com\/MorawieckiM\/status\/1994331813259391408?ref_src=twsrc%5Etfw\" rel=\"nofollow noopener\" target=\"_blank\">November 28, 2025<\/a><\/p><\/blockquote>\n<blockquote class=\"twitter-tweet\">\n<p dir=\"ltr\" lang=\"pl\">Nie ma to jak chwali\u0107 si\u0119 cudz\u0105 prac\u0105.<br \/>Projekt zacz\u0119to przygotowywa\u0107 jeszcze za rz\u0105d\u00f3w <a href=\"https:\/\/twitter.com\/BeataSzydlo?ref_src=twsrc%5Etfw\" rel=\"nofollow noopener\" target=\"_blank\">@BeataSzydlo<\/a>, za rz\u0105du <a href=\"https:\/\/twitter.com\/MorawieckiM?ref_src=twsrc%5Etfw\" rel=\"nofollow noopener\" target=\"_blank\">@MorawieckiM<\/a> zabezpieczono finansowanie, rozpocz\u0119to budow\u0119 i zrealizowano wi\u0119kszo\u015b\u0107 prac.<\/p>\n<p>Nie ma za co! <a href=\"https:\/\/t.co\/OXJlIfBCaf\" rel=\"nofollow\">https:\/\/t.co\/OXJlIfBCaf<\/a><\/p>\n<p> \u2014 \ud83c\uddf5\ud83c\uddf1 Pawe\u0142 Jab\u0142o\u0144ski (@paweljablonski_) <a href=\"https:\/\/twitter.com\/paweljablonski_\/status\/1994316006722814166?ref_src=twsrc%5Etfw\" rel=\"nofollow noopener\" target=\"_blank\">November 28, 2025<\/a><\/p><\/blockquote>\n<blockquote class=\"twitter-tweet\">\n<p dir=\"ltr\" lang=\"pl\">\u015awietna inwestycja rz\u0105du PiS \ud83d\ude03<\/p>\n<p> \u2014 Mateusz Janiczek \ud83c\uddf5\ud83c\uddf1 (@JaniczekMat) <a href=\"https:\/\/twitter.com\/JaniczekMat\/status\/1994301309994840201?ref_src=twsrc%5Etfw\" rel=\"nofollow noopener\" target=\"_blank\">November 28, 2025<\/a><\/p><\/blockquote>\n<blockquote class=\"twitter-tweet\">\n<p dir=\"ltr\" lang=\"pl\">Przebudowa Dworca Zachodniego rozpocz\u0119\u0142a si\u0119 w 2020 r. \ud83d\ude42<\/p>\n<p>Poprzedni rz\u0105d rozpocz\u0105\u0142, obecny przecina wst\u0119g\u0119, Budimex wybudowa\u0142 &#8211; nodelowy przyk\u0142ad kontynuacji projekt\u00f3w infrastrukturalnych ponad podzia\u0142ami politycznymi.<\/p>\n<p> \u2014 Damian Ka\u017amierczak (@DamKazmierczak) <a href=\"https:\/\/twitter.com\/DamKazmierczak\/status\/1994303100874539440?ref_src=twsrc%5Etfw\" rel=\"nofollow noopener\" target=\"_blank\">November 28, 2025<\/a><\/p><\/blockquote>\n<blockquote class=\"twitter-tweet\">\n<p dir=\"ltr\" lang=\"pl\">Robi, doskona\u0142a inwestycja rz\u0105du PiS<\/p>\n<p> \u2014 Marcin Lewandowski \ud83c\uddf5\ud83c\uddf1 (@MarcinL39) <a href=\"https:\/\/twitter.com\/MarcinL39\/status\/1994303488159842589?ref_src=twsrc%5Etfw\" rel=\"nofollow noopener\" target=\"_blank\">November 28, 2025<\/a><\/p><\/blockquote>\n<blockquote class=\"twitter-tweet\">\n<p dir=\"ltr\" lang=\"pl\">Niczego swojego nie macie \u017ceby si\u0119 pochwali\u0107. \ud83e\udd26\u200d\u2642\ufe0f<\/p>\n<p> \u2014 Mateusz Kuligowski (@KuligowskiMa) <a href=\"https:\/\/twitter.com\/KuligowskiMa\/status\/1994305811753951712?ref_src=twsrc%5Etfw\" rel=\"nofollow noopener\" target=\"_blank\">November 28, 2025<\/a><\/p><\/blockquote>\n<blockquote class=\"twitter-tweet\">\n<p dir=\"ltr\" lang=\"pl\">Jakie robimy?<br \/>Ten remont ruszy\u0142 jakie\u015b 6 lat temu<\/p>\n<p> \u2014 Sebastian S\u0119k (@Bastek_Sek) <a href=\"https:\/\/twitter.com\/Bastek_Sek\/status\/1994304038540652700?ref_src=twsrc%5Etfw\" rel=\"nofollow noopener\" target=\"_blank\">November 28, 2025<\/a><\/p><\/blockquote>\n<blockquote class=\"twitter-tweet\">\n<p dir=\"ltr\" lang=\"pl\">Bior\u0105c pod uwag\u0119, \u017ce przebudowa rozpocz\u0119\u0142a si\u0119 w 2020 roku, czyli niewiele (na szcz\u0119\u015bcie) mieli\u015bcie z tym wsp\u00f3lnego, to rzeczywi\u015bcie, robi wra\u017cenie to, jak ubieracie si\u0119 w cudze pi\u00f3rka.<\/p>\n<p> \u2014 Maciej Ul. \ud83c\uddf5\ud83c\uddf1 (@Maciej_Ul) <a href=\"https:\/\/twitter.com\/Maciej_Ul\/status\/1994303794662752682?ref_src=twsrc%5Etfw\" rel=\"nofollow noopener\" target=\"_blank\">November 28, 2025<\/a><\/p><\/blockquote>\n<p>\u00a0<\/p>\n<p>    <script async src=\"https:\/\/platform.twitter.com\/widgets.js\" charset=\"utf-8\"><\/script><\/p>\n","protected":false},"excerpt":{"rendered":"&#8222;Robi wra\u017cenie, co?&#8221; &#8211; m\u00f3wi Donald Tusk na nagraniu opublikowanym dzi\u015b rano w mediach spo\u0142eczno\u015bciowych. Na filmie widzimy&hellip;\n","protected":false},"author":2,"featured_media":122539,"comment_status":"","ping_status":"","sticky":false,"template":"","format":"standard","meta":{"footnotes":""},"categories":[16],"tags":[113,112,42,38,40,39,41],"class_list":{"0":"post-122538","1":"post","2":"type-post","3":"status-publish","4":"format-standard","5":"has-post-thumbnail","7":"category-biznes","8":"tag-biznes","9":"tag-business","10":"tag-pl","11":"tag-poland","12":"tag-polish","13":"tag-polska","14":"tag-polski"},"share_on_mastodon":{"url":"https:\/\/pubeurope.com\/@pl\/115626895716636641","error":""},"_links":{"self":[{"href":"https:\/\/www.europesays.com\/pl\/wp-json\/wp\/v2\/posts\/122538","targetHints":{"allow":["GET"]}}],"collection":[{"href":"https:\/\/www.europesays.com\/pl\/wp-json\/wp\/v2\/posts"}],"about":[{"href":"https:\/\/www.europesays.com\/pl\/wp-json\/wp\/v2\/types\/post"}],"author":[{"embeddable":true,"href":"https:\/\/www.europesays.com\/pl\/wp-json\/wp\/v2\/users\/2"}],"replies":[{"embeddable":true,"href":"https:\/\/www.europesays.com\/pl\/wp-json\/wp\/v2\/comments?post=122538"}],"version-history":[{"count":0,"href":"https:\/\/www.europesays.com\/pl\/wp-json\/wp\/v2\/posts\/122538\/revisions"}],"wp:featuredmedia":[{"embeddable":true,"href":"https:\/\/www.europesays.com\/pl\/wp-json\/wp\/v2\/media\/122539"}],"wp:attachment":[{"href":"https:\/\/www.europesays.com\/pl\/wp-json\/wp\/v2\/media?parent=122538"}],"wp:term":[{"taxonomy":"category","embeddable":true,"href":"https:\/\/www.europesays.com\/pl\/wp-json\/wp\/v2\/categories?post=122538"},{"taxonomy":"post_tag","embeddable":true,"href":"https:\/\/www.europesays.com\/pl\/wp-json\/wp\/v2\/tags?post=122538"}],"curies":[{"name":"wp","href":"https:\/\/api.w.org\/{rel}","templated":true}]}}