{"id":122542,"date":"2025-11-28T10:40:10","date_gmt":"2025-11-28T10:40:10","guid":{"rendered":"https:\/\/www.europesays.com\/pl\/122542\/"},"modified":"2025-11-28T10:40:10","modified_gmt":"2025-11-28T10:40:10","slug":"siwiec-w-tok-fm-uderza-w-nawrockiego-policzek-dla-oficerow","status":"publish","type":"post","link":"https:\/\/www.europesays.com\/pl\/122542\/","title":{"rendered":"Siwiec w TOK FM uderza w Nawrockiego. &#8222;Policzek dla oficer\u00f3w&#8221;"},"content":{"rendered":"<ul class=\"list-summary__items summary\">\n<li>Jakie obawy wyra\u017ca Marek Siwiec wobec prezydenta Nawrockiego?<\/li>\n<li>Dlaczego Marek Siwiec uwa\u017ca brak nominacji oficer\u00f3w za problem?<\/li>\n<li>Jak Marek Siwiec widzi relacj\u0119 Sejmu z Kancelari\u0105 Prezydenta?<\/li>\n<\/ul>\n<p>&#8211; Je\u015bli kto\u015b liczy na to, \u017ce najbli\u017csze lata to b\u0119dzie czas wysy\u0142ania sobie ca\u0142usk\u00f3w, go\u0142\u0105bk\u00f3w czy serduszek do Pa\u0142acu Prezydenckiego, to mog\u0119 zagwarantowa\u0107, \u017ce Sejm b\u0119dzie dawa\u0142 bardzo mocny op\u00f3r &#8211; o\u015bwiadczy\u0142 w &#8222;Poranku TOK FM&#8221; Marek Siwiec, szef Kancelarii Sejmu.<br \/>\n<a href=\"https:\/\/www.tokfm.pl\/polityka\/wiemy-kto-wymyslil-siwca-w-kancelarii-sejmu-stary-druh-otrzymal-stanowisko\" target=\"_self\" rel=\"dofollow noopener\">Siwiec wr\u00f3ci\u0142 do Sejmu w momencie, gdy marsza\u0142kiem zosta\u0142 W\u0142odzimierz Czarzasty.<\/a><\/p>\n<p>Rozm\u00f3wca Jacka \u017bakowskiego skrytykowa\u0142 prezydenta Karola Nawrockiego, kt\u00f3ry &#8211; wed\u0142ug szefa Kancelarii Sejmu &#8211; &#8222;rozwala system demokratyczny&#8221;.<\/p>\n<p>&#8211; Gdy s\u0142ucham, \u017ce kilkuset oficer\u00f3w nie dostaje nominacji, dlatego \u017ce &#8222;nie, bo nie&#8221;, to po prostu boli mnie serce &#8211; przyzna\u0142 Siwiec, przypominaj\u0105c, \u017ce pracowa\u0142 w Biurze Bezpiecze\u0144stwa Narodowego przez prawie 10 lat. &#8211; To jest po prostu policzek. I to nie od osoby, tylko od pa\u0144stwa polskiego. Oni na to nie zas\u0142uguj\u0105 &#8211; oceni\u0142 go\u015b\u0107 TOK FM, zaznaczaj\u0105c, \u017ce praca wojskowych nieprzypadkowo nazywa si\u0119 &#8222;s\u0142u\u017cb\u0105&#8221;.<\/p>\n<p>        <a name=\"eztoc31571616_0_2\" id=\"eztoc31571616_0_2\"\/>Sejm dogada si\u0119 z Kancelari\u0105 Prezydenta? &#8222;Lanie gazet\u0105 po nosie&#8221;<\/p>\n<p>Na sugesti\u0119 prowadz\u0105cego &#8222;Poranek TOK FM&#8221; Jacka \u017bakowskiego, by pr\u00f3bowa\u0107 dogada\u0107 si\u0119 z prezydentem Karolem Nawrockim, Marek Siwiec przypomnia\u0142, \u017ce w przesz\u0142o\u015bci &#8211; gdy premierem by\u0142 Jerzy Buzek, a prezydentem Aleksander Kwa\u015bniewski &#8211; uda\u0142o si\u0119 wsp\u00f3\u0142pracowa\u0107. &#8211; To by\u0142a czy\u015bciute\u0144ka prawica, powiedzia\u0142bym: koszerna, bardzo elegancka. I co, czy by\u0142y k\u0142opoty? Brak nominacji? Czy kto\u015b komu\u015b nie dawa\u0142 orderu, cho\u0107 na to zas\u0142u\u017cy\u0142? Wtedy by\u0142a odpowiedzialno\u015b\u0107 za pa\u0144stwo &#8211; stwierdzi\u0142 szef Kancelarii Sejmu.<\/p>\n<p>Marek Siwiec podkre\u015bli\u0142, \u017ce Sejm pod rz\u0105dami marsza\u0142ka Czarzastego nie ma problemu z dogadaniem si\u0119 z prezydentem, pod jednym warunkiem: &#8211; \u017be nie b\u0119dziemy, za przeproszeniem, dostawa\u0107 za ka\u017cdym razem w twarz &#8211; powiedzia\u0142 polityk. I, jako &#8222;psiarz&#8221;, por\u00f3wna\u0142 relacj\u0119 mi\u0119dzy Sejmem a Kancelari\u0105 Prezydenta RP do pr\u00f3by tresury. &#8211; Czym innym jest perswazja z ma\u0142ym psem, a czym innym lanie gazet\u0105 po nosie &#8211; stwierdzi\u0142 go\u015b\u0107 Jacka \u017bakowskiego. I doda\u0142, \u017ce w jego opinii &#8222;w Du\u017cym Pa\u0142acu [Pa\u0142acu Prezydenckim &#8211; przyp. red.] bardzo si\u0119 takie lanie gazet\u0105 po nosie podoba&#8221;.<\/p>\n<p>&#8211; Raz mo\u017cna udawa\u0107, \u017ce to jest b\u0142\u0105d przy pracy, drugi raz b\u0119dziemy si\u0119 dziwi\u0107, a za trzecim razem oddamy &#8211; zapowiedzia\u0142 Siwiec w TOK FM.<\/p>\n<p>\u0179r\u00f3d\u0142o: TOK FM<\/p>\n","protected":false},"excerpt":{"rendered":"Jakie obawy wyra\u017ca Marek Siwiec wobec prezydenta Nawrockiego? Dlaczego Marek Siwiec uwa\u017ca brak nominacji oficer\u00f3w za problem? Jak&hellip;\n","protected":false},"author":2,"featured_media":122543,"comment_status":"","ping_status":"","sticky":false,"template":"","format":"standard","meta":{"footnotes":""},"categories":[12],"tags":[32,33,36,37,27,690,34,35,26176,28,31,25,42,38,40,39,41,423,29,30,26,22820],"class_list":{"0":"post-122542","1":"post","2":"type-post","3":"status-publish","4":"format-standard","5":"has-post-thumbnail","7":"category-polska","8":"tag-breaking-news","9":"tag-breakingnews","10":"tag-featured-news","11":"tag-featurednews","12":"tag-headlines","13":"tag-karol-nawrocki","14":"tag-latest-news","15":"tag-latestnews","16":"tag-marek-siwiec","17":"tag-naglowki","18":"tag-najwazniejsze-artykuly","19":"tag-news","20":"tag-pl","21":"tag-poland","22":"tag-polish","23":"tag-polska","24":"tag-polski","25":"tag-sejm","26":"tag-top-stories","27":"tag-topstories","28":"tag-wiadomosci","29":"tag-wlodzimierz-czarzasty"},"share_on_mastodon":{"url":"https:\/\/pubeurope.com\/@pl\/115626903372127448","error":""},"_links":{"self":[{"href":"https:\/\/www.europesays.com\/pl\/wp-json\/wp\/v2\/posts\/122542","targetHints":{"allow":["GET"]}}],"collection":[{"href":"https:\/\/www.europesays.com\/pl\/wp-json\/wp\/v2\/posts"}],"about":[{"href":"https:\/\/www.europesays.com\/pl\/wp-json\/wp\/v2\/types\/post"}],"author":[{"embeddable":true,"href":"https:\/\/www.europesays.com\/pl\/wp-json\/wp\/v2\/users\/2"}],"replies":[{"embeddable":true,"href":"https:\/\/www.europesays.com\/pl\/wp-json\/wp\/v2\/comments?post=122542"}],"version-history":[{"count":0,"href":"https:\/\/www.europesays.com\/pl\/wp-json\/wp\/v2\/posts\/122542\/revisions"}],"wp:featuredmedia":[{"embeddable":true,"href":"https:\/\/www.europesays.com\/pl\/wp-json\/wp\/v2\/media\/122543"}],"wp:attachment":[{"href":"https:\/\/www.europesays.com\/pl\/wp-json\/wp\/v2\/media?parent=122542"}],"wp:term":[{"taxonomy":"category","embeddable":true,"href":"https:\/\/www.europesays.com\/pl\/wp-json\/wp\/v2\/categories?post=122542"},{"taxonomy":"post_tag","embeddable":true,"href":"https:\/\/www.europesays.com\/pl\/wp-json\/wp\/v2\/tags?post=122542"}],"curies":[{"name":"wp","href":"https:\/\/api.w.org\/{rel}","templated":true}]}}