{"id":122568,"date":"2025-11-28T10:59:08","date_gmt":"2025-11-28T10:59:08","guid":{"rendered":"https:\/\/www.europesays.com\/pl\/122568\/"},"modified":"2025-11-28T10:59:08","modified_gmt":"2025-11-28T10:59:08","slug":"donald-tusk-skomentowal-dane-o-inflacji-wbil-szpilke-w-pis","status":"publish","type":"post","link":"https:\/\/www.europesays.com\/pl\/122568\/","title":{"rendered":"Donald Tusk skomentowa\u0142 dane o inflacji. Wbi\u0142 szpilk\u0119 w PiS"},"content":{"rendered":"<p class=\"ods-c-paragraph \">GUS poda\u0142 w pi\u0105tek tzw. szybki wska\u017anik inflacji za listopad. Inflacja CPI wynios\u0142a w listopadzie zaledwie 2,4 proc. rok do roku. <a href=\"https:\/\/businessinsider.com.pl\/gospodarka\/nowe-dane-o-inflacji-zaskakuja-takiej-sytuacji-nie-bylo-od-20-miesiecy\/fedsqw5\" id=\"218e742f-a4e3-432c-a191-ac9702a6beca\" rel=\"nofollow noopener\" target=\"_blank\">Jak podkre\u015bla Business Insider,<\/a> to najni\u017cszy wzrost cen od 20 miesi\u0119cy, czyli konkretnie od czerwca 2024 r.<\/p>\n<p>Dalszy ci\u0105g artyku\u0142u pod materia\u0142em wideo<\/p>\n<p> Jaka by\u0142a inflacja w listopadzie? <\/p>\n<p> Kiedy inflacja by\u0142a najni\u017csza w ostatnich miesi\u0105cach? <\/p>\n<p> Jakie by\u0142y prognozy analityk\u00f3w dotycz\u0105ce inflacji? <\/p>\n<p> Co powiedzia\u0142 Donald Tusk o \u015bwi\u0105tecznych zakupach? <\/p>\n<p class=\"ods-c-paragraph \">Analitycy prognozowali wzrost cen o 2,6 proc., wi\u0119c jest to spore zaskoczenie na plus. W skali miesi\u0105ca ceny wzros\u0142y o zaledwie 0,1 proc.<\/p>\n<p>Donald Tusk: \u015bwi\u0105teczne zakupy nie b\u0119d\u0105 ju\u017c cenowym horrorem<\/p>\n<p class=\"ods-c-paragraph \">Najnowsze wie\u015bci o inflacji skomentowa\u0142 we wpisie na portalu X Donald Tusk. <a href=\"https:\/\/wiadomosci.onet.pl\/kraj\/przytyk-tuska-w-strone-rzadow-pis-nie-trzeba-bylo-przebierac-sie-na-halloween\/mlywh9q\" id=\"e3d8ae1c-08ee-404a-be55-cfd22323dbe2\" rel=\"nofollow noopener\" target=\"_blank\">Premier regularnie &#8222;chwali si\u0119&#8221; danymi w tej kwestii<\/a>, nie szcz\u0119dz\u0105c przy tym przytyk\u00f3w w stron\u0119 PiS. Tak by\u0142o i tym razem.<\/p>\n<p class=\"ods-c-paragraph \">&#8222;Wiem, \u017ce to ju\u017c nudne, ale w listopadzie inflacja znowu ni\u017csza od prognoz: 2,4 procent. \u015awi\u0105teczne zakupy nie b\u0119d\u0105 ju\u017c cenowym horrorem, jak by\u0142o za rz\u0105d\u00f3w PiS&#8221; \u2014 napisa\u0142 Tusk.<\/p>\n","protected":false},"excerpt":{"rendered":"GUS poda\u0142 w pi\u0105tek tzw. szybki wska\u017anik inflacji za listopad. Inflacja CPI wynios\u0142a w listopadzie zaledwie 2,4 proc.&hellip;\n","protected":false},"author":2,"featured_media":122569,"comment_status":"","ping_status":"","sticky":false,"template":"","format":"standard","meta":{"footnotes":""},"categories":[16],"tags":[113,112,2834,212,2623,49,48,46,529,42,38,40,39,41,47],"class_list":{"0":"post-122568","1":"post","2":"type-post","3":"status-publish","4":"format-standard","5":"has-post-thumbnail","7":"category-biznes","8":"tag-biznes","9":"tag-business","10":"tag-ceny","11":"tag-donald_tusk","12":"tag-inflacja","13":"tag-kraj","14":"tag-nat_styl","15":"tag-omp","16":"tag-pis","17":"tag-pl","18":"tag-poland","19":"tag-polish","20":"tag-polska","21":"tag-polski","22":"tag-screening_general"},"share_on_mastodon":{"url":"https:\/\/pubeurope.com\/@pl\/115626977824028425","error":""},"_links":{"self":[{"href":"https:\/\/www.europesays.com\/pl\/wp-json\/wp\/v2\/posts\/122568","targetHints":{"allow":["GET"]}}],"collection":[{"href":"https:\/\/www.europesays.com\/pl\/wp-json\/wp\/v2\/posts"}],"about":[{"href":"https:\/\/www.europesays.com\/pl\/wp-json\/wp\/v2\/types\/post"}],"author":[{"embeddable":true,"href":"https:\/\/www.europesays.com\/pl\/wp-json\/wp\/v2\/users\/2"}],"replies":[{"embeddable":true,"href":"https:\/\/www.europesays.com\/pl\/wp-json\/wp\/v2\/comments?post=122568"}],"version-history":[{"count":0,"href":"https:\/\/www.europesays.com\/pl\/wp-json\/wp\/v2\/posts\/122568\/revisions"}],"wp:featuredmedia":[{"embeddable":true,"href":"https:\/\/www.europesays.com\/pl\/wp-json\/wp\/v2\/media\/122569"}],"wp:attachment":[{"href":"https:\/\/www.europesays.com\/pl\/wp-json\/wp\/v2\/media?parent=122568"}],"wp:term":[{"taxonomy":"category","embeddable":true,"href":"https:\/\/www.europesays.com\/pl\/wp-json\/wp\/v2\/categories?post=122568"},{"taxonomy":"post_tag","embeddable":true,"href":"https:\/\/www.europesays.com\/pl\/wp-json\/wp\/v2\/tags?post=122568"}],"curies":[{"name":"wp","href":"https:\/\/api.w.org\/{rel}","templated":true}]}}