{"id":122603,"date":"2025-11-28T11:25:09","date_gmt":"2025-11-28T11:25:09","guid":{"rendered":"https:\/\/www.europesays.com\/pl\/122603\/"},"modified":"2025-11-28T11:25:09","modified_gmt":"2025-11-28T11:25:09","slug":"jan-urban-o-telefonie-do-sebastiana-walukiewicza-jasniej-sie-nie-da-przeglad-sportowy-onet","status":"publish","type":"post","link":"https:\/\/www.europesays.com\/pl\/122603\/","title":{"rendered":"Jan Urban o telefonie do Sebastiana Walukiewicza. Ja\u015bniej si\u0119 nie da &#8211; Przegl\u0105d Sportowy Onet"},"content":{"rendered":"<ol>\n<li><a href=\"https:\/\/news.google.com\/rss\/articles\/CBMivAFBVV95cUxNWC1KWWoxVGRWUHF1dXVoQUQtVlVXeVRick1hU1MxS1hpdVkwR3RvZk5hLTJOWkxuUzJjX1hFT2ZZSEJSc1BSX19jOW9DTktuLWRYbzFCMGQwdkhYZTJuOUxkQklVaURjWjZYbERTSWpnWlBuQ1ptZGgyeTZCRS1BOWI0cUpCX05wWGMzNmxnWGlxMm9lZXRhbV9NdDJxRkRWeGNTVnJOeDA0V3BxcUZWRGFtWlk2cWVTdVoyRw?oc=5\" target=\"_blank\" rel=\"nofollow noopener\">Jan Urban o telefonie do Sebastiana Walukiewicza. Ja\u015bniej si\u0119 nie da<\/a>&nbsp;&nbsp;Przegl\u0105d Sportowy Onet<\/li>\n<li><a href=\"https:\/\/news.google.com\/rss\/articles\/CBMixwFBVV95cUxOSkc0bE9qc1Yzd1B5ZV93em1OaHpDNElwVlJ3bWNkQTdrVk5fdVMxd0owRzNkZjNWRm90TmFXQlgzX1JMdEN3X1RPaWlyMTFNS0hLdnRtXzJrZmZKdTVad0FDOEtTanNmZXU0cHBRV19LRnB6OG9EN3hHZXhhVDJ6dThDNDR3M2NxS0VwOXBQR2w1OWNOQy1DXzAxOXhPX3hBWXRYZmdnWmZxOWJjN1F6OGI5cmlmVzRtTmI5LUYtSS1NaTRRTUk40gHMAUFVX3lxTE9sMHhoN01xMU5oMHY3dVYxajJwZWt6dnIybmdBZWwtRGRqVGRlVl9jclNZeHVUczFkWTgyQlpFRVAwSTJvZllVS2RTaWk2LXRjX2czRm95TXRxc2tGTTlpMW9SOGlhUk84dk5EazFpX2VUYWdpRjg2WlRWaTdjM1VjYk15UFQ2eXNYYWxuU0ZGUS1XVE5oWURodi1FVTNyS1dQYllLc3VZVEY4VTk1SF9nd3VFdi1QbkRIQnZvVTk1VFdxY2dSLUpaUUpuLQ?oc=5\" target=\"_blank\" rel=\"nofollow noopener\">Zaskakuj\u0105ce kulisy niedosz\u0142ego powo\u0142ania reprezentanta Polski. &#8222;Mam nadziej\u0119, \u017ce na\u0142adowa\u0142 telefon&#8221;<\/a>&nbsp;&nbsp;sport.tvp.pl<\/li>\n<li><a href=\"https:\/\/news.google.com\/rss\/articles\/CBMi2gFBVV95cUxPRU9vbkZkcXNTVlFGOS1qZEsxSWdWOWpoclAtMmNESmhVS04taEVxZjUxczQ3bm0xd19SdnBteDg0MnhRMGRUNEM4NngtOHVsOHNHTTloMDVLeUx2dkpUdGRRN3lldktSOXhVWUJKVDk0VzdIanh0WUxlWFcxVmV0bWFLWmRDLXNTUk5aZ0pBekxDU1JBWUFITkVyV0piVFptOEliNTAwazhRbG9iek9PRzBrb1RQckxGOWNEUi1nTnJRelp5dVlnclJPU25DZ3JETzc0b0E3OTlrZw?oc=5\" target=\"_blank\" rel=\"nofollow noopener\">Kuriozalna sytuacja w reprezentacji Polski. Jan Urban potwierdzi\u0142, \u017ce to nie plotka<\/a>&nbsp;&nbsp;Dziennik.pl Sport<\/li>\n<li><a href=\"https:\/\/news.google.com\/rss\/articles\/CBMiwgFBVV95cUxQWVpJbUdGNFlobDdneHBKOHZXb0VEV3VoYzJrTnhmalhWSTJDVDlZVDFJNXNFYk80V18wRjB0MGU5WlgwRGIyMVZ6ajhHU215T0ktSl95azdoSXNpNFFHb3J0OUh0Qjc4SkE4LXJVNHpYYmZ0bHl6bmdlaDk5VUNUd2JOYmprS3BvWGJuSmV6T1BmMzg5dk1RdlZnYlRqVml2QVh3OWRTcHYxUTlOanA1ckpfZGI2dTRPZDZFeWJfaUo3dw?oc=5\" target=\"_blank\" rel=\"nofollow noopener\">Nie dosta\u0142 powo\u0142ania, bo nie odebra\u0142 telefonu? Urban skomentowa\u0142 g\u0142o\u015bn\u0105 spraw\u0119<\/a>&nbsp;&nbsp;Meczyki.pl<\/li>\n<li><a href=\"https:\/\/news.google.com\/rss\/articles\/CBMifEFVX3lxTE90RVpQbXJzTno4Q3RSODQ0TWRCSl9QeUdCZEJhZnBDNUdHUGZmWTNpTDBEVlJtRDRmdUxRMV8zc0ZQMnI2VzA4bmozS1FtUGF6REhVNTJLS1RIUWtyMVRsbGVfa0xOUV82M3lRQzR0RnE5VW1ZRjdZT2JQb1U?oc=5\" target=\"_blank\" rel=\"nofollow noopener\">Kuriozalny pow\u00f3d nieobecno\u015bci Walukiewicza na kadrze<\/a>&nbsp;&nbsp;weszlo.com<\/li>\n<\/ol>\n","protected":false},"excerpt":{"rendered":"Jan Urban o telefonie do Sebastiana Walukiewicza. Ja\u015bniej si\u0119 nie da&nbsp;&nbsp;Przegl\u0105d Sportowy Onet Zaskakuj\u0105ce kulisy niedosz\u0142ego powo\u0142ania reprezentanta&hellip;\n","protected":false},"author":2,"featured_media":122604,"comment_status":"","ping_status":"","sticky":false,"template":"","format":"standard","meta":{"footnotes":""},"categories":[24],"tags":[67,5169,8493,948,42,38,40,39,41,136,128,355,47,26180,127,135,126,130],"class_list":{"0":"post-122603","1":"post","2":"type-post","3":"status-publish","4":"format-standard","5":"has-post-thumbnail","7":"category-sport","8":"tag-intextvideo_splayer","9":"tag-jan_urban","10":"tag-kadra","11":"tag-pilka_nozna","12":"tag-pl","13":"tag-poland","14":"tag-polish","15":"tag-polska","16":"tag-polski","17":"tag-ps_detal_new","18":"tag-psv2","19":"tag-reprezentacja_polski","20":"tag-screening_general","21":"tag-sebastian_walukiewicz","22":"tag-sport","23":"tag-sport_sport","24":"tag-sports","25":"tag-wiadomosci_sportowe"},"share_on_mastodon":{"url":"https:\/\/pubeurope.com\/@pl\/115627079981563253","error":""},"_links":{"self":[{"href":"https:\/\/www.europesays.com\/pl\/wp-json\/wp\/v2\/posts\/122603","targetHints":{"allow":["GET"]}}],"collection":[{"href":"https:\/\/www.europesays.com\/pl\/wp-json\/wp\/v2\/posts"}],"about":[{"href":"https:\/\/www.europesays.com\/pl\/wp-json\/wp\/v2\/types\/post"}],"author":[{"embeddable":true,"href":"https:\/\/www.europesays.com\/pl\/wp-json\/wp\/v2\/users\/2"}],"replies":[{"embeddable":true,"href":"https:\/\/www.europesays.com\/pl\/wp-json\/wp\/v2\/comments?post=122603"}],"version-history":[{"count":0,"href":"https:\/\/www.europesays.com\/pl\/wp-json\/wp\/v2\/posts\/122603\/revisions"}],"wp:featuredmedia":[{"embeddable":true,"href":"https:\/\/www.europesays.com\/pl\/wp-json\/wp\/v2\/media\/122604"}],"wp:attachment":[{"href":"https:\/\/www.europesays.com\/pl\/wp-json\/wp\/v2\/media?parent=122603"}],"wp:term":[{"taxonomy":"category","embeddable":true,"href":"https:\/\/www.europesays.com\/pl\/wp-json\/wp\/v2\/categories?post=122603"},{"taxonomy":"post_tag","embeddable":true,"href":"https:\/\/www.europesays.com\/pl\/wp-json\/wp\/v2\/tags?post=122603"}],"curies":[{"name":"wp","href":"https:\/\/api.w.org\/{rel}","templated":true}]}}