{"id":122655,"date":"2025-11-28T11:59:08","date_gmt":"2025-11-28T11:59:08","guid":{"rendered":"https:\/\/www.europesays.com\/pl\/122655\/"},"modified":"2025-11-28T11:59:08","modified_gmt":"2025-11-28T11:59:08","slug":"burza-po-decyzji-karola-nawrockiego-to-po-prostu-uderzanie-w-panstwo","status":"publish","type":"post","link":"https:\/\/www.europesays.com\/pl\/122655\/","title":{"rendered":"Burza po decyzji Karola Nawrockiego. &#8222;To po prostu uderzanie w pa\u0144stwo&#8221;"},"content":{"rendered":"<ul class=\"UnorderedList_container__nmfSl\">\n<li class=\"UnorderedList_listElement__Py7xi\" data-id=\"ai-summary-link\">Du\u017co czytania, a ma\u0142o czasu? Sprawd\u017a\u00a0skr\u00f3t\u00a0artyku\u0142u<\/li>\n<\/ul>\n<p class=\"Paragraph_desktopParagraph__U31Gm\"><a href=\"https:\/\/wiadomosci.onet.pl\/karol-nawrocki-prezydent\" id=\"2968e735-64e5-4187-bf3c-48b281237091\" rel=\"nofollow noopener\" target=\"_blank\">Karol Nawrocki<\/a> zablokowa\u0142 nominacje na pierwszy stopie\u0144 oficerski 136 przysz\u0142ych oficer\u00f3w S\u0142u\u017cby Kontrwywiadu Wojskowego i Agencji Bezpiecze\u0144stwa Wewn\u0119trznego. Jak w czwartek poda\u0142 portal TVN24, <a href=\"https:\/\/wiadomosci.onet.pl\/kraj\/kolejna-odmowa-prezydenta-dotyczaca-sluzb-chodzi-o-odznaczenia\/r59xm1z\" id=\"6488bf73-f0a0-428f-a26e-272c861281aa\" rel=\"nofollow noopener\" target=\"_blank\">decyzja prezydenta nie ograniczy\u0142a si\u0119 wy\u0142\u0105cznie do zablokowania tych awans\u00f3w.<\/a> Prezydent odm\u00f3wi\u0142 r\u00f3wnie\u017c podpisania wniosk\u00f3w o odznaczenia i ordery dla funkcjonariuszy s\u0142u\u017cb specjalnych.<\/p>\n<p class=\"VideoPlayerText_videoPlayerText__iDwyz\">Dalszy ci\u0105g materia\u0142u pod wideo<\/p>\n<ul class=\"OchatFollowUps_wrapper__1ry7X\">\n<li class=\"OchatFollowUps_item__Dhyly OchatFollowUps_itemDesktop__R6aBv\">Dlaczego prezydent Nawrocki zablokowa\u0142 awanse funkcjonariuszy?<\/li>\n<li class=\"OchatFollowUps_item__Dhyly OchatFollowUps_itemDesktop__R6aBv\">Jakie odznaczenia nie zosta\u0142y przyznane funkcjonariuszom?<\/li>\n<li class=\"OchatFollowUps_item__Dhyly OchatFollowUps_itemDesktop__R6aBv\">Co powiedzia\u0142 Tomasz Siemoniak o decyzjach prezydenta?<\/li>\n<li class=\"OchatFollowUps_item__Dhyly OchatFollowUps_itemDesktop__R6aBv\">Jakie emocje wywo\u0142a\u0142y decyzje prezydenta w rz\u0105dzie?<\/li>\n<\/ul>\n<p>Prezydent Karol Nawrocki odm\u00f3wi\u0142 wr\u0119czenia odznacze\u0144. Tomasz Siemoniak ostro reaguje <\/p>\n<p class=\"Paragraph_desktopParagraph__U31Gm\">Do tych decyzji odni\u00f3s\u0142 si\u0119 na platformie X minister koordynator s\u0142u\u017cb specjalnych Tomasz Siemoniak.<\/p>\n<blockquote>\n<p class=\"Paragraph_desktopParagraph__U31Gm\">Nie rozumiem i nikt nie rozumie, jak prezydent mo\u017ce uderza\u0107 w funkcjonariuszy s\u0142u\u017cb specjalnych. Oni strzeg\u0105 naszego bezpiecze\u0144stwa. Nie s\u0105 z \u017cadnej partii<\/p>\n<\/blockquote>\n<p class=\"Paragraph_desktopParagraph__U31Gm\">\u2014 napisa\u0142 Tomasz Siemoniak, dodaj\u0105c, \u017ce takie decyzje prezydenta Karola Nawrockiego s\u0105 &#8222;uderzaniem w pa\u0144stwo&#8221;.<\/p>\n<p class=\"Paragraph_desktopParagraph__U31Gm\">Tomasz Siemoniak pod swoim wpisem udost\u0119pni\u0142 r\u00f3wnie\u017c post premiera Donalda Tuska, w kt\u00f3rym polityk stwierdzi\u0142, \u017ce tego typu decyzjami prezydent nie tylko &#8222;pr\u00f3buje przej\u0105\u0107 kompetencje rz\u0105du&#8221;.<\/p>\n<blockquote>\n<p class=\"Paragraph_desktopParagraph__U31Gm\">To sabota\u017c wymierzony w bezpiecze\u0144stwo pa\u0144stwa!<\/p>\n<\/blockquote>\n<p class=\"Paragraph_desktopParagraph__U31Gm\">\u2014 stwierdzi\u0142 Donald Tusk.<\/p>\n<p class=\"Paragraph_desktopParagraph__U31Gm\"><a href=\"https:\/\/wiadomosci.onet.pl\/kraj\/karol-nawrocki-odmowil-wreczenia-odznaczen-reakcja-tomasza-siemoniaka\/8ydsh0y\" id=\"70785c20-f269-48a6-86ec-5a8b6d225786\" rel=\"nofollow noopener\" target=\"_blank\">Wcze\u015bniej Tomasz Siemoniak m\u00f3wi\u0142, \u017ce bardzo mocno ubolewa nad tymi decyzjami Karola Nawrockiego.<\/a><\/p>\n<blockquote>\n<p class=\"Paragraph_desktopParagraph__U31Gm\">Wiem, jakie to poruszenie wywo\u0142uje w s\u0142u\u017cbie. Prezydent uderza w tych ludzi, kt\u00f3rzy s\u0105 na pierwszej linii frontu w\u0142a\u015bciwie bez \u017cadnego uzasadnienia. Mam nadziej\u0119, \u017ce nast\u0105pi jaki\u015b rodzaj opami\u0119tania w tych kwestiach<\/p>\n<\/blockquote>\n<p class=\"Paragraph_desktopParagraph__U31Gm\">\u2014 stwierdzi\u0142 w czwartek Tomasz Siemoniak.<\/p>\n<p>Prezydent Karol Nawrocki odm\u00f3wi\u0142 wr\u0119czenia odznacze\u0144. O co chodzi? <\/p>\n<p class=\"Paragraph_desktopParagraph__U31Gm\">Tu\u017c przed 11 listopada premier Donald Tusk ujawni\u0142, \u017ce prezydent Karol Nawrocki zablokowa\u0142 nominacje na pierwszy stopie\u0144 oficerski 136 przysz\u0142ych oficer\u00f3w s\u0142u\u017cb. Listy z nazwiskami funkcjonariuszy wyznaczonych do mianowania na pierwszy stopie\u0144 oficerski na biurku prezydenta le\u017ca\u0142y od lipca (SKW 40 nazwisk) i wrze\u015bnia (ABW 96 nazwisk). Jak wynika z informacji portalu TVN24, prezydent odm\u00f3wi\u0142 r\u00f3wnie\u017c podpisania &#8222;solidnie umotywowanych wniosk\u00f3w o odznaczenia i ordery&#8221;<\/p>\n<blockquote>\n<p class=\"Paragraph_desktopParagraph__U31Gm\">ABW skierowa\u0142a do prezydenta Karola Nawrockiego 130 wniosk\u00f3w dotycz\u0105cych odznacze\u0144. \u017baden z nich nie uzyska\u0142 akceptacji. Doprawdy nikt nie jest w stanie tego zrozumie\u0107<\/p>\n<\/blockquote>\n<p class=\"Paragraph_desktopParagraph__U31Gm\">\u2014 stwierdzi\u0142 rzecznik prasowy ministra koordynatora s\u0142u\u017cb specjalnych Jacek Dobrzy\u0144ski cytowany przez portal TVN24.<\/p>\n","protected":false},"excerpt":{"rendered":"Du\u017co czytania, a ma\u0142o czasu? Sprawd\u017a\u00a0skr\u00f3t\u00a0artyku\u0142u Karol Nawrocki zablokowa\u0142 nominacje na pierwszy stopie\u0144 oficerski 136 przysz\u0142ych oficer\u00f3w S\u0142u\u017cby&hellip;\n","protected":false},"author":2,"featured_media":122656,"comment_status":"","ping_status":"","sticky":false,"template":"","format":"standard","meta":{"footnotes":""},"categories":[5],"tags":[166,20686,32,33,36,37,27,67,240,34,35,28,31,53,25,25896,52,68,51,26188,55,42,38,40,39,41,47,9910,1246,29,30,65,50,26],"class_list":{"0":"post-122655","1":"post","2":"type-post","3":"status-publish","4":"format-standard","5":"has-post-thumbnail","7":"category-naglowki","8":"tag-abw_agencja_bezpieczenstwa_wewnetrznego","9":"tag-awans","10":"tag-breaking-news","11":"tag-breakingnews","12":"tag-featured-news","13":"tag-featurednews","14":"tag-headlines","15":"tag-intextvideo_splayer","16":"tag-karol_nawrocki_prezydent","17":"tag-latest-news","18":"tag-latestnews","19":"tag-naglowki","20":"tag-najwazniejsze-artykuly","21":"tag-new_header","22":"tag-news","23":"tag-odznaczenie","24":"tag-onet3","25":"tag-onet3d","26":"tag-onet3d_2i","27":"tag-ordery","28":"tag-phx","29":"tag-pl","30":"tag-poland","31":"tag-polish","32":"tag-polska","33":"tag-polski","34":"tag-screening_general","35":"tag-sluzby_specjalne","36":"tag-tomasz_siemoniak","37":"tag-top-stories","38":"tag-topstories","39":"tag-update_me","40":"tag-v2021","41":"tag-wiadomosci"},"share_on_mastodon":{"url":"","error":"Validation failed: Text character limit of 500 exceeded"},"_links":{"self":[{"href":"https:\/\/www.europesays.com\/pl\/wp-json\/wp\/v2\/posts\/122655","targetHints":{"allow":["GET"]}}],"collection":[{"href":"https:\/\/www.europesays.com\/pl\/wp-json\/wp\/v2\/posts"}],"about":[{"href":"https:\/\/www.europesays.com\/pl\/wp-json\/wp\/v2\/types\/post"}],"author":[{"embeddable":true,"href":"https:\/\/www.europesays.com\/pl\/wp-json\/wp\/v2\/users\/2"}],"replies":[{"embeddable":true,"href":"https:\/\/www.europesays.com\/pl\/wp-json\/wp\/v2\/comments?post=122655"}],"version-history":[{"count":0,"href":"https:\/\/www.europesays.com\/pl\/wp-json\/wp\/v2\/posts\/122655\/revisions"}],"wp:featuredmedia":[{"embeddable":true,"href":"https:\/\/www.europesays.com\/pl\/wp-json\/wp\/v2\/media\/122656"}],"wp:attachment":[{"href":"https:\/\/www.europesays.com\/pl\/wp-json\/wp\/v2\/media?parent=122655"}],"wp:term":[{"taxonomy":"category","embeddable":true,"href":"https:\/\/www.europesays.com\/pl\/wp-json\/wp\/v2\/categories?post=122655"},{"taxonomy":"post_tag","embeddable":true,"href":"https:\/\/www.europesays.com\/pl\/wp-json\/wp\/v2\/tags?post=122655"}],"curies":[{"name":"wp","href":"https:\/\/api.w.org\/{rel}","templated":true}]}}