{"id":122712,"date":"2025-11-28T12:33:09","date_gmt":"2025-11-28T12:33:09","guid":{"rendered":"https:\/\/www.europesays.com\/pl\/122712\/"},"modified":"2025-11-28T12:33:09","modified_gmt":"2025-11-28T12:33:09","slug":"nowa-moda-w-warszawie-oto-co-deweloperzy-robia-z-mieszkaniami-wp-finanse","status":"publish","type":"post","link":"https:\/\/www.europesays.com\/pl\/122712\/","title":{"rendered":"Nowa moda w Warszawie. Oto co deweloperzy robi\u0105 z mieszkaniami &#8211; WP Finanse"},"content":{"rendered":"<ol>\n<li><a href=\"https:\/\/news.google.com\/rss\/articles\/CBMiowFBVV95cUxOUmdKVGg5a0ZUT0FWNDJyalY1LURlZGFTd3daOWEyVENobG9Fck9RNjB2SmFyU0IxNzBCNDcwM2N1MUVhTTN2Y1dHUHowY0tmU1dWYjMwZ2ZXcDJ5bzd5WUI0RkIxU1d3MHc2SGR3YWJjSEpNbm1tbTJIdG1Cc2lUOVpnU2MxbDJrUTd2a21YUGxFVF9NcmlDczhPQkN2UVp2WnZN?oc=5\" target=\"_blank\" rel=\"nofollow noopener\">Nowa moda w Warszawie. Oto co deweloperzy robi\u0105 z mieszkaniami<\/a>&nbsp;&nbsp;WP Finanse<\/li>\n<li><a href=\"https:\/\/news.google.com\/rss\/articles\/CBMiugFBVV95cUxOOXFhV2gtYnFxMl9wS0p4VVRNRTN2X0Vlb0ctdFZDaG5pWkQ3X1FEbFRnQzBEZ1JlTUtlU2RYdG5OVUctSmxFX3NVWFlBTWlyMGxJdzNhQUtXcGxsd01SMGloRjVJdmRSR0tWX1MwVmZseTRfN29ZWGFYUHh3SkNmTHJHZ2w1SE1scENRdVlvT0x2SG1OYjBTa2EyZmw2U01XeDFVTkVFLVpqdzFRd3hBa0stRnp5WGFvRlE?oc=5\" target=\"_blank\" rel=\"nofollow noopener\">Deweloperskie mieszkanie kompaktowe jak za Gomu\u0142ki. Pok\u00f3j ma pi\u0119\u0107 metr\u00f3w kwadratowych<\/a>&nbsp;&nbsp;Warszawa.Wyborcza.pl<\/li>\n<li><a href=\"https:\/\/news.google.com\/rss\/articles\/CBMirAFBVV95cUxOanVxZTJhTnZNOUlJSUIyVmhGQ2JJXzJWS0hIQUNMajlnWENpRWl5Y3NaN0R0SDg0M2k1TTRxeGNUNm5mRUNCRW1OOFJfVVRIVWZFOEpLaGNUVGpzV05GTE5LZWZnd0VHaE9RQkJKTVB1ZTdFWUd5Wk01eGc4QzkwcnRkVHU3Nk5wUXh0TEV1SkVzYVQ5cW5EVkNocXhEOTRXT2JyRFdiN1l3V1pL?oc=5\" target=\"_blank\" rel=\"nofollow noopener\">Mieszkania jak z &#8222;Kingsajzu&#8221;. Deweloperzy znale\u017ali nowy spos\u00f3b na zarobek<\/a>&nbsp;&nbsp;Fakt<\/li>\n<li><a href=\"https:\/\/news.google.com\/rss\/articles\/CBMitAFBVV95cUxNempOektmU2E0OFpmV0o0NlNaMjNjR2xzRHM1eFdHcmJxdHlfNktyaW9HNG5ScVhZeXoyZldfdDRKSjBjRXdmbEhrS0x6VDUyREpFdGJBeVN1RV90X00zZnI1czJ4ckZZam1wNEt2bHRpMGZreXZnYm9aSkdFVFpwR2VqdnYwUXh3VE0xMXF6SzAyV2lKVDBFYU9aTlBLb3d2bzhqNkJsUlYzZF9ObndqNXBKUnI?oc=5\" target=\"_blank\" rel=\"nofollow noopener\">Deweloperzy id\u0105 w mniejsze mieszkania. Klienci szukaj\u0105 wi\u0119kszych<\/a>&nbsp;&nbsp;PropertyNews.pl<\/li>\n<li><a href=\"https:\/\/news.google.com\/rss\/articles\/CBMiwgFBVV95cUxPU3YwZ0pWY3diMVdwREloWHpuZ0I3TXY4amNjN0s5R2d0X0tqVTJ1TlR1NHZ2UkNfck1lZ054dkw1Z1M0WU5IUFR6MVZZbE90QW5adUV6bnhNUWIzR1djVkxoR29BdnM0R2pCQmhPTmlSUFFVY3F5cEs5UjZjcTJDTDdUMG5LcHRteHhZdUp1akcxQVZScklLbEczZFYxNEdvTm5qTVBsdFBKT19LZVBYUlJjQWs2U3NiMEVwb1JSM1Jadw?oc=5\" target=\"_blank\" rel=\"nofollow noopener\">Czy w nowych inwestycjach projektowane s\u0105 bardziej przyst\u0119pne, kompaktowe mieszkania<\/a>&nbsp;&nbsp;Centrumpr.pl<\/li>\n<\/ol>\n","protected":false},"excerpt":{"rendered":"Nowa moda w Warszawie. Oto co deweloperzy robi\u0105 z mieszkaniami&nbsp;&nbsp;WP Finanse Deweloperskie mieszkanie kompaktowe jak za Gomu\u0142ki. Pok\u00f3j&hellip;\n","protected":false},"author":2,"featured_media":122713,"comment_status":"","ping_status":"","sticky":false,"template":"","format":"standard","meta":{"footnotes":""},"categories":[16],"tags":[113,112,42,38,40,39,41],"class_list":{"0":"post-122712","1":"post","2":"type-post","3":"status-publish","4":"format-standard","5":"has-post-thumbnail","7":"category-biznes","8":"tag-biznes","9":"tag-business","10":"tag-pl","11":"tag-poland","12":"tag-polish","13":"tag-polska","14":"tag-polski"},"share_on_mastodon":{"url":"https:\/\/pubeurope.com\/@pl\/115627347367330966","error":""},"_links":{"self":[{"href":"https:\/\/www.europesays.com\/pl\/wp-json\/wp\/v2\/posts\/122712","targetHints":{"allow":["GET"]}}],"collection":[{"href":"https:\/\/www.europesays.com\/pl\/wp-json\/wp\/v2\/posts"}],"about":[{"href":"https:\/\/www.europesays.com\/pl\/wp-json\/wp\/v2\/types\/post"}],"author":[{"embeddable":true,"href":"https:\/\/www.europesays.com\/pl\/wp-json\/wp\/v2\/users\/2"}],"replies":[{"embeddable":true,"href":"https:\/\/www.europesays.com\/pl\/wp-json\/wp\/v2\/comments?post=122712"}],"version-history":[{"count":0,"href":"https:\/\/www.europesays.com\/pl\/wp-json\/wp\/v2\/posts\/122712\/revisions"}],"wp:featuredmedia":[{"embeddable":true,"href":"https:\/\/www.europesays.com\/pl\/wp-json\/wp\/v2\/media\/122713"}],"wp:attachment":[{"href":"https:\/\/www.europesays.com\/pl\/wp-json\/wp\/v2\/media?parent=122712"}],"wp:term":[{"taxonomy":"category","embeddable":true,"href":"https:\/\/www.europesays.com\/pl\/wp-json\/wp\/v2\/categories?post=122712"},{"taxonomy":"post_tag","embeddable":true,"href":"https:\/\/www.europesays.com\/pl\/wp-json\/wp\/v2\/tags?post=122712"}],"curies":[{"name":"wp","href":"https:\/\/api.w.org\/{rel}","templated":true}]}}