{"id":122714,"date":"2025-11-28T12:35:09","date_gmt":"2025-11-28T12:35:09","guid":{"rendered":"https:\/\/www.europesays.com\/pl\/122714\/"},"modified":"2025-11-28T12:35:09","modified_gmt":"2025-11-28T12:35:09","slug":"tlumy-na-pogrzebie-polskiej-milionerki-kosciol-zapelnily-balony","status":"publish","type":"post","link":"https:\/\/www.europesays.com\/pl\/122714\/","title":{"rendered":"T\u0142umy na pogrzebie polskiej milionerki. Ko\u015bci\u00f3\u0142 zape\u0142ni\u0142y balony"},"content":{"rendered":"<p>Kobiet\u0119 i\u00a0dziecko \u017cegna\u0142y prawdziwe t\u0142umy. Gdy tylko rozpocz\u0105\u0142 si\u0119 r\u00f3\u017caniec, ko\u015bci\u00f3\u0142 by\u0142 wype\u0142niony po brzegi. <\/p>\n<p>Na pogrzebie tragicznie zmar\u0142ych pojawili si\u0119 nie tylko znajomi, rodzina, ale tak\u017ce s\u0105siedzi i\u00a0ludzie, kt\u00f3rzy wsp\u00f3\u0142pracowali z\u00a0Rupi\u0144sk\u0105. Os\u00f3b, kt\u00f3re poruszy\u0142a tragedia, by\u0142o tak du\u017co, \u017ce nie zmie\u015bcili si\u0119 w\u00a0ko\u015bciele.<\/p>\n<p>Szko\u0142a dla ksi\u0119\u017cy. Co\u00a0naprawd\u0119 dzia\u0142o si\u0119 w\u00a0pierwszych seminariach duchownych w\u00a0Polsce? <\/p>\n<p>Wiele os\u00f3b sta\u0142o na placu przed \u015bwi\u0105tyni\u0105 z\u00a0balonami, kt\u00f3re przyniesiono zamiast kwiat\u00f3w na pro\u015bb\u0119 rodziny.\u00a0<\/p>\n<p>&#8211; Niech ta uroczysto\u015b\u0107 pogrzebowa b\u0119dzie dla nas wszystkich czasem osobistej refleksji, za czym d\u0105\u017cymy i\u00a0czy jeste\u015bmy w\u00a0ka\u017cdej chwili gotowi stan\u0105\u0107 przed Panem &#8211;\u00a0m\u00f3wi\u0142 ksi\u0105dz odprawiaj\u0105cy msz\u0119.\u00a0<\/p>\n<p>W ceremonii uczestniczy biskup \u0142om\u017cy\u0144ski Janusz Stepnowski.<\/p>\n<p>&#8222;Informacje odno\u015bnie do przyczyny zgonu podamy dopiero po uzyskaniu opinii bieg\u0142ego patomorfologa. Trzeba przeprowadzi\u0107 dodatkowe badania, dlatego pe\u0142na informacja b\u0119dzie dost\u0119pna po uzyskaniu opinii bieg\u0142ego&#8221; &#8211;\u00a0przekaza\u0142a Wirtualnej Polsce Katarzyna Wankiewicz z\u00a0Prokuratury Rejonowej w\u00a0Zambrowie.<\/p>\n<p>Prokuratura oczekuje tak\u017ce na ekspertyz\u0119 z\u00a0zakresu po\u017carnictwa. &#8222;Zostanie ona wydana po tym, jak zebrana zostanie ca\u0142o\u015b\u0107 materia\u0142\u00f3w. Prokurator prowadz\u0105cy spraw\u0119 b\u0119dzie analizowa\u0142 materia\u0142 dowodowy i\u00a0je\u017celi uzna, \u017ce nale\u017cy go uzupe\u0142ni\u0107, to b\u0119dzie w\u00a0tym zakresie podejmowa\u0142 decyzj\u0119&#8221; &#8211;\u00a0powiedzia\u0142a.<\/p>\n<p>Wst\u0119pne ustalenia dotycz\u0105ce zarzewia ognia Wankiewicz przedstawi\u0142a w\u00a0poniedzia\u0142ek w\u00a0rozmowie z\u00a0Wirtualn\u0105 Polsk\u0105. &#8222;W rogu pokoju sta\u0142o urz\u0105dzenie elektryczne, kt\u00f3re ca\u0142kowicie si\u0119 stopi\u0142o. Mo\u017cemy zak\u0142ada\u0107, \u017ce to ono by\u0142o zarzewiem ognia. Raczej by\u0142 to nawil\u017cacz powietrza. Natomiast czy to by\u0142a wina tego urz\u0105dzenia, czy pod\u0142\u0105czenia, to sprawdzi bieg\u0142y&#8221; &#8211;\u00a0m\u00f3wi\u0142a.<\/p>\n<p>Z ustale\u0144 wynika, \u017ce babcia z\u00a0wnuczkiem spali w\u00a0pokoju na pi\u0119trze, a\u00a0drzwi by\u0142y zamkni\u0119te. W\u00a0tym samym budynku przebywali pozostali cz\u0142onkowie rodziny. Gdy zauwa\u017cyli po\u017car, m\u0105\u017c 54-latki i\u00a0jej syn wynie\u015bli z\u00a0pomieszczenia kobiet\u0119 oraz dziecko. Kobieta mia\u0142a poparzone r\u0119ce. Jej \u017cycia nie uda\u0142o si\u0119 uratowa\u0107. 2-latek trafi\u0142 do szpitala, gdzie zmar\u0142.<\/p>\n<p>Mateusz Dolak i\u00a0Kamila Gurgul, dziennikarze Wirtualnej Polski<\/p>\n","protected":false},"excerpt":{"rendered":"Kobiet\u0119 i\u00a0dziecko \u017cegna\u0142y prawdziwe t\u0142umy. Gdy tylko rozpocz\u0105\u0142 si\u0119 r\u00f3\u017caniec, ko\u015bci\u00f3\u0142 by\u0142 wype\u0142niony po brzegi. Na pogrzebie tragicznie&hellip;\n","protected":false},"author":2,"featured_media":122715,"comment_status":"","ping_status":"","sticky":false,"template":"","format":"standard","meta":{"footnotes":""},"categories":[12],"tags":[32,33,36,37,27,34,35,28,31,25,42,38,40,39,41,29,30,26],"class_list":{"0":"post-122714","1":"post","2":"type-post","3":"status-publish","4":"format-standard","5":"has-post-thumbnail","7":"category-polska","8":"tag-breaking-news","9":"tag-breakingnews","10":"tag-featured-news","11":"tag-featurednews","12":"tag-headlines","13":"tag-latest-news","14":"tag-latestnews","15":"tag-naglowki","16":"tag-najwazniejsze-artykuly","17":"tag-news","18":"tag-pl","19":"tag-poland","20":"tag-polish","21":"tag-polska","22":"tag-polski","23":"tag-top-stories","24":"tag-topstories","25":"tag-wiadomosci"},"share_on_mastodon":{"url":"https:\/\/pubeurope.com\/@pl\/115627355296103340","error":""},"_links":{"self":[{"href":"https:\/\/www.europesays.com\/pl\/wp-json\/wp\/v2\/posts\/122714","targetHints":{"allow":["GET"]}}],"collection":[{"href":"https:\/\/www.europesays.com\/pl\/wp-json\/wp\/v2\/posts"}],"about":[{"href":"https:\/\/www.europesays.com\/pl\/wp-json\/wp\/v2\/types\/post"}],"author":[{"embeddable":true,"href":"https:\/\/www.europesays.com\/pl\/wp-json\/wp\/v2\/users\/2"}],"replies":[{"embeddable":true,"href":"https:\/\/www.europesays.com\/pl\/wp-json\/wp\/v2\/comments?post=122714"}],"version-history":[{"count":0,"href":"https:\/\/www.europesays.com\/pl\/wp-json\/wp\/v2\/posts\/122714\/revisions"}],"wp:featuredmedia":[{"embeddable":true,"href":"https:\/\/www.europesays.com\/pl\/wp-json\/wp\/v2\/media\/122715"}],"wp:attachment":[{"href":"https:\/\/www.europesays.com\/pl\/wp-json\/wp\/v2\/media?parent=122714"}],"wp:term":[{"taxonomy":"category","embeddable":true,"href":"https:\/\/www.europesays.com\/pl\/wp-json\/wp\/v2\/categories?post=122714"},{"taxonomy":"post_tag","embeddable":true,"href":"https:\/\/www.europesays.com\/pl\/wp-json\/wp\/v2\/tags?post=122714"}],"curies":[{"name":"wp","href":"https:\/\/api.w.org\/{rel}","templated":true}]}}