{"id":122724,"date":"2025-11-28T12:42:07","date_gmt":"2025-11-28T12:42:07","guid":{"rendered":"https:\/\/www.europesays.com\/pl\/122724\/"},"modified":"2025-11-28T12:42:07","modified_gmt":"2025-11-28T12:42:07","slug":"bedzie-kolejne-weto-karola-nawrockiego-podejme-decyzje-nie-godzac-sie-na-cenzure","status":"publish","type":"post","link":"https:\/\/www.europesays.com\/pl\/122724\/","title":{"rendered":"B\u0119dzie kolejne weto Karola Nawrockiego? &#8222;Podejm\u0119 decyzj\u0119, nie godz\u0105c si\u0119 na cenzur\u0119&#8221;"},"content":{"rendered":"<p class=\"ods-c-paragraph \">Prezydent spotka\u0142 si\u0119 w pi\u0105tek z uczestnikami Kongresu M\u0142odych Konserwatyst\u00f3w, kt\u00f3ry odbywa si\u0119 w Lublinie. Odni\u00f3s\u0142 si\u0119 m.in. do uchwalonej tydzie\u0144 temu przez Sejm nowelizacji ustawy o \u015bwiadczeniu us\u0142ug drog\u0105 elektroniczn\u0105, kt\u00f3ra pozwoli blokowa\u0107 nielegalne tre\u015bci w internecie. Zak\u0142ada ona, \u017ce prezesi Urz\u0119du Komunikacji Elektronicznej oraz Krajowej Rady Radiofonii i telewizji b\u0119d\u0105 mogli decydowa\u0107 o usuni\u0119ciu tre\u015bci internetowych dotycz\u0105cych 27 czyn\u00f3w zabronionych. Regulacja ma dostosowa\u0107 polskie prawo do unijnego Aktu o us\u0142ugach cyfrowych (DSA).<\/p>\n<p>Dalszy ci\u0105g artyku\u0142u pod materia\u0142em wideo<\/p>\n<p> Jakie s\u0105 g\u0142\u00f3wne obawy Karola Nawrockiego dotycz\u0105ce nowej ustawy? <\/p>\n<p> Co prezydent s\u0105dzi o cenzurze w internecie? <\/p>\n<p> Jakie tre\u015bci b\u0119d\u0105 blokowane wed\u0142ug nowelizacji ustawy? <\/p>\n<p> Kto sprawuje nadz\u00f3r nad stosowaniem unijnego Aktu o us\u0142ugach cyfrowych w Polsce? <\/p>\n<p class=\"ods-c-paragraph \">Nawrocki zastrzeg\u0142, \u017ce stara si\u0119 nie m\u00f3wi\u0107 wcze\u015bniej o tym, jak\u0105 decyzj\u0119 podejmie w sprawie ustaw, tym bardziej \u017ce w przypadku tej konkretnej prace jeszcze si\u0119 nie zako\u0144czy\u0142y. Jednocze\u015bnie oceni\u0142, \u017ce cz\u0119sto ustawy, kt\u00f3re trafiaj\u0105 na jego biurko, s\u0105 &#8222;nadregulacjami&#8221; przepis\u00f3w unijnych.<\/p>\n<p>   B\u0119dzie kolejne weto Karola Nawrockiego? &#8222;Podejm\u0119 decyzj\u0119, nie godz\u0105c si\u0119 na cenzur\u0119&#8221;<\/p>\n<p class=\"ods-c-paragraph \">Prezydent stwierdzi\u0142, \u017ce Polacy s\u0105 narodem przywi\u0105zanym do wolno\u015bci, tymczasem \u2014 jak oceni\u0142 \u2014 nowelizacja ustawy o \u015bwiadczeniu us\u0142ug drog\u0105 elektroniczn\u0105 d\u0105\u017cy do &#8222;zabierania Polakom mo\u017cliwo\u015bci dzielenia si\u0119 swoimi opiniami w internecie&#8221;.<\/p>\n<p class=\"ods-c-paragraph \">\u2014 To jest ch\u0119\u0107 wprowadzenia g\u0142\u0119bokiej nadregulacji i zabrania g\u0142osu wielu z was, kt\u00f3rzy pod imieniem i nazwiskiem dziel\u0105 si\u0119 swoimi opiniami, kt\u00f3re by\u0107 mo\u017ce nie s\u0105 mainstreamem, by\u0107 mo\u017ce kto\u015b si\u0119 z nimi nie zgadza \u2014 uwa\u017ca prezydent.<\/p>\n<p class=\"ods-c-paragraph \">Doda\u0142, \u017ce cz\u0119\u015b\u0107 z katalogu 27 czyn\u00f3w zabronionych, kt\u00f3re s\u0105 podstaw\u0105 do usuni\u0119cia tre\u015bci z internetu, jest zasadna. \u2014 Jestem zdecydowanym przeciwnikiem tego, aby nadu\u017cywa\u0107 wizerunku os\u00f3b do tego, \u017ceby promowa\u0107 jakie\u015b oferty komercyjne, szczeg\u00f3lnie je\u015bli to nie jest zgodne ze stanowiskiem tych os\u00f3b. Jestem przeciwny temu, aby w internecie mo\u017cna by\u0142o promowa\u0107 handel lud\u017ami \u2014 podkre\u015bli\u0142 prezydent.<\/p>\n<p class=\"ods-c-paragraph \">Jednocze\u015bnie wyrazi\u0142 zastrze\u017cenie, \u017ce decyzja &#8222;o tym, co jest prawid\u0142owe, a co jest nieprawid\u0142owe&#8221; ma nale\u017ce\u0107 do urz\u0119dnika, wskazanego przez premiera, niezale\u017cnie od tego, kto nim jest.<\/p>\n<p class=\"ods-c-paragraph \">\u2014 Zastanawiam si\u0119, czy jest zgodne z polityk\u0105 platform cyfrowych albo rz\u0105du to, aby m\u00f3wi\u0107 wprost, \u017ce ma\u0142\u017ce\u0144stwo jest zwi\u0105zkiem kobiety i m\u0119\u017cczyzny zgodnie z polsk\u0105 konstytucj\u0105. Czy jest zgodne poruszanie si\u0119 w przestrzeni internetowej z has\u0142ami, w kt\u00f3rych jest p\u0142e\u0107 \u017ce\u0144ska i jest p\u0142e\u0107 m\u0119ska? Ja nie wiem, kto b\u0119dzie decydowa\u0142 o wciskaniu guzika, co jest prawid\u0142owe, a co nie jest prawid\u0142owe, wi\u0119c takie zagro\u017cenia wok\u00f3\u0142 tej ustawy widz\u0119 jako cz\u0142owiek g\u0142\u0119boko przywi\u0105zany do wolno\u015bci \u2014 powiedzia\u0142 Nawrocki.<\/p>\n<p class=\"ods-c-paragraph \">Jego zdaniem, &#8222;\u017ceby zacz\u0105\u0107 cenzur\u0119 w internecie, nale\u017cy najpierw uporz\u0105dkowa\u0107 kwestie publicznych organ\u00f3w, instytucji, telewizji publicznej, kt\u00f3re nie mog\u0105 dezinformowa\u0107&#8221;. Oceni\u0142, \u017ce telewizja publiczna i stacje komercyjne cz\u0119sto dezinformuj\u0105 m.in. na jego temat.<\/p>\n<p class=\"ods-c-paragraph \">\u2014 Nie wiemy, co ostatecznie trafi na moje biurko. [\u2026] Podejm\u0119 decyzj\u0119 zgodnie z polskim genem wolno\u015bci i nie godz\u0105c si\u0119 na \u017cadne nowe ACTA i na \u017cadn\u0105 cenzur\u0119, bo jeste\u015bmy narodem wolno\u015bci \u2014 podsumowa\u0142 Karol Nawrocki.<\/p>\n<p>Unijne regulacje dotycz\u0105ce tre\u015bci w internecie. Wszystko, co trzeba wiedzie\u0107<\/p>\n<p class=\"ods-c-paragraph \">Zgodnie z uchwalon\u0105 tydzie\u0144 temu przez Sejm nowel\u0105 ustawy o \u015bwiadczeniu us\u0142ug drog\u0105 elektroniczn\u0105, nadz\u00f3r nad stosowaniem unijnego Aktu o us\u0142ugach cyfrowych (DSA) ma sprawowa\u0107 w Polsce \u2014 w wi\u0119kszo\u015bci przypadk\u00f3w \u2014 prezes Urz\u0119du Komunikacji Elektronicznej (UKE), w zakresie platform wideo \u2014 Krajowa Rada Radiofonii i Telewizji (KRRiT), a w zakresie platform handlowych oraz innych spraw dotycz\u0105cych ochrony konsument\u00f3w prezes Urz\u0119du Ochrony Konkurencji i Konsument\u00f3w (UOKiK).<\/p>\n<p class=\"ods-c-paragraph \">Ustawa przewiduje, \u017ce urz\u0119dnicy b\u0119d\u0105 mogli wydawa\u0107 decyzj\u0119 o blokowaniu tre\u015bci dotycz\u0105cych 27 czyn\u00f3w zabronionych, g\u0142\u00f3wnie w Kodeksie karnym, zawieraj\u0105cych m.in.: gro\u017aby karalne, namow\u0119 do pope\u0142nienia samob\u00f3jstwa, pochwalanie zachowa\u0144 o charakterze pedofilskim, propagowanie ideologii totalitarnych, a tak\u017ce nawo\u0142ywanie do nienawi\u015bci i zniewa\u017canie na tle r\u00f3\u017cnic narodowo\u015bciowych, etnicznych, rasowych, wyznaniowych \u2014 w tym tre\u015bci zawieraj\u0105ce mow\u0119 nienawi\u015bci, rozpowszechniane w mediach spo\u0142eczno\u015bciowych. W ustawie wymieniono te\u017c tre\u015bci naruszaj\u0105ce prawa autorskie czy tre\u015bci odnosz\u0105ce si\u0119 do nielegalnej sprzeda\u017cy towar\u00f3w lub nielegalnego \u015bwiadczenia us\u0142ug.<\/p>\n<p class=\"ods-c-paragraph \">Nowe przepisy uprawniaj\u0105 osoby fizyczne i m.in. prokuratur\u0119, Policj\u0119, Krajow\u0105 Administracj\u0119 Skarbow\u0105, Stra\u017c Graniczn\u0105 (w sprawach dot. handlu lud\u017ami) do z\u0142o\u017cenia wniosku o wydanie nakazu zablokowania nielegalnej tre\u015bci. Zgodnie z nowel\u0105 autor spornej tre\u015bci ma otrzymywa\u0107 od us\u0142ugodawcy internetowego zawiadomienie o rozpocz\u0119ciu procedury i b\u0119dzie mia\u0142 dwa dni na przedstawienie swojego stanowiska. Od decyzji UKE i KRRiT o usuni\u0119ciu tre\u015bci nie b\u0119dzie przys\u0142ugiwa\u0107 odwo\u0142anie, ale autor ma mie\u0107 mo\u017cliwo\u015b\u0107 wniesienia sprzeciwu do s\u0105du.<\/p>\n","protected":false},"excerpt":{"rendered":"Prezydent spotka\u0142 si\u0119 w pi\u0105tek z uczestnikami Kongresu M\u0142odych Konserwatyst\u00f3w, kt\u00f3ry odbywa si\u0119 w Lublinie. Odni\u00f3s\u0142 si\u0119 m.in.&hellip;\n","protected":false},"author":2,"featured_media":110493,"comment_status":"","ping_status":"","sticky":false,"template":"","format":"standard","meta":{"footnotes":""},"categories":[12],"tags":[32,33,24474,36,37,27,1766,43,49,34,35,28,31,48,25,46,42,38,40,39,41,47,29,30,86,26,1768],"class_list":{"0":"post-122724","1":"post","2":"type-post","3":"status-publish","4":"format-standard","5":"has-post-thumbnail","7":"category-polska","8":"tag-breaking-news","9":"tag-breakingnews","10":"tag-dsa","11":"tag-featured-news","12":"tag-featurednews","13":"tag-headlines","14":"tag-internet","15":"tag-karol_nawrocki","16":"tag-kraj","17":"tag-latest-news","18":"tag-latestnews","19":"tag-naglowki","20":"tag-najwazniejsze-artykuly","21":"tag-nat_styl","22":"tag-news","23":"tag-omp","24":"tag-pl","25":"tag-poland","26":"tag-polish","27":"tag-polska","28":"tag-polski","29":"tag-screening_general","30":"tag-top-stories","31":"tag-topstories","32":"tag-unia_europejska","33":"tag-wiadomosci","34":"tag-wolnosc_slowa"},"share_on_mastodon":{"url":"https:\/\/pubeurope.com\/@pl\/115627382861913290","error":""},"_links":{"self":[{"href":"https:\/\/www.europesays.com\/pl\/wp-json\/wp\/v2\/posts\/122724","targetHints":{"allow":["GET"]}}],"collection":[{"href":"https:\/\/www.europesays.com\/pl\/wp-json\/wp\/v2\/posts"}],"about":[{"href":"https:\/\/www.europesays.com\/pl\/wp-json\/wp\/v2\/types\/post"}],"author":[{"embeddable":true,"href":"https:\/\/www.europesays.com\/pl\/wp-json\/wp\/v2\/users\/2"}],"replies":[{"embeddable":true,"href":"https:\/\/www.europesays.com\/pl\/wp-json\/wp\/v2\/comments?post=122724"}],"version-history":[{"count":0,"href":"https:\/\/www.europesays.com\/pl\/wp-json\/wp\/v2\/posts\/122724\/revisions"}],"wp:featuredmedia":[{"embeddable":true,"href":"https:\/\/www.europesays.com\/pl\/wp-json\/wp\/v2\/media\/110493"}],"wp:attachment":[{"href":"https:\/\/www.europesays.com\/pl\/wp-json\/wp\/v2\/media?parent=122724"}],"wp:term":[{"taxonomy":"category","embeddable":true,"href":"https:\/\/www.europesays.com\/pl\/wp-json\/wp\/v2\/categories?post=122724"},{"taxonomy":"post_tag","embeddable":true,"href":"https:\/\/www.europesays.com\/pl\/wp-json\/wp\/v2\/tags?post=122724"}],"curies":[{"name":"wp","href":"https:\/\/api.w.org\/{rel}","templated":true}]}}