{"id":122725,"date":"2025-11-28T12:43:09","date_gmt":"2025-11-28T12:43:09","guid":{"rendered":"https:\/\/www.europesays.com\/pl\/122725\/"},"modified":"2025-11-28T12:43:09","modified_gmt":"2025-11-28T12:43:09","slug":"burza-po-decyzji-karola-nawrockiego-to-po-prostu-uderzanie-w-panstwo-2","status":"publish","type":"post","link":"https:\/\/www.europesays.com\/pl\/122725\/","title":{"rendered":"Burza po decyzji Karola Nawrockiego. &#8222;To po prostu uderzanie w pa\u0144stwo&#8221;"},"content":{"rendered":"<p class=\"ods-c-paragraph \"><a href=\"https:\/\/wiadomosci.onet.pl\/karol-nawrocki-prezydent\" id=\"2968e735-64e5-4187-bf3c-48b281237091\" rel=\"nofollow noopener\" target=\"_blank\">Karol Nawrocki<\/a> zablokowa\u0142 nominacje na pierwszy stopie\u0144 oficerski 136 przysz\u0142ych oficer\u00f3w S\u0142u\u017cby Kontrwywiadu Wojskowego i Agencji Bezpiecze\u0144stwa Wewn\u0119trznego. Jak w czwartek poda\u0142 portal TVN24, <a href=\"https:\/\/wiadomosci.onet.pl\/kraj\/kolejna-odmowa-prezydenta-dotyczaca-sluzb-chodzi-o-odznaczenia\/r59xm1z\" id=\"6488bf73-f0a0-428f-a26e-272c861281aa\" rel=\"nofollow noopener\" target=\"_blank\">decyzja prezydenta nie ograniczy\u0142a si\u0119 wy\u0142\u0105cznie do zablokowania tych awans\u00f3w.<\/a> Prezydent odm\u00f3wi\u0142 r\u00f3wnie\u017c podpisania wniosk\u00f3w o odznaczenia i ordery dla funkcjonariuszy s\u0142u\u017cb specjalnych.<\/p>\n<p>Dalszy ci\u0105g artyku\u0142u pod materia\u0142em wideo<\/p>\n<p> Dlaczego prezydent Nawrocki zablokowa\u0142 awanse funkcjonariuszy? <\/p>\n<p> Jakie odznaczenia nie zosta\u0142y przyznane funkcjonariuszom? <\/p>\n<p> Co powiedzia\u0142 Tomasz Siemoniak o decyzjach prezydenta? <\/p>\n<p> Jakie emocje wywo\u0142a\u0142y decyzje prezydenta w rz\u0105dzie? <\/p>\n<p>  Prezydent Karol Nawrocki odm\u00f3wi\u0142 wr\u0119czenia odznacze\u0144. Tomasz Siemoniak ostro reaguje   <\/p>\n<p class=\"ods-c-paragraph \">Do tych decyzji odni\u00f3s\u0142 si\u0119 na platformie X minister koordynator s\u0142u\u017cb specjalnych Tomasz Siemoniak.<\/p>\n<blockquote class=\"ods-o-quota\">\n<p class=\"ods-o-quota__paragraph\">Nie rozumiem i nikt nie rozumie, jak prezydent mo\u017ce uderza\u0107 w funkcjonariuszy s\u0142u\u017cb specjalnych. Oni strzeg\u0105 naszego bezpiecze\u0144stwa. Nie s\u0105 z \u017cadnej partii<\/p>\n<\/blockquote>\n<p class=\"ods-c-paragraph \">\u2014 napisa\u0142 Tomasz Siemoniak, dodaj\u0105c, \u017ce takie decyzje prezydenta Karola Nawrockiego s\u0105 &#8222;uderzaniem w pa\u0144stwo&#8221;.<\/p>\n<p class=\"ods-c-paragraph \">Tomasz Siemoniak pod swoim wpisem udost\u0119pni\u0142 r\u00f3wnie\u017c post premiera Donalda Tuska, w kt\u00f3rym polityk stwierdzi\u0142, \u017ce tego typu decyzjami prezydent nie tylko &#8222;pr\u00f3buje przej\u0105\u0107 kompetencje rz\u0105du&#8221;.<\/p>\n<blockquote class=\"ods-o-quota\">\n<p class=\"ods-o-quota__paragraph\">To sabota\u017c wymierzony w bezpiecze\u0144stwo pa\u0144stwa!<\/p>\n<\/blockquote>\n<p class=\"ods-c-paragraph \">\u2014 stwierdzi\u0142 Donald Tusk.<\/p>\n<p class=\"ods-c-paragraph \"><a href=\"https:\/\/wiadomosci.onet.pl\/kraj\/karol-nawrocki-odmowil-wreczenia-odznaczen-reakcja-tomasza-siemoniaka\/8ydsh0y\" id=\"70785c20-f269-48a6-86ec-5a8b6d225786\" rel=\"nofollow noopener\" target=\"_blank\">Wcze\u015bniej Tomasz Siemoniak m\u00f3wi\u0142, \u017ce bardzo mocno ubolewa nad tymi decyzjami Karola Nawrockiego.<\/a><\/p>\n<blockquote class=\"ods-o-quota\">\n<p class=\"ods-o-quota__paragraph\">Wiem, jakie to poruszenie wywo\u0142uje w s\u0142u\u017cbie. Prezydent uderza w tych ludzi, kt\u00f3rzy s\u0105 na pierwszej linii frontu w\u0142a\u015bciwie bez \u017cadnego uzasadnienia. Mam nadziej\u0119, \u017ce nast\u0105pi jaki\u015b rodzaj opami\u0119tania w tych kwestiach<\/p>\n<\/blockquote>\n<p class=\"ods-c-paragraph \">\u2014 stwierdzi\u0142 w czwartek Tomasz Siemoniak.<\/p>\n<p>Prezydent Karol Nawrocki odm\u00f3wi\u0142 wr\u0119czenia odznacze\u0144. O co chodzi?<\/p>\n<p class=\"ods-c-paragraph \">Tu\u017c przed 11 listopada premier Donald Tusk ujawni\u0142, \u017ce prezydent Karol Nawrocki zablokowa\u0142 nominacje na pierwszy stopie\u0144 oficerski 136 przysz\u0142ych oficer\u00f3w s\u0142u\u017cb. Listy z nazwiskami funkcjonariuszy wyznaczonych do mianowania na pierwszy stopie\u0144 oficerski na biurku prezydenta le\u017ca\u0142y od lipca (SKW 40 nazwisk) i wrze\u015bnia (ABW 96 nazwisk). Jak wynika z informacji portalu TVN24, prezydent odm\u00f3wi\u0142 r\u00f3wnie\u017c podpisania &#8222;solidnie umotywowanych wniosk\u00f3w o odznaczenia i ordery&#8221;<\/p>\n<blockquote class=\"ods-o-quota\">\n<p class=\"ods-o-quota__paragraph\">ABW skierowa\u0142a do prezydenta Karola Nawrockiego 130 wniosk\u00f3w dotycz\u0105cych odznacze\u0144. \u017baden z nich nie uzyska\u0142 akceptacji. Doprawdy nikt nie jest w stanie tego zrozumie\u0107<\/p>\n<\/blockquote>\n<p class=\"ods-c-paragraph \">\u2014 stwierdzi\u0142 rzecznik prasowy ministra koordynatora s\u0142u\u017cb specjalnych Jacek Dobrzy\u0144ski cytowany przez portal TVN24.<\/p>\n","protected":false},"excerpt":{"rendered":"Karol Nawrocki zablokowa\u0142 nominacje na pierwszy stopie\u0144 oficerski 136 przysz\u0142ych oficer\u00f3w S\u0142u\u017cby Kontrwywiadu Wojskowego i Agencji Bezpiecze\u0144stwa Wewn\u0119trznego.&hellip;\n","protected":false},"author":2,"featured_media":122726,"comment_status":"","ping_status":"","sticky":false,"template":"","format":"standard","meta":{"footnotes":""},"categories":[5],"tags":[145,20686,32,33,36,37,27,43,49,34,35,28,31,48,25,25896,46,26188,42,38,40,39,41,47,9910,1246,29,30,26],"class_list":{"0":"post-122725","1":"post","2":"type-post","3":"status-publish","4":"format-standard","5":"has-post-thumbnail","7":"category-naglowki","8":"tag-abw","9":"tag-awans","10":"tag-breaking-news","11":"tag-breakingnews","12":"tag-featured-news","13":"tag-featurednews","14":"tag-headlines","15":"tag-karol_nawrocki","16":"tag-kraj","17":"tag-latest-news","18":"tag-latestnews","19":"tag-naglowki","20":"tag-najwazniejsze-artykuly","21":"tag-nat_styl","22":"tag-news","23":"tag-odznaczenie","24":"tag-omp","25":"tag-ordery","26":"tag-pl","27":"tag-poland","28":"tag-polish","29":"tag-polska","30":"tag-polski","31":"tag-screening_general","32":"tag-sluzby_specjalne","33":"tag-tomasz_siemoniak","34":"tag-top-stories","35":"tag-topstories","36":"tag-wiadomosci"},"share_on_mastodon":{"url":"https:\/\/pubeurope.com\/@pl\/115627386716929248","error":""},"_links":{"self":[{"href":"https:\/\/www.europesays.com\/pl\/wp-json\/wp\/v2\/posts\/122725","targetHints":{"allow":["GET"]}}],"collection":[{"href":"https:\/\/www.europesays.com\/pl\/wp-json\/wp\/v2\/posts"}],"about":[{"href":"https:\/\/www.europesays.com\/pl\/wp-json\/wp\/v2\/types\/post"}],"author":[{"embeddable":true,"href":"https:\/\/www.europesays.com\/pl\/wp-json\/wp\/v2\/users\/2"}],"replies":[{"embeddable":true,"href":"https:\/\/www.europesays.com\/pl\/wp-json\/wp\/v2\/comments?post=122725"}],"version-history":[{"count":0,"href":"https:\/\/www.europesays.com\/pl\/wp-json\/wp\/v2\/posts\/122725\/revisions"}],"wp:featuredmedia":[{"embeddable":true,"href":"https:\/\/www.europesays.com\/pl\/wp-json\/wp\/v2\/media\/122726"}],"wp:attachment":[{"href":"https:\/\/www.europesays.com\/pl\/wp-json\/wp\/v2\/media?parent=122725"}],"wp:term":[{"taxonomy":"category","embeddable":true,"href":"https:\/\/www.europesays.com\/pl\/wp-json\/wp\/v2\/categories?post=122725"},{"taxonomy":"post_tag","embeddable":true,"href":"https:\/\/www.europesays.com\/pl\/wp-json\/wp\/v2\/tags?post=122725"}],"curies":[{"name":"wp","href":"https:\/\/api.w.org\/{rel}","templated":true}]}}