{"id":122727,"date":"2025-11-28T12:44:08","date_gmt":"2025-11-28T12:44:08","guid":{"rendered":"https:\/\/www.europesays.com\/pl\/122727\/"},"modified":"2025-11-28T12:44:08","modified_gmt":"2025-11-28T12:44:08","slug":"sensacyjny-powrot-kloppa-alez-to-bylaby-historia","status":"publish","type":"post","link":"https:\/\/www.europesays.com\/pl\/122727\/","title":{"rendered":"Sensacyjny powr\u00f3t Kloppa? Ale\u017c to by\u0142aby historia"},"content":{"rendered":"<p>W brytyjskich mediach pojawi\u0142 si\u0119 sensacyjny pomys\u0142 dotycz\u0105cy Juergena Kloppa. Wed\u0142ug doniesie\u0144 The Sun Liverpool mia\u0142by by\u0107 zainteresowany ponown\u0105 wsp\u00f3\u0142prac\u0105 z 58-latkiem.<\/p>\n<p>Klopp prowadzi\u0142 &#8222;The Reds&#8221; w latach 2015-2024. Pod jego wodz\u0105 zesp\u00f3\u0142 rozegra\u0142 489 mecz\u00f3w, notuj\u0105c 304 zwyci\u0119stwa, 100 remis\u00f3w i 85 pora\u017cek. W sezonie 2018\/19 wygra\u0142 Lig\u0119 Mistrz\u00f3w, a rok p\u00f3\u017aniej zgarn\u0105\u0142 mistrzostwo Anglii.<\/p>\n<p>Dalsza cz\u0119\u015b\u0107 tekstu pod wideo<\/p>\n<p>Rok temu Niemiec og\u0142osi\u0142, \u017ce musi opu\u015bci\u0107 Anfield, poniewa\u017c czuje si\u0119 wypalony. W styczniu wr\u00f3ci\u0142 do pracy, ale ju\u017c nie jako trener. Obecnie jest dyrektorem nadzoruj\u0105cym kluby ze stajni Red Bulla, w tym RB Lipsk, New York Red Bulls czy Paris FC.<\/p>\n<p>Tymczasem Liverpool zastanawia si\u0119 nad przysz\u0142o\u015bci\u0105 Arne Slota. Jego podopieczni przegrali dziewi\u0119\u0107 z ostatnich 12 mecz\u00f3w. Zajmuj\u0105 dopiero 12. miejsce w Premier League. Niedawno zostali rozbici na Anfield 0:3 przez Nottingham i 1:4 przez PSV.<\/p>\n<p>Holender jeszcze zachowuje posad\u0119, ale kolejne pora\u017cki mog\u0105 poskutkowa\u0107 zwolnieniem. Je\u015bli Liverpool po\u017cegna Slota, mo\u017ce by\u0107 zainteresowany ponownym zatrudnieniem Kloppa.<\/p>\n<p>&#8211; Je\u015bli Arne Slot zostanie zwolniony, Liverpool mo\u017ce zwr\u00f3ci\u0107 si\u0119 do Juergena Kloppa, aby uratowa\u0107 sezon. W perspektywie d\u0142ugoterminowej celem &#8222;The Reds&#8221; jest Luis Enrique &#8211; czytamy na \u0142amach The Sun.<\/p>\n<p>Raczej nie ma jakichkolwiek szans, aby Enrique w \u015brodku sezonu opu\u015bci\u0142 PSG, z kt\u00f3rym spokojnie mo\u017ce walczy\u0107 o wszystkie trofea. Jego kontrakt z pary\u017canami obowi\u0105zuje do po\u0142owy 2027 roku.<\/p>\n<p>Z kolei w przypadku obsady \u0142awki trenerskiej Liverpoolu wiele mo\u017ce zdarzy\u0107 si\u0119 po niedzielnym spotkaniu z West Hamem. Starcie na London Stadium rozpocznie si\u0119 o godzinie 15:05.<\/p>\n","protected":false},"excerpt":{"rendered":"W brytyjskich mediach pojawi\u0142 si\u0119 sensacyjny pomys\u0142 dotycz\u0105cy Juergena Kloppa. Wed\u0142ug doniesie\u0144 The Sun Liverpool mia\u0142by by\u0107 zainteresowany&hellip;\n","protected":false},"author":2,"featured_media":122728,"comment_status":"","ping_status":"","sticky":false,"template":"","format":"standard","meta":{"footnotes":""},"categories":[24],"tags":[42,38,40,39,41,127,126],"class_list":{"0":"post-122727","1":"post","2":"type-post","3":"status-publish","4":"format-standard","5":"has-post-thumbnail","7":"category-sport","8":"tag-pl","9":"tag-poland","10":"tag-polish","11":"tag-polska","12":"tag-polski","13":"tag-sport","14":"tag-sports"},"share_on_mastodon":{"url":"https:\/\/pubeurope.com\/@pl\/115627390626564343","error":""},"_links":{"self":[{"href":"https:\/\/www.europesays.com\/pl\/wp-json\/wp\/v2\/posts\/122727","targetHints":{"allow":["GET"]}}],"collection":[{"href":"https:\/\/www.europesays.com\/pl\/wp-json\/wp\/v2\/posts"}],"about":[{"href":"https:\/\/www.europesays.com\/pl\/wp-json\/wp\/v2\/types\/post"}],"author":[{"embeddable":true,"href":"https:\/\/www.europesays.com\/pl\/wp-json\/wp\/v2\/users\/2"}],"replies":[{"embeddable":true,"href":"https:\/\/www.europesays.com\/pl\/wp-json\/wp\/v2\/comments?post=122727"}],"version-history":[{"count":0,"href":"https:\/\/www.europesays.com\/pl\/wp-json\/wp\/v2\/posts\/122727\/revisions"}],"wp:featuredmedia":[{"embeddable":true,"href":"https:\/\/www.europesays.com\/pl\/wp-json\/wp\/v2\/media\/122728"}],"wp:attachment":[{"href":"https:\/\/www.europesays.com\/pl\/wp-json\/wp\/v2\/media?parent=122727"}],"wp:term":[{"taxonomy":"category","embeddable":true,"href":"https:\/\/www.europesays.com\/pl\/wp-json\/wp\/v2\/categories?post=122727"},{"taxonomy":"post_tag","embeddable":true,"href":"https:\/\/www.europesays.com\/pl\/wp-json\/wp\/v2\/tags?post=122727"}],"curies":[{"name":"wp","href":"https:\/\/api.w.org\/{rel}","templated":true}]}}