{"id":122766,"date":"2025-11-28T13:04:09","date_gmt":"2025-11-28T13:04:09","guid":{"rendered":"https:\/\/www.europesays.com\/pl\/122766\/"},"modified":"2025-11-28T13:04:09","modified_gmt":"2025-11-28T13:04:09","slug":"waldemar-zurek-o-zbigniewie-ziobrze-nie-przywieziemy-go-w-bagazniku","status":"publish","type":"post","link":"https:\/\/www.europesays.com\/pl\/122766\/","title":{"rendered":"Waldemar \u017burek o Zbigniewie Ziobrze: nie przywieziemy go w baga\u017cniku"},"content":{"rendered":"<ul class=\"UnorderedList_container__nmfSl\">\n<li class=\"UnorderedList_listElement__Py7xi\" data-id=\"ai-summary-link\">Du\u017co czytania, a ma\u0142o czasu? Sprawd\u017a\u00a0skr\u00f3t\u00a0artyku\u0142u<\/li>\n<\/ul>\n<p class=\"Paragraph_desktopParagraph__U31Gm\">Sejm uchyli\u0142 immunitet Ziobrze 7 listopada w odniesieniu do wszystkich 26 zarzut\u00f3w, kt\u00f3re chce mu postawi\u0107 prokuratura, w zwi\u0105zku ze spraw\u0105 Funduszu Sprawiedliwo\u015bci. Sejm wyrazi\u0142 r\u00f3wnie\u017c zgod\u0119 na jego zatrzymanie i aresztowanie. Polityk przebywa obecnie w Budapeszcie.<\/p>\n<p class=\"VideoPlayerText_videoPlayerText__iDwyz\">Dalszy ci\u0105g materia\u0142u pod wideo<\/p>\n<p class=\"Paragraph_desktopParagraph__U31Gm\">Waldemar \u017burek, kt\u00f3ry w pi\u0105tek przebywa w Gda\u0144sku, by\u0142 pytany o dzia\u0142ania \u015bledczych wobec by\u0142ego ministra. \u2014 Oczywi\u015bcie tak jak powiedzia\u0142em i podtrzymuj\u0119 to, nie b\u0119dziemy nikogo przywozi\u0107 w baga\u017cniku, zw\u0142aszcza ze strefy Schengen. Przestrzegamy prawa co do milimetra. Oczywi\u015bcie by\u0142y minister Ziobro jest prawnikiem. Ma tak\u017ce swoich pe\u0142nomocnik\u00f3w i oni wykorzystuj\u0105 wszelkie metody blokowania wsp\u00f3\u0142pracy z wymiarem sprawiedliwo\u015bci, wi\u0119c b\u0119dzie ENA [europejski nakaz aresztowania], by\u0107 mo\u017ce b\u0119dzie czerwona nota [Interpolu], pozbawienie paszport\u00f3w \u2014 powiedzia\u0142 Waldemara \u017burek w Gda\u0144sku.<\/p>\n<ul class=\"OchatFollowUps_wrapper__1ry7X\">\n<li class=\"OchatFollowUps_item__Dhyly OchatFollowUps_itemDesktop__R6aBv\">Jakie kroki prokuratura zamierza podj\u0105\u0107 wobec Zbigniewa Ziobry?<\/li>\n<li class=\"OchatFollowUps_item__Dhyly OchatFollowUps_itemDesktop__R6aBv\">Co Sejm uchyli\u0142 w odniesieniu do Ziobry?<\/li>\n<li class=\"OchatFollowUps_item__Dhyly OchatFollowUps_itemDesktop__R6aBv\">Gdzie obecnie przebywa Zbigniew Ziobro?<\/li>\n<li class=\"OchatFollowUps_item__Dhyly OchatFollowUps_itemDesktop__R6aBv\">Jakie metody blokowania wsp\u00f3\u0142pracy z wymiarem sprawiedliwo\u015bci wykorzystuje Ziobro?<\/li>\n<\/ul>\n<p class=\"Paragraph_desktopParagraph__U31Gm\">\u017burek podkre\u015bli\u0142, \u017ce dzia\u0142ania b\u0119d\u0105 prowadzone konsekwentnie. \u2014 Czekamy tak\u017ce, bo wiemy, \u017ce jest czas przedwyborczy na W\u0119grzech, ale te\u017c chcemy, \u017ceby podejrzewany nie ucieka\u0142 poza stref\u0119 Schengen, ale to te\u017c jest przestroga dla innych przest\u0119pc\u00f3w w bia\u0142ych ko\u0142nierzykach, czy te\u017c podejrzewanych. My b\u0119dziemy konsekwentnie \u015bciga\u0107 ka\u017cdego \u2014 m\u00f3wi\u0142 dalej Waldemar \u017burek.<\/p>\n<p>Zbigniew Ziobro g\u0142\u00f3wnym podejrzanym w aferze Funduszu Sprawiedliwo\u015bci <\/p>\n<p class=\"Paragraph_desktopParagraph__U31Gm\">Ziobro jest jednym z g\u0142\u00f3wnych podejrzanych w aferze Funduszu Sprawiedliwo\u015bci. <a href=\"https:\/\/wiadomosci.onet.pl\/kraj\/26-zarzutow-dla-zbigniewa-ziobry-szczegoly-wniosku-prokuratury\/7b76t7g\" id=\"e5617f8c-e581-47d3-bbe0-25035cf0826a\" rel=\"nofollow noopener\" target=\"_blank\">\u015aledczy twierdz\u0105, \u017ce by\u0142y minister sprawiedliwo\u015bci pope\u0142ni\u0142 26 przest\u0119pstw<\/a>, w tym kierowa\u0142 zorganizowan\u0105 grup\u0105 przest\u0119pcz\u0105. Sejm uchyli\u0142 immunitet pos\u0142a PiS i wyrazi\u0142 zgod\u0119 na jego zatrzymanie i aresztowanie. Organy \u015bcigania maj\u0105 jednak zwi\u0105zane r\u0119ce, poniewa\u017c Ziobro od kilku tygodni przebywa na W\u0119grzech. <a href=\"https:\/\/wiadomosci.onet.pl\/kraj\/ziobro-o-zabezpieczeniu-majatku-przez-prokurature-kolejny-akt-zemsty\/2z36mqj\" id=\"f25d2f76-1462-4f01-8111-d87e4377e18f\" rel=\"nofollow noopener\" target=\"_blank\">Prokurator prowadz\u0105cy \u015bledztwo zarz\u0105dzi\u0142 wobec niego zabezpieczenie maj\u0105tkowe<\/a>.<\/p>\n<p class=\"Paragraph_desktopParagraph__U31Gm\">Ziobro cz\u0119sto zabiera g\u0142os z W\u0119gier. <a href=\"https:\/\/wiadomosci.onet.pl\/kraj\/zbigniew-ziobro-reaguje-na-ruch-prokuratury-to-dowod-partactwa-zurka\/nxkqpvk\" id=\"33ca60eb-d4ac-4fd5-8f1e-0b6861ce3135\" rel=\"nofollow noopener\" target=\"_blank\">\u2014 Wbrew temu, co m\u00f3wi\u0105, nie uciek\u0142em, tylko na razie nie wracam. Nie b\u0119d\u0119 u\u0142atwia\u0142 dzia\u0142a\u0144 przest\u0119pcom, kt\u00f3rzy dzi\u015b rz\u0105dz\u0105 w Polsce.<\/a> Wobec bezprawia, kt\u00f3re si\u0119 dzieje w kraju, uzna\u0142em, \u017ce musz\u0119 stawi\u0107 temu op\u00f3r. W miar\u0119 up\u0142ywu czasu nawet Silni Razem b\u0119d\u0105 patrze\u0107 na \u017burka jako na bezradnego fujar\u0119, kt\u00f3ry zawali\u0142 spraw\u0119, bo nie potrafili mnie zatrzyma\u0107 w Polsce \u2014 powiedzia\u0142 Ziobro w rozmowie z &#8222;Super Expressem&#8221;.<\/p>\n","protected":false},"excerpt":{"rendered":"Du\u017co czytania, a ma\u0142o czasu? Sprawd\u017a\u00a0skr\u00f3t\u00a0artyku\u0142u Sejm uchyli\u0142 immunitet Ziobrze 7 listopada w odniesieniu do wszystkich 26 zarzut\u00f3w,&hellip;\n","protected":false},"author":2,"featured_media":122767,"comment_status":"","ping_status":"","sticky":false,"template":"","format":"standard","meta":{"footnotes":""},"categories":[5],"tags":[32,33,36,37,5024,66,27,67,34,35,28,31,53,25,52,68,51,55,42,38,40,39,41,47,29,30,50,793,1234,26,4070],"class_list":{"0":"post-122766","1":"post","2":"type-post","3":"status-publish","4":"format-standard","5":"has-post-thumbnail","7":"category-naglowki","8":"tag-breaking-news","9":"tag-breakingnews","10":"tag-featured-news","11":"tag-featurednews","12":"tag-fundusz_sprawiedliwosci_fundusz_panstwowy","13":"tag-give_me_perspective","14":"tag-headlines","15":"tag-intextvideo_splayer","16":"tag-latest-news","17":"tag-latestnews","18":"tag-naglowki","19":"tag-najwazniejsze-artykuly","20":"tag-new_header","21":"tag-news","22":"tag-onet3","23":"tag-onet3d","24":"tag-onet3d_2i","25":"tag-phx","26":"tag-pl","27":"tag-poland","28":"tag-polish","29":"tag-polska","30":"tag-polski","31":"tag-screening_general","32":"tag-top-stories","33":"tag-topstories","34":"tag-v2021","35":"tag-waldemar_zurek","36":"tag-wegry_wegier_wegierka_wegrzy","37":"tag-wiadomosci","38":"tag-zbigniew_ziobro_polityk"},"share_on_mastodon":{"url":"","error":"Validation failed: Text character limit of 500 exceeded"},"_links":{"self":[{"href":"https:\/\/www.europesays.com\/pl\/wp-json\/wp\/v2\/posts\/122766","targetHints":{"allow":["GET"]}}],"collection":[{"href":"https:\/\/www.europesays.com\/pl\/wp-json\/wp\/v2\/posts"}],"about":[{"href":"https:\/\/www.europesays.com\/pl\/wp-json\/wp\/v2\/types\/post"}],"author":[{"embeddable":true,"href":"https:\/\/www.europesays.com\/pl\/wp-json\/wp\/v2\/users\/2"}],"replies":[{"embeddable":true,"href":"https:\/\/www.europesays.com\/pl\/wp-json\/wp\/v2\/comments?post=122766"}],"version-history":[{"count":0,"href":"https:\/\/www.europesays.com\/pl\/wp-json\/wp\/v2\/posts\/122766\/revisions"}],"wp:featuredmedia":[{"embeddable":true,"href":"https:\/\/www.europesays.com\/pl\/wp-json\/wp\/v2\/media\/122767"}],"wp:attachment":[{"href":"https:\/\/www.europesays.com\/pl\/wp-json\/wp\/v2\/media?parent=122766"}],"wp:term":[{"taxonomy":"category","embeddable":true,"href":"https:\/\/www.europesays.com\/pl\/wp-json\/wp\/v2\/categories?post=122766"},{"taxonomy":"post_tag","embeddable":true,"href":"https:\/\/www.europesays.com\/pl\/wp-json\/wp\/v2\/tags?post=122766"}],"curies":[{"name":"wp","href":"https:\/\/api.w.org\/{rel}","templated":true}]}}