{"id":122778,"date":"2025-11-28T13:10:11","date_gmt":"2025-11-28T13:10:11","guid":{"rendered":"https:\/\/www.europesays.com\/pl\/122778\/"},"modified":"2025-11-28T13:10:11","modified_gmt":"2025-11-28T13:10:11","slug":"osuwisko-w-olkuszu-wyrwa-powstala-tuz-przy-domu-trwa-akcja-sluzb","status":"publish","type":"post","link":"https:\/\/www.europesays.com\/pl\/122778\/","title":{"rendered":"Osuwisko w Olkuszu. Wyrwa powsta\u0142a tu\u017c przy domu, trwa akcja s\u0142u\u017cb"},"content":{"rendered":"<p>W skr\u00f3cie<\/p>\n<ul class=\"typography ids-typeset-body ids-typeset-body--preset-large list ids-list ids-list--unordered ids-list--size-large \" datatype=\"disc\">\n<li class=\"ids-list-item\">\n<p>Na osiedlu Glinianki w Olkuszu powsta\u0142o g\u0142\u0119bokie zapadlisko obok domu jednorodzinnego.<\/p>\n<\/li>\n<li class=\"ids-list-item\">\n<p>Ewakuowano mieszka\u0144c\u00f3w najbli\u017cszego domu, a miejsce zabezpieczy\u0142y liczne s\u0142u\u017cby.<\/p>\n<\/li>\n<li class=\"ids-list-item\">\n<p>Trwa dochodzenie w sprawie przyczyn powstania osuwiska, a radni i pose\u0142 domagaj\u0105 si\u0119 natychmiastowych dzia\u0142a\u0144.<\/p>\n<\/li>\n<li class=\"ids-list-item\"><\/li>\n<\/ul>\n<p class=\"typography ids-typeset-body ids-typeset-body--preset-large link paragraph ids-paragraph ids-paragraph--default\">W czwartek oko\u0142o godziny 21:00 na prywatnej posesji przy skrzy\u017cowaniu ulic Zielonej i Rzemie\u015blniczej na\u00a0osiedlu Glinianki w Olkuszu utworzy\u0142a si\u0119 g\u0142\u0119boka na prawie cztery metry i szeroka na oko\u0142o dwa metry wyrwa w ziemi.<\/p>\n<p>Olkusz. Osuwisko powsta\u0142o tu\u017c obok domu. Ewakuowano mieszka\u0144c\u00f3w<\/p>\n<p class=\"typography ids-typeset-body ids-typeset-body--preset-large link paragraph ids-paragraph ids-paragraph--default\">Dziura powsta\u0142a tu\u017c obok domu jednorodzinnego. Zapadlisko uszkodzi\u0142o fragment ogrodzenia, przydro\u017cn\u0105 lamp\u0119, hydrant, skrzynk\u0119 elektryczn\u0105 oraz cz\u0119\u015b\u0107 chodnika. Ods\u0142oni\u0119te zosta\u0142y tak\u017ce instalacje wodoci\u0105gowe i gazowe.<\/p>\n<p class=\"typography ids-typeset-body ids-typeset-body--preset-large link paragraph ids-paragraph ids-paragraph--default\">Na miejsce szybko skierowano s\u0142u\u017cby, w tym stra\u017c po\u017carn\u0105, policj\u0119, nadz\u00f3r budowlany, pogotowie gazowe, wodoci\u0105gowe i energetyczne. Z najbli\u017cszego domu ewakuowano trzy osoby, kt\u00f3re zosta\u0142y tymczasowo zakwaterowane u rodziny.<\/p>\n<p class=\"typography ids-typeset-body ids-typeset-body--preset-large link paragraph ids-paragraph ids-paragraph--default\">Jak poinformowa\u0142 urz\u0105d miasta, teren zosta\u0142 ogrodzony i zabezpieczony. Trwa tak\u017ce ocena stabilno\u015bci gruntu wok\u00f3\u0142 powsta\u0142ej wyrwy. O sprawie powiadomiono tak\u017ce Pa\u0144stwowy Instytut Geologiczny oraz ZGH Boles\u0142aw. Instytucje te zajm\u0105 si\u0119 ustaleniem przyczyn powstania zapadliska.<\/p>\n<p class=\"typography ids-typeset-body ids-typeset-body--preset-large link paragraph ids-paragraph ids-paragraph--default\">Do odwo\u0142ania zamkni\u0119to odcinki ul. Rzemie\u015blniczej i Zielonej, a ruch pieszy i samochodowy zosta\u0142 ca\u0142kowicie wstrzymany. S\u0142u\u017cby apeluj\u0105 o omijanie miejsca zdarzenia oraz stosowanie si\u0119 do wydawanych polece\u0144.<\/p>\n<p>Zapadlisko na osiedlu w Olkuszu. Pose\u0142 pisze to premiera<\/p>\n<p class=\"typography ids-typeset-body ids-typeset-body--preset-large link paragraph ids-paragraph ids-paragraph--default\">O sytuacji na miejscu informuj\u0105 lokalni radni. &#8222;Rozmawiaj\u0105c z osobami mieszkaj\u0105cymi najbli\u017cej miejsca zdarzenia us\u0142ysza\u0142em, \u017ce najpierw by\u0142 g\u0142o\u015bny huk, a potem narastaj\u0105ce przera\u017cenie i bardzo realne poczucie zagro\u017cenia&#8221; &#8211; opisa\u0142 Sebastian Tomsia\u00a0we wpisie w mediach spo\u0142eczno\u015bciowych.<\/p>\n<p class=\"typography ids-typeset-body ids-typeset-body--preset-large link paragraph ids-paragraph ids-paragraph--default\">Jak podkre\u015bli\u0142 &#8222;sytuacja by\u0142a bardzo powa\u017cna&#8221; i podzi\u0119kowa\u0142 wszystkim s\u0142u\u017cbom za szybkie dzia\u0142anie.<\/p>\n<p class=\"typography ids-typeset-body ids-typeset-body--preset-large link paragraph ids-paragraph ids-paragraph--default\">Radny Micha\u0142 Zasucha przekaza\u0142, \u017ce zapadlisko na osiedlu naruszy\u0142o tak\u017ce prz\u0119s\u0142o domu. Zaznaczy\u0142 tak\u017ce, \u017ce to pierwszy przypadek takiej szkody pog\u00f3rniczej na silnie zabudowanym terenie w Gminie Olkusz.<\/p>\n<p class=\"typography ids-typeset-body ids-typeset-body--preset-large link paragraph ids-paragraph ids-paragraph--default\">Ponadto pose\u0142 Jacek Osuch zapowiedzia\u0142 piln\u0105 interpelacj\u0119 poselsk\u0105 do premiera w sprawie podj\u0119cia natychmiastowych dzia\u0142a\u0144, kt\u00f3re zapobiegn\u0105 podobnym sytuacjom w przysz\u0142o\u015bci. &#8222;Nie czekajmy, a\u017c dojdzie do tragedii&#8221; &#8211; zaapelowa\u0142.<\/p>\n<p>Zandberg krytykuje zapowied\u017a premiera. &#8221;Brakuje 20 miliard\u00f3w w publicznej ochronie zdrowia, a premier chce wyj\u0105\u0107 kolejne miliardy&#8221;Polsat NewsPolsat News<\/p>\n<p><a class=\"ids-undecorated-link source ids-page-info--source__link\" href=\"https:\/\/www.interia.pl\" rel=\"nofollow noopener\" target=\"_blank\"><img decoding=\"async\" class=\"ids-image-holder__img\" loading=\"lazy\" alt=\"\" title=\"\" height=\"24px\" src=\"https:\/\/www.europesays.com\/pl\/wp-content\/uploads\/2025\/11\/1763998694_431_0009A60QQ5I2TYF7-C202-F4.webp.webp\"\/><\/a><\/p>\n<p>Masz sugestie, uwagi albo widzisz b\u0142\u0105d? Napisz do nas<\/p>\n","protected":false},"excerpt":{"rendered":"W skr\u00f3cie Na osiedlu Glinianki w Olkuszu powsta\u0142o g\u0142\u0119bokie zapadlisko obok domu jednorodzinnego. Ewakuowano mieszka\u0144c\u00f3w najbli\u017cszego domu, a&hellip;\n","protected":false},"author":2,"featured_media":122779,"comment_status":"","ping_status":"","sticky":false,"template":"","format":"standard","meta":{"footnotes":""},"categories":[12],"tags":[32,33,36,37,27,34,35,28,31,25,42,38,40,39,41,29,30,26],"class_list":{"0":"post-122778","1":"post","2":"type-post","3":"status-publish","4":"format-standard","5":"has-post-thumbnail","7":"category-polska","8":"tag-breaking-news","9":"tag-breakingnews","10":"tag-featured-news","11":"tag-featurednews","12":"tag-headlines","13":"tag-latest-news","14":"tag-latestnews","15":"tag-naglowki","16":"tag-najwazniejsze-artykuly","17":"tag-news","18":"tag-pl","19":"tag-poland","20":"tag-polish","21":"tag-polska","22":"tag-polski","23":"tag-top-stories","24":"tag-topstories","25":"tag-wiadomosci"},"share_on_mastodon":{"url":"https:\/\/pubeurope.com\/@pl\/115627493325329906","error":""},"_links":{"self":[{"href":"https:\/\/www.europesays.com\/pl\/wp-json\/wp\/v2\/posts\/122778","targetHints":{"allow":["GET"]}}],"collection":[{"href":"https:\/\/www.europesays.com\/pl\/wp-json\/wp\/v2\/posts"}],"about":[{"href":"https:\/\/www.europesays.com\/pl\/wp-json\/wp\/v2\/types\/post"}],"author":[{"embeddable":true,"href":"https:\/\/www.europesays.com\/pl\/wp-json\/wp\/v2\/users\/2"}],"replies":[{"embeddable":true,"href":"https:\/\/www.europesays.com\/pl\/wp-json\/wp\/v2\/comments?post=122778"}],"version-history":[{"count":0,"href":"https:\/\/www.europesays.com\/pl\/wp-json\/wp\/v2\/posts\/122778\/revisions"}],"wp:featuredmedia":[{"embeddable":true,"href":"https:\/\/www.europesays.com\/pl\/wp-json\/wp\/v2\/media\/122779"}],"wp:attachment":[{"href":"https:\/\/www.europesays.com\/pl\/wp-json\/wp\/v2\/media?parent=122778"}],"wp:term":[{"taxonomy":"category","embeddable":true,"href":"https:\/\/www.europesays.com\/pl\/wp-json\/wp\/v2\/categories?post=122778"},{"taxonomy":"post_tag","embeddable":true,"href":"https:\/\/www.europesays.com\/pl\/wp-json\/wp\/v2\/tags?post=122778"}],"curies":[{"name":"wp","href":"https:\/\/api.w.org\/{rel}","templated":true}]}}