{"id":122784,"date":"2025-11-28T13:13:11","date_gmt":"2025-11-28T13:13:11","guid":{"rendered":"https:\/\/www.europesays.com\/pl\/122784\/"},"modified":"2025-11-28T13:13:11","modified_gmt":"2025-11-28T13:13:11","slug":"badach-zdradzi%c2%b3-na-co-czeka%c2%b3-ca%c2%b3e-ycie-nie-kady-odway%c2%b3by-sie-powiedzieae-to-publicznie","status":"publish","type":"post","link":"https:\/\/www.europesays.com\/pl\/122784\/","title":{"rendered":"Badach zdradzi\u00b3, na co czeka\u00b3 ca\u00b3e \u00bfycie. Nie ka\u00bfdy odwa\u00bfy\u00b3by si\u00ea powiedzie\u00e6 to publicznie"},"content":{"rendered":"<p class=\"art_paragraph\"><a href=\"https:\/\/www.plotek.pl\/kuba-badach\" class=\"art_link\" rel=\"dofollow noopener\" target=\"_blank\">Kuba Badach<\/a> niedawno zaprezentowa\u0142 swoj\u0105 najnowsz\u0105 solow\u0105 p\u0142yt\u0119 &#8222;Radio Edit&#8221;. Wraz z premier\u0105 albumu pojawi\u0142 si\u0119 te\u017c temat jego nadchodz\u0105cych okr\u0105g\u0142ych urodzin &#8211; w 2026 roku muzyk sko\u0144czy 50 lat. Cho\u0107 dla niekt\u00f3rych to trudny moment, Badach przyznaje, \u017ce traktuje go jak co\u015b, na co d\u0142ugo czeka\u0142.\u00a0<\/p>\n<p>\n    Zobacz wideo Badach odrzuca\u0142 wiele razy &#8222;The Voice of Poland&#8221;. &#8222;Bior\u0119 za nich odpowiedzialno\u015b\u0107&#8221;\n  <\/p>\n<p> Kuba Badach o dojrzewaniu i siwi\u017anie. Aleksandra Kwa\u015bniewska zdradza, jak naprawd\u0119 o tym m\u00f3wi<\/p>\n<p class=\"art_paragraph\">Wokali\u015bcie, kt\u00f3ry od 2024 roku zasiada w <a href=\"https:\/\/czterykaty.pl\/#anchorLink\" rel=\"nofollow noopener\" target=\"_blank\">fotelu<\/a> trenera &#8222;<a href=\"https:\/\/www.plotek.pl\/the-voice-of-poland\" class=\"art_link\" rel=\"dofollow noopener\" target=\"_blank\">The Voice of Poland<\/a>&#8222;, dopisuje dzi\u015b wyj\u0105tkowe poczucie \u017cyciowej stabilizacji. Wa\u017cn\u0105 rol\u0119 odgrywa w tym jego \u017cona, <a href=\"https:\/\/www.plotek.pl\/ola-kwasniewska\" class=\"art_link\" rel=\"dofollow noopener\" target=\"_blank\">Aleksandra Kwa\u015bniewska<\/a> &#8211; to w\u0142a\u015bnie ona napisa\u0142a wszystkie teksty na nowy album. W zwi\u0105zku z premier\u0105 kr\u0105\u017cka Badach wraz z ukochan\u0105 udzielili wywiadu Plejadzie. Gdy pad\u0142o pytanie o zbli\u017caj\u0105ce si\u0119 50. urodziny i coraz bardziej widoczn\u0105 siwizn\u0119, Badach nie mia\u0142 w\u0105tpliwo\u015bci, co odpowiedzie\u0107. &#8211; Pi\u0119\u0107dziesi\u0105tka nie robi na mnie wra\u017cenia, dlatego \u017ce ja &#8211; po pierwsze &#8211; ca\u0142e \u017cycie czeka\u0142em na ten moment. Wiedzia\u0142em, \u017ce b\u0119d\u0119 si\u0119 wtedy fajnie czu\u0142. Czeka\u0142em na moment takiej dojrza\u0142o\u015bci i czuj\u0119 si\u0119 \u015bwietnie z tym, w jakim jestem momencie w \u017cyciu. \u017be jestem siwy. Nie mog\u0119 patrze\u0107 na swoje zdj\u0119cia bez siwej brody &#8211; wyjawi\u0142. Takie\u00a0podej\u015bcie nie jest zaskoczeniem zw\u0142aszcza dla jego \u017cony. Kwa\u015bniewska przyzna\u0142a, \u017ce m\u0105\u017c od dawna patrzy na starzenie si\u0119 z entuzjazmem, jaki niewiele os\u00f3b w jej otoczeniu podziela. &#8211;\u00a0To prawda, Kuba zawsze m\u00f3wi\u0142, \u017ce ju\u017c nie mo\u017ce si\u0119 doczeka\u0107 a\u017c sko\u0144czy 40, 50 lat. To jedyna osoba, kt\u00f3r\u0105 znam, kt\u00f3ra naprawd\u0119 si\u0119 cieszy z up\u0142ywu czasu &#8211; powiedzia\u0142a.<\/p>\n<p> Kuba Badach o tym, jak rozmawia z Aleksandr\u0105 Kwa\u015bniewsk\u0105 na temat wieku. Jedna sytuacja sprawi\u0142a, \u017ce poczu\u0142 up\u0142ywaj\u0105cy czas<\/p>\n<p class=\"art_paragraph\">W dalszej cz\u0119\u015bci rozmowy Badach podkre\u015bli\u0142, \u017ce w ich domu nie ma dramatyzowania na temat metryki. &#8211; To nie s\u0105 rzeczy, o kt\u00f3rych my gadamy na co dzie\u0144 na zasadzie &#8222;ojej starzejemy si\u0119, ojej, ale teraz to b\u0119dzie ci\u0119\u017cko&#8221;. My raczej celebrujemy to, \u017ce si\u0119 \u015bwietnie czujemy, mo\u017cemy je\u017adzi\u0107 na nartach itd. Ale gdzie\u015b te rzeczy pojawiaj\u0105 si\u0119 w naszych rozmowach &#8211; wyja\u015bni\u0142. Jak jednak podsumowa\u0142, najbardziej poruszy\u0142a go uwaga znajomego dotycz\u0105ca liczby sezon\u00f3w narciarskich, jakie ma jeszcze przed sob\u0105 &#8211; to by\u0142a pierwsza sytuacja, w kt\u00f3rej realnie poczu\u0142, \u017ce czas biegnie szybciej, ni\u017c mog\u0142oby si\u0119 wydawa\u0107.<\/p>\n","protected":false},"excerpt":{"rendered":"Kuba Badach niedawno zaprezentowa\u0142 swoj\u0105 najnowsz\u0105 solow\u0105 p\u0142yt\u0119 &#8222;Radio Edit&#8221;. Wraz z premier\u0105 albumu pojawi\u0142 si\u0119 te\u017c temat&hellip;\n","protected":false},"author":2,"featured_media":122785,"comment_status":"","ping_status":"","sticky":false,"template":"","format":"standard","meta":{"footnotes":""},"categories":[22],"tags":[122,42,38,40,39,41,123],"class_list":{"0":"post-122784","1":"post","2":"type-post","3":"status-publish","4":"format-standard","5":"has-post-thumbnail","7":"category-rozrywka","8":"tag-entertainment","9":"tag-pl","10":"tag-poland","11":"tag-polish","12":"tag-polska","13":"tag-polski","14":"tag-rozrywka"},"share_on_mastodon":{"url":"https:\/\/pubeurope.com\/@pl\/115627504611404511","error":""},"_links":{"self":[{"href":"https:\/\/www.europesays.com\/pl\/wp-json\/wp\/v2\/posts\/122784","targetHints":{"allow":["GET"]}}],"collection":[{"href":"https:\/\/www.europesays.com\/pl\/wp-json\/wp\/v2\/posts"}],"about":[{"href":"https:\/\/www.europesays.com\/pl\/wp-json\/wp\/v2\/types\/post"}],"author":[{"embeddable":true,"href":"https:\/\/www.europesays.com\/pl\/wp-json\/wp\/v2\/users\/2"}],"replies":[{"embeddable":true,"href":"https:\/\/www.europesays.com\/pl\/wp-json\/wp\/v2\/comments?post=122784"}],"version-history":[{"count":0,"href":"https:\/\/www.europesays.com\/pl\/wp-json\/wp\/v2\/posts\/122784\/revisions"}],"wp:featuredmedia":[{"embeddable":true,"href":"https:\/\/www.europesays.com\/pl\/wp-json\/wp\/v2\/media\/122785"}],"wp:attachment":[{"href":"https:\/\/www.europesays.com\/pl\/wp-json\/wp\/v2\/media?parent=122784"}],"wp:term":[{"taxonomy":"category","embeddable":true,"href":"https:\/\/www.europesays.com\/pl\/wp-json\/wp\/v2\/categories?post=122784"},{"taxonomy":"post_tag","embeddable":true,"href":"https:\/\/www.europesays.com\/pl\/wp-json\/wp\/v2\/tags?post=122784"}],"curies":[{"name":"wp","href":"https:\/\/api.w.org\/{rel}","templated":true}]}}