{"id":122788,"date":"2025-11-28T13:16:13","date_gmt":"2025-11-28T13:16:13","guid":{"rendered":"https:\/\/www.europesays.com\/pl\/122788\/"},"modified":"2025-11-28T13:16:13","modified_gmt":"2025-11-28T13:16:13","slug":"wyciekly-przecieki-z-rozmow-rosja-ma-przewage","status":"publish","type":"post","link":"https:\/\/www.europesays.com\/pl\/122788\/","title":{"rendered":"Wyciek\u0142y przecieki z rozm\u00f3w. Rosja ma przewag\u0119?"},"content":{"rendered":"<p>Najwa\u017cniejsze informacje<\/p>\n<ul>\n<li>Przecieki z\u00a0rozm\u00f3w wskazuj\u0105 na przewag\u0119 Rosji.<\/li>\n<li>Moskwa narzuci\u0142a swoje warunki USA jako punkt wyj\u015bciowy.<\/li>\n<li>Zmiana stanowiska USA wp\u0142ywa na sytuacj\u0119 Ukrainy.<\/li>\n<\/ul>\n<p>Przeciek z\u00a0rozm\u00f3w mi\u0119dzy przedstawicielami USA i\u00a0Rosji zasygnalizowa\u0142 wzrost rosyjskich wp\u0142yw\u00f3w w\u00a0negocjacjach dotycz\u0105cych Ukrainy. Plan opracowany przez Moskw\u0119 sta\u0142 si\u0119 punktem wyj\u015bcia do dyskusji, co wskazuje na przej\u015bciowy sukces Kremla.<\/p>\n<p>Ekspert ds. Ukrainy, Kacper Sienicki, podkre\u015bla dla &#8222;Faktu&#8221;, \u017ce chocia\u017c Rosja osi\u0105gn\u0119\u0142a przewag\u0119, to do ostatecznego zwyci\u0119stwa droga jest jeszcze d\u0142uga.<\/p>\n<p>&#8222;To skandal&#8221;. Musia\u0142a doj\u015b\u0107 do\u00a0paczkomatu Inpost. Oto co\u00a0j\u0105 spotka\u0142o <\/p>\n<p>Wiele wskazuje na to, \u017ce postawa Donalda Trumpa, d\u0105\u017c\u0105ca do szybkiego zako\u0144czenia konfliktu, odgrywa tutaj kluczow\u0105 rol\u0119. Jego polityka transakcyjna zmienia rol\u0119 USA w\u00a0konflikcie, daj\u0105c Rosji pole do umocnienia swojej pozycji.<\/p>\n<p>Rosja, uczestnicz\u0105c w\u00a0inicjatywach pokojowych, nadal nie rozwa\u017ca szybkiego rozwi\u0105zania konfliktu. Sienicki zaznacza, \u017ce Moskwa wykorzystuje obecne okoliczno\u015bci do naciskania na Ukrain\u0119, zmuszaj\u0105c j\u0105 do przyj\u0119cia nieakceptowalnych warunk\u00f3w. Zako\u0144czenie izolacji Kremla jest elementem, na kt\u00f3rym Rosja zdobywa mi\u0119dzynarodowe poparcie.<\/p>\n<p>Podczas negocjacji w\u00a0Genewie uda\u0142o si\u0119 z\u0142agodzi\u0107 niekt\u00f3re najbardziej kontrowersyjne warunki dla Ukrainy. <\/p>\n<p>Najbardziej dra\u017cliwe kwestie, takie jak ust\u0119pstwa terytorialne, zosta\u0142y tymczasowo wycofane, a\u00a0dalsze rozmowy b\u0119d\u0105 kontynuowane z\u00a0udzia\u0142em prezydenta Ze\u0142enskiego i\u00a0Trumpa. Mimo to, Rosja zwi\u0119ksza swoj\u0105 narracyjn\u0105 dominacj\u0119, narzucaj\u0105c \u015bwiatu debat\u0119 o\u00a0pokoju na swoich warunkach.<\/p>\n<p>Podczas negocjacji pomi\u0119dzy Stanami Zjednoczonymi a\u00a0Rosj\u0105 w\u00a0Pentagonie zadecydowano o\u00a0zmianach w\u00a028-punktowym planie pokojowym. Kluczowe jest usuni\u0119cie dziewi\u0105tego punktu, kt\u00f3ry dotyczy\u0142 stacjonowania europejskich my\u015bliwc\u00f3w w\u00a0Polsce.<\/p>\n<p>Jak podkre\u015bli\u0142 Pawe\u0142 Zalewski, wiceminister obrony narodowej, decyzja o\u00a0wykre\u015bleniu tego punktu zosta\u0142a podj\u0119ta w\u00a0ramach rozm\u00f3w maj\u0105cych na celu zapewnienie bezpiecze\u0144stwa w\u00a0regionie. W\u00a0wywiadzie dla RMF24, Zalewski wyja\u015bni\u0142: &#8211;\u00a0Tak, on wypad\u0142. Zosta\u0142 potraktowany jako taki, kt\u00f3ry w\u00a0tego typu dokumencie nie powinien si\u0119 znale\u017a\u0107.<\/p>\n","protected":false},"excerpt":{"rendered":"Najwa\u017cniejsze informacje Przecieki z\u00a0rozm\u00f3w wskazuj\u0105 na przewag\u0119 Rosji. Moskwa narzuci\u0142a swoje warunki USA jako punkt wyj\u015bciowy. Zmiana stanowiska&hellip;\n","protected":false},"author":2,"featured_media":122789,"comment_status":"","ping_status":"","sticky":false,"template":"","format":"standard","meta":{"footnotes":""},"categories":[14],"tags":[32,33,27,34,35,28,31,25,40,41,80,29,30,26,82,83,84],"class_list":{"0":"post-122788","1":"post","2":"type-post","3":"status-publish","4":"format-standard","5":"has-post-thumbnail","7":"category-swiat","8":"tag-breaking-news","9":"tag-breakingnews","10":"tag-headlines","11":"tag-latest-news","12":"tag-latestnews","13":"tag-naglowki","14":"tag-najwazniejsze-artykuly","15":"tag-news","16":"tag-polish","17":"tag-polski","18":"tag-swiat","19":"tag-top-stories","20":"tag-topstories","21":"tag-wiadomosci","22":"tag-world","23":"tag-world-news","24":"tag-worldnews"},"share_on_mastodon":{"url":"https:\/\/pubeurope.com\/@pl\/115627516793405987","error":""},"_links":{"self":[{"href":"https:\/\/www.europesays.com\/pl\/wp-json\/wp\/v2\/posts\/122788","targetHints":{"allow":["GET"]}}],"collection":[{"href":"https:\/\/www.europesays.com\/pl\/wp-json\/wp\/v2\/posts"}],"about":[{"href":"https:\/\/www.europesays.com\/pl\/wp-json\/wp\/v2\/types\/post"}],"author":[{"embeddable":true,"href":"https:\/\/www.europesays.com\/pl\/wp-json\/wp\/v2\/users\/2"}],"replies":[{"embeddable":true,"href":"https:\/\/www.europesays.com\/pl\/wp-json\/wp\/v2\/comments?post=122788"}],"version-history":[{"count":0,"href":"https:\/\/www.europesays.com\/pl\/wp-json\/wp\/v2\/posts\/122788\/revisions"}],"wp:featuredmedia":[{"embeddable":true,"href":"https:\/\/www.europesays.com\/pl\/wp-json\/wp\/v2\/media\/122789"}],"wp:attachment":[{"href":"https:\/\/www.europesays.com\/pl\/wp-json\/wp\/v2\/media?parent=122788"}],"wp:term":[{"taxonomy":"category","embeddable":true,"href":"https:\/\/www.europesays.com\/pl\/wp-json\/wp\/v2\/categories?post=122788"},{"taxonomy":"post_tag","embeddable":true,"href":"https:\/\/www.europesays.com\/pl\/wp-json\/wp\/v2\/tags?post=122788"}],"curies":[{"name":"wp","href":"https:\/\/api.w.org\/{rel}","templated":true}]}}