{"id":122794,"date":"2025-11-28T13:19:13","date_gmt":"2025-11-28T13:19:13","guid":{"rendered":"https:\/\/www.europesays.com\/pl\/122794\/"},"modified":"2025-11-28T13:19:13","modified_gmt":"2025-11-28T13:19:13","slug":"swiatek-na-wakacjach-ale-oglosili-starcie-z-sabalenka-gauff-i-zwolinska","status":"publish","type":"post","link":"https:\/\/www.europesays.com\/pl\/122794\/","title":{"rendered":"\u015awi\u0105tek na wakacjach, ale og\u0142osili &#8222;starcie&#8221; z Sabalenk\u0105, Gauff i Zwoli\u0144sk\u0105"},"content":{"rendered":"<p class=\"typography ids-typeset-body ids-typeset-body--preset-large link paragraph ids-paragraph ids-paragraph--default\">Iga \u015awi\u0105tek jest jedn\u0105 z kandydatek do zdobycia tytu\u0142u najlepszej sportsmenki roku w plebiscycie \u015awiatowego Stowarzyszenia Prasy Sportowej (AIPS). Przypomnijmy, \u017ce w 2023 r. zaj\u0119\u0142a sz\u00f3ste miejsce, a rok temu &#8211; dziesi\u0105te. Z jej dotychczas zg\u0142oszonych rywalek dwie to tenisistki &#8211; Aryna Sabalenka i Coco Gauff.\u00a0Najlepsza tr\u00f3jka \u015bwiatowego rankingu WTA znalaz\u0142a si\u0119 wi\u0119c w komplecie.<\/p>\n<p class=\"typography ids-typeset-body ids-typeset-body--preset-large link paragraph ids-paragraph ids-paragraph--default\">W zako\u0144czonym sezonie raszynianka wygra\u0142a na Wimbledonie, w Cincinnati i w Seulu. Bia\u0142orusinka by\u0142a najlepsza w Brisbane, Miami, Madrycie i w US Open. Amerykanka podbi\u0142a z kolei Rolanda Garrosa i Wuhan.<\/p>\n<p>Dwie Polki powalcz\u0105 o nagrod\u0119 \u015awiatowego Stowarzyszenia Prasy Sportowej. Mocna konkurencja<\/p>\n<p class=\"typography ids-typeset-body ids-typeset-body--preset-large link paragraph ids-paragraph ids-paragraph--default\">Co cieszy, doceniono Klaudi\u0119 Zwoli\u0144sk\u0105. Wydaje si\u0119, \u017ce jej tegoroczne sukcesy nie odbi\u0142y si\u0119 w Polsce tak mocnym echem, jakim powinny. Kajakarka si\u0119gn\u0119\u0142a na mistrzostwach \u015bwiata po dwa z\u0142ote medale i jeden br\u0105zowy.<\/p>\n<p class=\"typography ids-typeset-body ids-typeset-body--preset-large link paragraph ids-paragraph ids-paragraph--default\">W gronie nominowanych s\u0105 te\u017c Femke Bol, Aitana Bonmati, Federica Brignone, Faith Kipyegon czy Nika Prevc.<\/p>\n<p class=\"typography ids-typeset-body ids-typeset-body--preset-large link paragraph ids-paragraph ids-paragraph--default\">Grono elektor\u00f3w to dziennikarze posiadaj\u0105cy kart\u0119 AIPS. Czas na podj\u0119cie decyzji maj\u0105 do 29 grudnia i godziny 23:59 &#8211; wybra\u0107 musz\u0105 tak\u017ce sportowca roku, najlepsza impreza roku oraz impreza z najlepszymi warunkami pracy dla medi\u00f3w.<\/p>\n<p class=\"typography ids-typeset-body ids-typeset-body--preset-large link paragraph ids-paragraph ids-paragraph--default\">Wed\u0142ug danych dwa lata temu w plebiscycie g\u0142osowa\u0142o 405 pracownik\u00f3w z prasy, radia, telewizji oraz fotoreporter\u00f3w ze 107 kraj\u00f3w. AIPS, kt\u00f3re w 2024 roku obchodzi\u0142o setn\u0105 rocznic\u0119 powstania, za\u0142o\u017cyli mi\u0119dzy innymi Polacy relacjonuj\u0105cy przebieg igrzysk w Pary\u017cu 1924.<\/p>\n<p>Czy Iga \u015awi\u0105tek to najwi\u0119ksza polska sportsmenka wszech czas\u00f3w? Dyskusja w studiuPolsat SportPolsat Sport<\/p>\n<p><img decoding=\"async\" class=\"ids-image-holder__img\" loading=\"lazy\" alt=\"Iga \u015awi\u0105tek i Aryna Sabalenka to najlepsze tenisistki sezonu 2024 w rozgrywkach WTA\" title=\"Iga \u015awi\u0105tek i Aryna Sabalenka to najlepsze tenisistki sezonu 2024 w rozgrywkach WTA\" width=\"3000\" height=\"2000\" src=\"https:\/\/www.europesays.com\/pl\/wp-content\/uploads\/2025\/11\/000K0BDU03G0L4P9-C322-F4.webp.webp\"\/><\/p>\n<p>Iga \u015awi\u0105tek i Aryna Sabalenka to najlepsze tenisistki sezonu 2024 w rozgrywkach WTAANGELA WEISS \/ WANG ZHAO \/ AFPAFP<\/p>\n<p><img decoding=\"async\" class=\"ids-image-holder__img\" loading=\"lazy\" alt=\"Tenisistka w bia\u0142ej opasce i jasnej sportowej koszulce pokazuje zacisni\u0119t\u0105 pi\u0119\u015b\u0107 w ge\u015bcie determinacji podczas meczu na tle ciemnoniebieskiego kortu.\" title=\"Coco Gauff w Chinach\" width=\"3500\" height=\"2333\" src=\"https:\/\/www.europesays.com\/pl\/wp-content\/uploads\/2025\/11\/000LRRTBCCM4P95X-C322-F4.webp.webp\"\/><\/p>\n<p>Coco Gauff w ChinachWU ZHIZUNAFP<\/p>\n<p><img decoding=\"async\" class=\"ids-image-holder__img\" loading=\"lazy\" alt=\"Kobieta w czerwonym stroju sportowym z medalem na szyi trzymaj\u0105ca bukiet kwiat\u00f3w, t\u0142o z kolorowym napisem sugeruje ceremoni\u0119 wr\u0119czenia nagr\u00f3d.\" title=\"Klaudia Zwoli\u0144ska - jedna z nominowanych w plebiscycie &quot;As Sportu&quot;\" width=\"5500\" height=\"3667\" src=\"https:\/\/www.europesays.com\/pl\/wp-content\/uploads\/2025\/11\/000LX6XLPA9JVSFP-C322-F4.webp.webp\"\/><\/p>\n<p>Klaudia Zwoli\u0144ska &#8211; jedna z nominowanych w plebiscycie &#8222;As Sportu&#8221;SAEED KHANAFP<\/p>\n<p><a class=\"ids-undecorated-link source ids-page-info--source__link\" href=\"https:\/\/www.interia.pl\" rel=\"nofollow noopener\" target=\"_blank\"><img decoding=\"async\" class=\"ids-image-holder__img\" loading=\"lazy\" alt=\"\" title=\"\" height=\"24px\" src=\"https:\/\/www.europesays.com\/pl\/wp-content\/uploads\/2025\/11\/1763998694_431_0009A60QQ5I2TYF7-C202-F4.webp.webp\"\/><\/a><\/p>\n<p>Masz sugestie, uwagi albo widzisz b\u0142\u0105d? Napisz do nas<\/p>\n","protected":false},"excerpt":{"rendered":"Iga \u015awi\u0105tek jest jedn\u0105 z kandydatek do zdobycia tytu\u0142u najlepszej sportsmenki roku w plebiscycie \u015awiatowego Stowarzyszenia Prasy Sportowej&hellip;\n","protected":false},"author":2,"featured_media":122795,"comment_status":"","ping_status":"","sticky":false,"template":"","format":"standard","meta":{"footnotes":""},"categories":[24],"tags":[42,38,40,39,41,127,126],"class_list":{"0":"post-122794","1":"post","2":"type-post","3":"status-publish","4":"format-standard","5":"has-post-thumbnail","7":"category-sport","8":"tag-pl","9":"tag-poland","10":"tag-polish","11":"tag-polska","12":"tag-polski","13":"tag-sport","14":"tag-sports"},"share_on_mastodon":{"url":"https:\/\/pubeurope.com\/@pl\/115627529136728306","error":""},"_links":{"self":[{"href":"https:\/\/www.europesays.com\/pl\/wp-json\/wp\/v2\/posts\/122794","targetHints":{"allow":["GET"]}}],"collection":[{"href":"https:\/\/www.europesays.com\/pl\/wp-json\/wp\/v2\/posts"}],"about":[{"href":"https:\/\/www.europesays.com\/pl\/wp-json\/wp\/v2\/types\/post"}],"author":[{"embeddable":true,"href":"https:\/\/www.europesays.com\/pl\/wp-json\/wp\/v2\/users\/2"}],"replies":[{"embeddable":true,"href":"https:\/\/www.europesays.com\/pl\/wp-json\/wp\/v2\/comments?post=122794"}],"version-history":[{"count":0,"href":"https:\/\/www.europesays.com\/pl\/wp-json\/wp\/v2\/posts\/122794\/revisions"}],"wp:featuredmedia":[{"embeddable":true,"href":"https:\/\/www.europesays.com\/pl\/wp-json\/wp\/v2\/media\/122795"}],"wp:attachment":[{"href":"https:\/\/www.europesays.com\/pl\/wp-json\/wp\/v2\/media?parent=122794"}],"wp:term":[{"taxonomy":"category","embeddable":true,"href":"https:\/\/www.europesays.com\/pl\/wp-json\/wp\/v2\/categories?post=122794"},{"taxonomy":"post_tag","embeddable":true,"href":"https:\/\/www.europesays.com\/pl\/wp-json\/wp\/v2\/tags?post=122794"}],"curies":[{"name":"wp","href":"https:\/\/api.w.org\/{rel}","templated":true}]}}