{"id":122806,"date":"2025-11-28T13:26:12","date_gmt":"2025-11-28T13:26:12","guid":{"rendered":"https:\/\/www.europesays.com\/pl\/122806\/"},"modified":"2025-11-28T13:26:12","modified_gmt":"2025-11-28T13:26:12","slug":"kuriozalny-powod-nieobecnosci-walukiewicza-na-kadrze","status":"publish","type":"post","link":"https:\/\/www.europesays.com\/pl\/122806\/","title":{"rendered":"Kuriozalny pow\u00f3d nieobecno\u015bci Walukiewicza na kadrze"},"content":{"rendered":"<p class=\"p1\">Sebastian Walukiewicz otrzymuje tytu\u0142 gapy roku w\u00a0polskiej pi\u0142ce. Obro\u0144ca Sassuolo by\u0142by powo\u0142any na\u00a0ostatnie zgrupowanie reprezentacji Polski, gdyby\u2026 odebra\u0142 telefon od\u00a0sztabu. Pi\u0142karz postanowi\u0142 jednak nie\u00a0dawa\u0107\u00a0znaku \u017cycia i\u00a0zaproszenie na\u00a0kadr\u0119\u00a0mu przepad\u0142o. Histori\u0119, kt\u00f3ra\u00a0kr\u0105\u017cy\u0142a w\u00a0mediach od\u00a0jakiego\u015b\u00a0czasu, potwierdzi\u0142 Jan Urban.<\/p>\n<p class=\"p1\">Walukiewicz nie\u00a0znalaz\u0142 si\u0119\u00a0pierwotnie w\u015br\u00f3d powo\u0142anych, ale\u00a0m\u00f3g\u0142 wskoczy\u0107 w\u00a0miejsce kontuzjowanego Jana Bednarka. Selekcjoner chcia\u0142 powo\u0142a\u0107 kogo\u015b awaryjnie na\u00a0jego miejsce i\u00a0wyb\u00f3r pad\u0142 na\u00a0obro\u0144c\u0119 Serie A. Ten jednak nie\u00a0podni\u00f3s\u0142 s\u0142uchawki, a\u00a0na\u00a0zgrupowaniu zjawi\u0142 si\u0119\u00a0finalnie Bartosz Bereszy\u0144ski.<\/p>\n<p>Kuriozalny pow\u00f3d nieobecno\u015bci Walukiewicza na\u00a0kadrze<\/p>\n<p class=\"p1\">Tak\u0105\u00a0wersj\u0119\u00a0wydarze\u0144 wyjawi\u0142 na\u00a0\u015bwiat\u0142o dzienne Piotr Dumanowski z\u00a0Eleven Sports i\u00a0zosta\u0142a ona potwierdzona przez\u00a0Jana Urbana w\u00a0wywiadzie WP Sportowych Fakt\u00f3w.<\/p>\n<blockquote class=\"twitter-tweet\">\n<p dir=\"ltr\" lang=\"pl\">Walukiewicz NIE\u00a0DOSTA\u0141 powo\u0142ania, bo\u2026 NIE\u00a0ODEBRA\u0141 telefonu?! \ud83e\uddd0 Selekcjoner Jan Urban ujawni\u0142 kulisy w\u00a0rozmowie z\u00a0<a href=\"https:\/\/twitter.com\/MSkwierawski?ref_src=twsrc%5Etfw\" target=\"_blank\" rel=\"noopener noreferrer nofollow\">@MSkwierawski<\/a> \u26bd\ufe0f\ud83c\uddf5\ud83c\uddf1 <a href=\"https:\/\/t.co\/Ichbcz0fhz\" target=\"_blank\" rel=\"noopener noreferrer nofollow\">pic.twitter.com\/Ichbcz0fhz<\/a><\/p>\n<p>\u2014\u00a0WP SportoweFakty (@WPSportoweFakty) <a href=\"https:\/\/twitter.com\/WPSportoweFakty\/status\/1994049046445461899?ref_src=twsrc%5Etfw\" target=\"_blank\" rel=\"noopener noreferrer nofollow\">November 27, 2025<\/a><\/p>\n<\/blockquote>\n<p class=\"p1\">Prowadz\u0105cy rozmow\u0119\u00a0Mateusz Skwierawski spyta\u0142: \u2013 Czy\u00a0to\u00a0prawda, \u017ce\u00a0Walukiewicz nie\u00a0odebra\u0142 telefonu i\u00a0dlatego nie\u00a0znalaz\u0142 si\u0119 na\u00a0zgrupowaniu?<\/p>\n<p>\u2013 Mam nadziej\u0119, \u017ce\u00a0ju\u017c go\u00a0na\u0142adowa\u0142. Bateria mo\u017ce mu\u00a0posz\u0142a \u2013 odpowiedzia\u0142 Urban, dodaj\u0105c po\u00a0chwili, \u017ce\u00a0cz\u0142onkom jego sztabu faktycznie nie\u00a0uda\u0142o si\u0119 nawi\u0105za\u0107 kontaktu z\u00a0obro\u0144c\u0105.<\/p>\n<p class=\"p1\">Urban liczy\u0142 na\u00a0to, \u017ce\u00a0Walukiewicz b\u0119dzie odbiera\u0142 pi\u0142k\u0119 Holendrom, ale\u00a0\u2013 jak wida\u0107 \u2013 p\u00f3ki co\u00a0przerasta go\u00a0odebranie po\u0142\u0105czenia telefonicznego.<\/p>\n<p>*Bawisz si\u0119 w\u00a0zak\u0142ady bukmacherskie? Przewidywanie wynik\u00f3w bywa gr\u0105 nerw\u00f3w i\u00a0intuicji. Dla tych, kt\u00f3rzy\u00a0lubi\u0105 takie wyzwania, istniej\u0105 opcje jak <a href=\"https:\/\/weszlo.com\/zaklad-bez-ryzyka-cashback\/\" target=\"_blank\" rel=\"noopener nofollow\">zak\u0142ad bez\u00a0ryzyka<\/a> czy\u00a0<a href=\"https:\/\/weszlo.com\/freebety-bonusy-bez-depozytu\/\" target=\"_blank\" rel=\"noopener nofollow\">freebet bez\u00a0depozytu<\/a>, pozwalaj\u0105ce sprawdzi\u0107 swoje typy bez\u00a0du\u017cego ryzyka finansowego.<\/p>\n<p>WI\u0118CEJ O\u00a0REPREZENTACJI POLSKI:\u00a0<\/p>\n<p>Fot.\u00a0newspix.pl<\/p>\n<p>                    <script async src=\"https:\/\/platform.twitter.com\/widgets.js\" charset=\"utf-8\"><\/script><\/p>\n","protected":false},"excerpt":{"rendered":"Sebastian Walukiewicz otrzymuje tytu\u0142 gapy roku w\u00a0polskiej pi\u0142ce. Obro\u0144ca Sassuolo by\u0142by powo\u0142any na\u00a0ostatnie zgrupowanie reprezentacji Polski, gdyby\u2026 odebra\u0142&hellip;\n","protected":false},"author":2,"featured_media":122807,"comment_status":"","ping_status":"","sticky":false,"template":"","format":"standard","meta":{"footnotes":""},"categories":[24],"tags":[2745,42,38,40,39,41,537,21938,127,126],"class_list":{"0":"post-122806","1":"post","2":"type-post","3":"status-publish","4":"format-standard","5":"has-post-thumbnail","7":"category-sport","8":"tag-jan-urban","9":"tag-pl","10":"tag-poland","11":"tag-polish","12":"tag-polska","13":"tag-polski","14":"tag-reprezentacja-polski","15":"tag-sebastian-walukiewicz","16":"tag-sport","17":"tag-sports"},"share_on_mastodon":{"url":"https:\/\/pubeurope.com\/@pl\/115627555704651252","error":""},"_links":{"self":[{"href":"https:\/\/www.europesays.com\/pl\/wp-json\/wp\/v2\/posts\/122806","targetHints":{"allow":["GET"]}}],"collection":[{"href":"https:\/\/www.europesays.com\/pl\/wp-json\/wp\/v2\/posts"}],"about":[{"href":"https:\/\/www.europesays.com\/pl\/wp-json\/wp\/v2\/types\/post"}],"author":[{"embeddable":true,"href":"https:\/\/www.europesays.com\/pl\/wp-json\/wp\/v2\/users\/2"}],"replies":[{"embeddable":true,"href":"https:\/\/www.europesays.com\/pl\/wp-json\/wp\/v2\/comments?post=122806"}],"version-history":[{"count":0,"href":"https:\/\/www.europesays.com\/pl\/wp-json\/wp\/v2\/posts\/122806\/revisions"}],"wp:featuredmedia":[{"embeddable":true,"href":"https:\/\/www.europesays.com\/pl\/wp-json\/wp\/v2\/media\/122807"}],"wp:attachment":[{"href":"https:\/\/www.europesays.com\/pl\/wp-json\/wp\/v2\/media?parent=122806"}],"wp:term":[{"taxonomy":"category","embeddable":true,"href":"https:\/\/www.europesays.com\/pl\/wp-json\/wp\/v2\/categories?post=122806"},{"taxonomy":"post_tag","embeddable":true,"href":"https:\/\/www.europesays.com\/pl\/wp-json\/wp\/v2\/tags?post=122806"}],"curies":[{"name":"wp","href":"https:\/\/api.w.org\/{rel}","templated":true}]}}